{"id":66812,"date":"2023-09-18T22:18:00","date_gmt":"2023-09-18T22:18:00","guid":{"rendered":"https:\/\/fm-comunicar.com.ar\/contenido\/20700\/las-zumberas-ganaron-dos-premios-y-una-mencion-especial-en-un-concurso-de-baile"},"modified":"2023-09-18T22:18:00","modified_gmt":"2023-09-18T22:18:00","slug":"las-zumberas-ganaron-dos-premios-y-una-mencion-especial-en-un-concurso-de-baile","status":"publish","type":"post","link":"http:\/\/hoycordobaweb.com\/index.php\/2023\/09\/18\/las-zumberas-ganaron-dos-premios-y-una-mencion-especial-en-un-concurso-de-baile\/","title":{"rendered":"Las Zumberas ganaron dos premios y una menci\u00f3n especial en un concurso de baile"},"content":{"rendered":"<p>El espacio coordinado por la Prof. Lorena Gozzi particip\u00f3 nuevamente del certamen organizado por Flavio Mendoza y en diciembre viajar\u00e1n al Luna Park de Buenos Aires.<img src=\"http:\/\/hoycordobaweb.com\/wp-content\/uploads\/2023\/09\/las-zumberas-ganaron-dos-premios-y-una-mencion-especial-en-un-concurso-de-baile.jpg\"><\/p>\n","protected":false},"excerpt":{"rendered":"<p>El espacio coordinado por la Prof. Lorena Gozzi particip\u00f3 nuevamente del certamen organizado por Flavio Mendoza y en diciembre viajar\u00e1n al Luna Park de Buenos Aires.<\/p>\n","protected":false},"author":1,"featured_media":66813,"comment_status":"closed","ping_status":"closed","sticky":false,"template":"","format":"standard","meta":[],"categories":[18],"tags":[],"_links":{"self":[{"href":"http:\/\/hoycordobaweb.com\/index.php\/wp-json\/wp\/v2\/posts\/66812"}],"collection":[{"href":"http:\/\/hoycordobaweb.com\/index.php\/wp-json\/wp\/v2\/posts"}],"about":[{"href":"http:\/\/hoycordobaweb.com\/index.php\/wp-json\/wp\/v2\/types\/post"}],"author":[{"embeddable":true,"href":"http:\/\/hoycordobaweb.com\/index.php\/wp-json\/wp\/v2\/users\/1"}],"replies":[{"embeddable":true,"href":"http:\/\/hoycordobaweb.com\/index.php\/wp-json\/wp\/v2\/comments?post=66812"}],"version-history":[{"count":0,"href":"http:\/\/hoycordobaweb.com\/index.php\/wp-json\/wp\/v2\/posts\/66812\/revisions"}],"wp:featuredmedia":[{"embeddable":true,"href":"http:\/\/hoycordobaweb.com\/index.php\/wp-json\/wp\/v2\/media\/66813"}],"wp:attachment":[{"href":"http:\/\/hoycordobaweb.com\/index.php\/wp-json\/wp\/v2\/media?parent=66812"}],"wp:term":[{"taxonomy":"category","embeddable":true,"href":"http:\/\/hoycordobaweb.com\/index.php\/wp-json\/wp\/v2\/categories?post=66812"},{"taxonomy":"post_tag","embeddable":true,"href":"http:\/\/hoycordobaweb.com\/index.php\/wp-json\/wp\/v2\/tags?post=66812"}],"curies":[{"name":"wp","href":"https:\/\/api.w.org\/{rel}","templated":true}]}}