{"id":66803,"date":"2023-09-18T16:52:00","date_gmt":"2023-09-18T16:52:00","guid":{"rendered":"http:\/\/hoycordobaweb.com\/index.php\/2023\/09\/18\/comenzo-a-regir-el-reintegro-del-iva-para-productos-de-la-canasta-basica\/"},"modified":"2023-09-18T16:52:00","modified_gmt":"2023-09-18T16:52:00","slug":"comenzo-a-regir-el-reintegro-del-iva-para-productos-de-la-canasta-basica","status":"publish","type":"post","link":"http:\/\/hoycordobaweb.com\/index.php\/2023\/09\/18\/comenzo-a-regir-el-reintegro-del-iva-para-productos-de-la-canasta-basica\/","title":{"rendered":"Comenz\u00f3 a regir el reintegro del IVA para productos de la canasta b\u00e1sica"},"content":{"rendered":"<p><img src=\"http:\/\/hoycordobaweb.com\/wp-content\/uploads\/2023\/09\/comenzo-a-regir-el-reintegro-del-iva-para-productos-de-la-canasta-basica.jpg\"><\/p>\n<figure class=\"mb-3\"><img loading=\"lazy\" data-src=\"http:\/\/hoycordobaweb.com\/wp-content\/uploads\/2023\/09\/comenzo-a-regir-el-reintegro-del-iva-para-productos-de-la-canasta-basica-2.jpg\" src=\"https:\/\/www.telam.com.ar\/assets\/img\/not_image.png\" class=\" lazy \" width=\"100%\" height=\"100%\" alt=\"El tope de ingresos para acceder al beneficio en el caso de los trabajadores es de 708000 y de 52475856 para los jubilados Foto Prensa Economa\"><figcaption> El tope de ingresos para acceder al beneficio en el caso de los trabajadores es de $ 708.000 y de $ 524.758,56 para los jubilados \/ Foto: Prensa Econom\u00eda. <\/figcaption><\/figure>\n<p>El programa Compre sin IVA, de <strong>devoluci\u00f3n de ese tributo hasta $ 18.800 en adquisiciones de productos de la canasta b\u00e1sica<\/strong> a trabajadores de menores ingresos, comenz\u00f3 a regir este lunes en todo el pa\u00eds, medida que beneficiar\u00e1 a m\u00e1s de 20 millones de personas, seg\u00fan precis\u00f3 el administrador federal de Ingresos P\u00fablicos, Carlos Castagneto.<\/p>\n<p>Castagneto afirm\u00f3 que el programa permitir\u00e1 una mayor formalizaci\u00f3n de la econom\u00eda con la incorporaci\u00f3n de negocios sin registrar ante el fisco, y precis\u00f3 que, al igual que con la suba del m\u00ednimo no imponible de Ganancias, la devoluci\u00f3n del IVA quedar\u00e1 plasmada en un proyecto de ley.<\/p>\n<blockquote class><p>\u00abLas compras que se hagan hasta las 17 tendr\u00e1n su IVA reintegrado en 24 horas, en tanto que ser\u00e1 de 48 horas para las operaciones posteriores a esa hora\u00bb<cite class=\"author\">Carlos Castagneto, titular de la AFIP<\/cite><\/p><\/blockquote>\n<p>En declaraciones a AM 530, el funcionario explic\u00f3 adem\u00e1s que <strong>la AFIP est\u00e1 fiscalizando el funcionamiento de muchos comercios<\/strong> y pidi\u00f3 que, para evitar situaciones esquivas en el uso del posnet, \u00absugerimos que lo tengan a la vista\u00bb.<\/p>\n<p>\u00abLa devoluci\u00f3n de IVA que comenz\u00f3 hoy beneficiar\u00e1 a m\u00e1s de 20 millones de personas\u00bb, asever\u00f3 el titular del organismo fiscalizador, quien record\u00f3 que el mecanismo aplicar\u00e1 a las compras realizadas con tarjeta de d\u00e9bito.<\/p>\n<p>En cuanto <strong>a los tiempos de reintegro del IVA<\/strong>, remarc\u00f3 que \u00ablas compras que se hagan hasta las 17 tendr\u00e1n su IVA reintegrado en 24 horas, en tanto que ser\u00e1 de 48 horas para las operaciones posteriores a esa hora\u00bb.<\/p>\n<p>El funcionario indic\u00f3 que, por el momento, <strong>se aplicar\u00e1 la medida a compras que se hagan con \u00abtarjeta de d\u00e9bito y a trav\u00e9s de la cuenta DNI (Banco Provincia)<\/strong>\u00ab, aunque record\u00f3 que se llevan adelante negociaciones para incorporar a las billeteras virtuales.<\/p>\n<figure class=\"mb-3\"><img loading=\"lazy\" data-src=\"http:\/\/hoycordobaweb.com\/wp-content\/uploads\/2023\/09\/comenzo-a-regir-el-reintegro-del-iva-para-productos-de-la-canasta-basica-3.jpg\" src=\"https:\/\/www.telam.com.ar\/assets\/img\/not_image.png\" class=\" lazy \" width=\"100%\" height=\"100%\" alt=\"El titular de la AFIP Carlos Castagneto estim que la medida beneficiar a ms de 20 millones de personas Foto Archivo\"><figcaption> El titular de la AFIP, Carlos Castagneto, estim\u00f3 que la medida beneficiar\u00e1 a \u00abm\u00e1s de 20 millones de personas\u00bb \/ Foto: Archivo. <\/figcaption><\/figure>\n<p><\/p>\n<h2 class>Un alivio al bolsillo<\/h2>\n<p>La medida se public\u00f3 el s\u00e1bado en una edici\u00f3n extraordinaria del <strong>Bolet\u00edn Oficial<\/strong> junto a la reglamentaci\u00f3n dispuesta por la <strong>Administraci\u00f3n Federal de Ingresos P\u00fablicos<\/strong> (AFIP) en la resoluci\u00f3n general 5418\/2023.<\/p>\n<p><strong>Establece la devoluci\u00f3n de la totalidad del IVA de los productos de la canasta b\u00e1sica, afectados en su mayor\u00eda por una al\u00edcuota del 21%<\/strong>, y tiene un tope de reintegro mensual de $ 18.800.<\/p>\n<p>En cuanto al universo de beneficiarios, abarca a trabajadores en relaci\u00f3n de dependencia con ingresos de hasta seis Salarios M\u00ednimos, Vitales y M\u00f3viles, as\u00ed como quienes perciban jubilaciones, pensiones por fallecimiento y pensiones no contributivas nacionales con un m\u00e1ximo de seis haberes m\u00ednimos.<\/p>\n<blockquote class><p>El programa abarca a trabajadores en relaci\u00f3n de dependencia con ingresos de hasta seis Salarios m\u00ednimos as\u00ed como a quienes perciban jubilaciones, pensiones por fallecimiento y pensiones no contributivas nacionales<\/p><\/blockquote>\n<p>De esta forma, <strong>el tope de ingresos para acceder al beneficio en el caso de los trabajadores es de $ 708.000 y de $ 524.758,56 para los jubilados<\/strong>.<\/p>\n<p>Tambi\u00e9n<strong> pueden acceder a la devoluci\u00f3n del IVA el personal de casas particulares<\/strong> encuadradas en el r\u00e9gimen especial de la actividad, <strong>monotributistas de todas las categor\u00edas, y beneficiarios de la Tarjeta Alimentar o de las tarjetas emitidas del Programa Potenciar Trabajo<\/strong>.<\/p>\n<div class=\"jumbotron pt-4 mt-3\" readability=\"39\">\n<h3 class=\"module-title\">Una mejora del 7,2% en un salario medio<\/h3>\n<p>La implementaci\u00f3n del programa Compre sin IVA <strong>representar\u00e1 una mejora del orden del 7,2%<\/strong> para un salario medio, de acuerdo con las estimaciones realizadas por la consultora Sarand\u00ed.<\/p>\n<p>\u00abEsta iniciativa verifica un efecto progresivo en su incidencia econ\u00f3mica y evita dificultades de implementaci\u00f3n para la identificaci\u00f3n de beneficiarios o efectivizaci\u00f3n de los pagos\u00bb, sostuvo en su an\u00e1lisis la entidad dirigida por el economista Sergio Chouza.<\/p>\n<p>Sarand\u00ed prev\u00e9 que el programa de reintegros del IVA derivar\u00e1 <strong>en un incremento del gasto de poco m\u00e1s de 0,6% del PBI<\/strong>, \u00abasumiendo el escenario m\u00e1s oneroso en que se alcance de forma plena el universo potencial de 21,7 millones de personas\u00bb y que en todos los casos se realicen compras que obliguen al tope mensual de devoluci\u00f3n de $ 18.800.<\/p>\n<p>\u00abPara un salario medio la devoluci\u00f3n implicar\u00e1 una mejora del orden del 7,2%\u00bb, consider\u00f3, al tiempo que destac\u00f3 a \u00abla formalizaci\u00f3n de muchas operaciones comerciales\u00bb como \u00abventaja adicional\u00bb del programa.<\/p>\n<p>Al respecto, evalu\u00f3 que \u00abpor el lado de la demanda, <strong>probablemente genere una sustituci\u00f3n en el uso de efectivo<\/strong> en favor de pagos con tarjetas de d\u00e9bito\u00bb, mientras que desde la oferta \u00absurgir\u00e1n incentivos a promocionar el uso del posnet, para poder capturar a los compradores \u00e1vidos de aprovechar el reintegro\u00bb.<\/p>\n<\/p><\/div>\n<p><strong>Quedan exceptuados los contribuyentes del Impuesto a los Bienes Personales<\/strong>, siempre y cuando no paguen el tributo s\u00f3lo por la tenencia de un inmueble para vivienda \u00fanica, y los trabajadores aut\u00f3nomos.<\/p>\n<p>Hasta este domingo, el reintegro -de s\u00f3lo 15 puntos porcentuales del IVA- reg\u00eda \u00fanicamente para jubilados de hasta tres haberes m\u00ednimos (con tope de $ 18.000 mensuales), beneficiarios de las asignaciones universales por hijo (AUH), por embarazo (AUE) y pensiones no contributivas, con techo, en estos tres \u00faltimos casos, de $ 4.056.<\/p>\n<figure class=\"mb-3\"><img loading=\"lazy\" data-src=\"http:\/\/hoycordobaweb.com\/wp-content\/uploads\/2023\/09\/comenzo-a-regir-el-reintegro-del-iva-para-productos-de-la-canasta-basica-4.jpg\" src=\"https:\/\/www.telam.com.ar\/assets\/img\/not_image.png\" class=\" lazy \" width=\"100%\" height=\"100%\" alt=\"Luego de la transaccin el monto se reintegra a la cuenta bancaria asociada a dicha tarjeta en un mximo de 48 horas Foto Prensa AFIP\"><figcaption> Luego de la transacci\u00f3n, el monto se reintegra a la cuenta bancaria asociada a dicha tarjeta en un m\u00e1ximo de 48 horas \/ Foto: Prensa AFIP. <\/figcaption><\/figure>\n<p><\/p>\n<h2 class>C\u00f3mo se hacen los reintegros<\/h2>\n<p>Para acceder al beneficio se debe abonar con tarjeta de d\u00e9bito f\u00edsicas de Pago Electr\u00f3nico Inmediato (PEI) o a trav\u00e9s de pagos con d\u00e9bito con c\u00f3digos QR.<\/p>\n<p><strong>Luego de la transacci\u00f3n, el monto se reintegra a la cuenta bancaria asociada a dicha tarjeta en un m\u00e1ximo de 48 horas<\/strong>: dentro de las 24 horas para las compras realizadas entre las 0 y las 17 del mismo d\u00eda, y dentro de las 48 horas para las realizadas despu\u00e9s de las 17.<\/p>\n<blockquote class><p>Para acceder al beneficio se debe abonar con tarjeta de d\u00e9bito f\u00edsicas de Pago Electr\u00f3nico Inmediato (PEI) o a trav\u00e9s de pagos con d\u00e9bito con c\u00f3digos QR<\/p><\/blockquote>\n<p>Una vez realizados los reintegros, estos aparecer\u00e1n en los res\u00famenes de cuenta de cada mes con el identificador \u00abReintegro programa Compre sin IVA\u00bb.<\/p>\n<p>Se puede acceder al beneficio <strong>en los comercios registrados ante la AFIP bajo 25 nomencladores de actividades econ\u00f3micas<\/strong>, incluyendo mayoristas, hipermercados, supermercados, minimercados, fiambrer\u00edas, almacenes, diet\u00e9ticas, carnicer\u00edas, pescader\u00edas, verduler\u00edas, mercados y puestos m\u00f3viles; y comercios alimenticios especializados.<\/p>\n<p>La iniciativa se extiende hasta el 31 de diciembre pr\u00f3ximo, y busca \u00abmejorar el ingreso disponible y, consecuentemente, la capacidad de compra de los sectores m\u00e1s vulnerables, quienes destinan al consumo de bienes de primera necesidad, la totalidad o gran parte de los ingresos\u00bb.<\/p>\n<div class=\"jumbotron pt-4 mt-3\" readability=\"27\">\n<h3 class=\"module-title\">Al Congreso<\/h3>\n<p>En declaraciones a FutuR\u00f6ck, Castagneto confirm\u00f3 que, del mismo modo que se hizo con las modificaciones al impuesto a las Ganancias,<strong> el programa Compre sin IVA ser\u00e1 parte de un proyecto de ley que se remitir\u00e1 al Congreso<\/strong>.<\/p>\n<p>\u201cIgual que Ganancias se va a presentar un proyecto de ley para dejar instaurada la medida de devoluci\u00f3n del IVA. Tambi\u00e9n estamos trabajando con el tema aut\u00f3nomos por indicaci\u00f3n de (el ministro de Econom\u00eda y candidato presidencial de Uni\u00f3n por la Patria) Sergio Massa\u201d, asever\u00f3.<\/p>\n<p>Asimismo, remarc\u00f3 que la medida \u00abno es un costo fiscal, <strong>es un beneficio que retorna en mayor dinamismo econ\u00f3mico<\/strong> porque, adem\u00e1s, se nos incrementa la recaudaci\u00f3n en impuestos de los comercios, por el consumo\u00bb, entre otros aspectos.<\/p>\n<\/p><\/div>\n","protected":false},"excerpt":{"rendered":"<p>El tope de ingresos para acceder al beneficio en el caso de los trabajadores es de $ 708.000 y de $ 524.758,56 para los jubilados \/ Foto: Prensa Econom\u00eda. El programa Compre sin IVA, de devoluci\u00f3n de ese tributo hasta $ 18.800 en adquisiciones de productos de la canasta b\u00e1sica a trabajadores de menores ingresos, [&hellip;]<\/p>\n","protected":false},"author":1,"featured_media":66804,"comment_status":"open","ping_status":"closed","sticky":false,"template":"","format":"standard","meta":[],"categories":[19],"tags":[],"_links":{"self":[{"href":"http:\/\/hoycordobaweb.com\/index.php\/wp-json\/wp\/v2\/posts\/66803"}],"collection":[{"href":"http:\/\/hoycordobaweb.com\/index.php\/wp-json\/wp\/v2\/posts"}],"about":[{"href":"http:\/\/hoycordobaweb.com\/index.php\/wp-json\/wp\/v2\/types\/post"}],"author":[{"embeddable":true,"href":"http:\/\/hoycordobaweb.com\/index.php\/wp-json\/wp\/v2\/users\/1"}],"replies":[{"embeddable":true,"href":"http:\/\/hoycordobaweb.com\/index.php\/wp-json\/wp\/v2\/comments?post=66803"}],"version-history":[{"count":0,"href":"http:\/\/hoycordobaweb.com\/index.php\/wp-json\/wp\/v2\/posts\/66803\/revisions"}],"wp:featuredmedia":[{"embeddable":true,"href":"http:\/\/hoycordobaweb.com\/index.php\/wp-json\/wp\/v2\/media\/66804"}],"wp:attachment":[{"href":"http:\/\/hoycordobaweb.com\/index.php\/wp-json\/wp\/v2\/media?parent=66803"}],"wp:term":[{"taxonomy":"category","embeddable":true,"href":"http:\/\/hoycordobaweb.com\/index.php\/wp-json\/wp\/v2\/categories?post=66803"},{"taxonomy":"post_tag","embeddable":true,"href":"http:\/\/hoycordobaweb.com\/index.php\/wp-json\/wp\/v2\/tags?post=66803"}],"curies":[{"name":"wp","href":"https:\/\/api.w.org\/{rel}","templated":true}]}}