{"id":66799,"date":"2023-09-18T17:15:11","date_gmt":"2023-09-18T17:15:11","guid":{"rendered":"https:\/\/www.trendencias.com\/celebrities\/jorge-javier-vazquez-carga-kiko-hernandez-su-boda-fran-anton-me-siento-estafado"},"modified":"2023-09-18T17:15:11","modified_gmt":"2023-09-18T17:15:11","slug":"jorge-javier-vazquez-carga-contra-kiko-hernandez-tras-su-boda-con-fran-anton-me-siento-estafado","status":"publish","type":"post","link":"http:\/\/hoycordobaweb.com\/index.php\/2023\/09\/18\/jorge-javier-vazquez-carga-contra-kiko-hernandez-tras-su-boda-con-fran-anton-me-siento-estafado\/","title":{"rendered":"Jorge Javier V\u00e1zquez carga contra Kiko Hern\u00e1ndez tras su boda con Fran Ant\u00f3n: \u00abMe siento estafado\u00bb"},"content":{"rendered":"<p>Este fin de semana,<strong> Kiko Hern\u00e1ndez y Fran Ant\u00f3n se han dado el s\u00ed quiero<\/strong> en Melilla. Con excompa\u00f1eras como Lydia Lozano, Marta Lozano, Pilar Vidal y Chelo Garc\u00eda Cort\u00e9s y otras amigas medi\u00e1ticas como Lara Dibildos o Marta Valverde como testigos, el excolaborador de &#8216;S\u00e1lvame&#8217; ha tratado durante todos estos d\u00edas preservar <strong>la exclusiva que este lunes sal\u00eda en la revista &#8216;Lecturas&#8217;<\/strong> y que le ha permitido financiar este bodorrio con m\u00e1s de 400 invitados y tantos n\u00fameros musicales que, incluso, algunos de los presentes llegaron a definir la fiesta como \u00abun Got Talent\u00bb.<\/p>\n<p><!-- BREAK 1 --> <\/p>\n<div class=\"article-asset article-asset-normal article-asset-center\">\n<div class=\"desvio-container\">\n<div class=\"desvio\">\n<div class=\"desvio-figure js-desvio-figure\"> <a href=\"https:\/\/www.trendencias.com\/celebrities\/bonito-homenaje-kiko-hernandez-a-mila-ximenez-su-boda-fran-anton\"> <img alt=\"El bonito homenaje de Kiko Hern\u00e1ndez a Mila Xim\u00e9nez en su boda con Fran Ant\u00f3n \" src=\"http:\/\/hoycordobaweb.com\/wp-content\/uploads\/2023\/09\/jorge-javier-vazquez-carga-contra-kiko-hernandez-tras-su-boda-con-fran-anton-me-siento-estafado.jpg\"> <\/a> <\/div><\/div><\/div>\n<\/div>\n<p><strong>Jorge Javier V\u00e1zquez<\/strong> no ha dudado en abordar el tema en su blog semanal de la revista &#8216;Lecturas&#8217;. <a href=\"https:\/\/www.trendencias.com\/tag\/jorge-javier-vazquez\">El presentador de &#8216;Cuentos Chinos&#8217;<\/a> no ha dudado en mostrar su indignaci\u00f3n con la venta de la exclusiva de Kiko Hern\u00e1ndez, su <strong>decepci\u00f3n con \u00e9l por no haberle llamado personalmente para invitarle a la boda <\/strong>(ya que cuando hizo p\u00fablico su matrimonio, \u00e9l estaba de baja de la \u00faltima etapa de &#8216;S\u00e1lvame&#8217;) e incluso ha reconocido haberse sentido <strong>\u00abestafado\u00bb <\/strong>por los a\u00f1os que ha estado neg\u00e1ndole su homosexualidad.<\/p>\n<p><!-- BREAK 2 --><\/p>\n<div class=\"article-asset-image article-asset-normal article-asset-center\">\n<div class=\"asset-content\">\n<div class=\"base-wrapper-image\"> <img class=\"sf-lazy centro_sinmarco\" data-sf-srcset=\"http:\/\/hoycordobaweb.com\/wp-content\/uploads\/2023\/09\/jorge-javier-vazquez-carga-contra-kiko-hernandez-tras-su-boda-con-fran-anton-me-siento-estafado-1.jpg 450w, http:\/\/hoycordobaweb.com\/wp-content\/uploads\/2023\/09\/jorge-javier-vazquez-carga-contra-kiko-hernandez-tras-su-boda-con-fran-anton-me-siento-estafado-5.jpg 681w,http:\/\/hoycordobaweb.com\/wp-content\/uploads\/2023\/09\/jorge-javier-vazquez-carga-contra-kiko-hernandez-tras-su-boda-con-fran-anton-me-siento-estafado-6.jpg 1024w, http:\/\/hoycordobaweb.com\/wp-content\/uploads\/2023\/09\/jorge-javier-vazquez-carga-contra-kiko-hernandez-tras-su-boda-con-fran-anton-me-siento-estafado-7.jpg 1366w,\" data-sf-src=\"http:\/\/hoycordobaweb.com\/wp-content\/uploads\/2023\/09\/jorge-javier-vazquez-carga-contra-kiko-hernandez-tras-su-boda-con-fran-anton-me-siento-estafado-1.jpg\" alt=\"Portada Kiko Hernandez 536b7444 230918175834 1200x1584\"> <noscript><img alt=\"Portada Kiko Hernandez 536b7444 230918175834 1200x1584\" class=\"centro_sinmarco\" src=\"http:\/\/hoycordobaweb.com\/wp-content\/uploads\/2023\/09\/jorge-javier-vazquez-carga-contra-kiko-hernandez-tras-su-boda-con-fran-anton-me-siento-estafado-1.jpg\"><\/noscript> <\/div><\/div>\n<\/div>\n<p>El periodista de Badalona ha desvelado que, adem\u00e1s, su relaci\u00f3n con Kiko Hern\u00e1ndez no ha vuelto a ser la misma desde su salida de &#8216;S\u00e1lvame&#8217;: <strong>\u00abSe ha casado Kiko y no he ido a su boda. De hecho, llevo sin hablar con \u00e9l desde que contara en <\/strong><em><strong>S\u00e1lvame <\/strong><\/em><strong>que est\u00e1 con Fran Ant\u00f3n y que es gay desde siempre\u00bb<\/strong>, ha escrito desvelando, por tanto, que tampoco el exgran hermano se dirigi\u00f3 a \u00e9l para desearle buena suerte con su vuelta a la televisi\u00f3n con el estreno de &#8216;Cuentos chinos&#8217; la semana pasada.<\/p>\n<p><!-- BREAK 3 --> <\/p>\n<blockquote class=\"tiktok-embed\" cite=\"https:\/\/www.tiktok.com\/@telecincoes\/video\/7244222086762220827\" data-video-id=\"7244222086762220827\" data-embed-from=\"oembed\" readability=\"1.3392857142857\">\n<section readability=\"0.89285714285714\"> <a target=\"_blank\" title=\"@telecincoes\" href=\"https:\/\/www.tiktok.com\/@telecincoes?refer=embed\" rel=\"noopener noreferrer\">@telecincoes<\/a> <\/p>\n<p><a title=\"kikohern\u00e1ndez\" target=\"_blank\" href=\"https:\/\/www.tiktok.com\/tag\/kikohern%C3%A1ndez?refer=embed\" rel=\"noopener noreferrer\">#KikoHern\u00e1ndez<\/a> se casa en septiembre con Fran Ant\u00f3n \ud83d\ude0d <a title=\"s\u00e1lvame\" target=\"_blank\" href=\"https:\/\/www.tiktok.com\/tag\/s%C3%A1lvame?refer=embed\" rel=\"noopener noreferrer\">#S\u00e1lvame<\/a> <a title=\"boda\" target=\"_blank\" href=\"https:\/\/www.tiktok.com\/tag\/boda?refer=embed\" rel=\"noopener noreferrer\">#Boda<\/a> <a title=\"salseoentiktok\" target=\"_blank\" href=\"https:\/\/www.tiktok.com\/tag\/salseoentiktok?refer=embed\" rel=\"noopener noreferrer\">#SalseoEnTikTok<\/a> <a title=\"telecinco\" target=\"_blank\" href=\"https:\/\/www.tiktok.com\/tag\/telecinco?refer=embed\" rel=\"noopener noreferrer\">#Telecinco<\/a> <a title=\"mediaset\" target=\"_blank\" href=\"https:\/\/www.tiktok.com\/tag\/mediaset?refer=embed\" rel=\"noopener noreferrer\">#Mediaset<\/a><\/p>\n<p> <a target=\"_blank\" title=\"\u266c sonido original - Telecinco - Telecinco\" href=\"https:\/\/www.tiktok.com\/music\/sonido-original-Telecinco-7244222504079543066?refer=embed\" rel=\"noopener noreferrer\">\u266c sonido original &#8211; Telecinco &#8211; Telecinco<\/a> <\/section>\n<\/blockquote>\n<p>Al contrario de lo que se dijo en su d\u00eda, Jorge no entendi\u00f3 la confesi\u00f3n de <a href=\"https:\/\/www.trendencias.com\/tag\/kiko-hernandez\">Kiko Hern\u00e1ndez<\/a> en directo sobre su homosexualidad: \u00abEstaba yo de baja m\u00e9dica la tarde que se subi\u00f3 al pulpillo para compartir con la audiencia su orientaci\u00f3n sexual. No me emocion\u00e9 ni nada\u00bb, ha comentado. \u00abMe gan\u00f3 la decepci\u00f3n. Quiz\u00e1 la tristeza tambi\u00e9n. Y el desencanto. <strong>Es muy duro aceptar que esa persona con la que has pasado y compartido tantas y tantas cosas no es m\u00e1s que un perfecto desconocido<\/strong>\u00ab, ha atizado Javier V\u00e1zquez con dureza.<\/p>\n<p><!-- BREAK 4 --><\/p>\n<h2>Muy decepcionado con Kiko: \u00abMenuda mierda como un piano, me he sentido estafado\u00bb<\/h2>\n<div class=\"article-asset-image article-asset-normal article-asset-center\">\n<div class=\"asset-content\">\n<div class=\"base-wrapper-image\"> <img class=\"sf-lazy centro_sinmarco\" data-sf-srcset=\"http:\/\/hoycordobaweb.com\/wp-content\/uploads\/2023\/09\/jorge-javier-vazquez-carga-contra-kiko-hernandez-tras-su-boda-con-fran-anton-me-siento-estafado-2.jpg 450w, http:\/\/hoycordobaweb.com\/wp-content\/uploads\/2023\/09\/jorge-javier-vazquez-carga-contra-kiko-hernandez-tras-su-boda-con-fran-anton-me-siento-estafado-8.jpg 681w,http:\/\/hoycordobaweb.com\/wp-content\/uploads\/2023\/09\/jorge-javier-vazquez-carga-contra-kiko-hernandez-tras-su-boda-con-fran-anton-me-siento-estafado-9.jpg 1024w, http:\/\/hoycordobaweb.com\/wp-content\/uploads\/2023\/09\/jorge-javier-vazquez-carga-contra-kiko-hernandez-tras-su-boda-con-fran-anton-me-siento-estafado-10.jpg 1366w,\" data-sf-src=\"http:\/\/hoycordobaweb.com\/wp-content\/uploads\/2023\/09\/jorge-javier-vazquez-carga-contra-kiko-hernandez-tras-su-boda-con-fran-anton-me-siento-estafado-2.jpg\" alt=\"Kiko Hernandez Jorge Javier Acb32501 1088x958\"> <noscript><img alt=\"Kiko Hernandez Jorge Javier Acb32501 1088x958\" class=\"centro_sinmarco\" src=\"http:\/\/hoycordobaweb.com\/wp-content\/uploads\/2023\/09\/jorge-javier-vazquez-carga-contra-kiko-hernandez-tras-su-boda-con-fran-anton-me-siento-estafado-2.jpg\"><\/noscript> <\/div><\/div>\n<\/div>\n<p>\u00ab<strong>Menuda mierda como un piano hemos tenido de relaci\u00f3n Kiko y yo para que en ning\u00fan momento en veinte a\u00f1os haya encontrado la oportunidad para abrirse conmigo<\/strong> (&#8230;) Imaginaba que llevaba una doble vida repleta de placeres y desenfreno y entonces me volv\u00eda un poco m\u00e1s loco porque, hora ya es de decirlo, me he sentido estafada\u00bb, ha continuado contando Jorge Javier acerca de la historia de amor que Kiko Hern\u00e1ndez ha vendido en los \u00faltimos d\u00edas de &#8216;S\u00e1lvame&#8217;.<\/p>\n<p><!-- BREAK 5 --><\/p>\n<blockquote class=\"tiktok-embed\" cite=\"https:\/\/www.tiktok.com\/@chica_amador97\/video\/7279423396805496096\" data-video-id=\"7279423396805496096\" data-embed-from=\"oembed\" readability=\"1.8947368421053\">\n<section readability=\"1.2631578947368\"> <a target=\"_blank\" title=\"@chica_amador97\" href=\"https:\/\/www.tiktok.com\/@chica_amador97?refer=embed\" rel=\"noopener noreferrer\">@chica_amador97<\/a> <\/p>\n<p>Ha llegado el D\u00eda y parece que era verdad kiko y fran se casan. <a title=\"kikohernandez\" target=\"_blank\" href=\"https:\/\/www.tiktok.com\/tag\/kikohernandez?refer=embed\" rel=\"noopener noreferrer\">#kikohernandez<\/a> <a title=\"casados\" target=\"_blank\" href=\"https:\/\/www.tiktok.com\/tag\/casados?refer=embed\" rel=\"noopener noreferrer\">#casados<\/a> <a title=\"frananton\" target=\"_blank\" href=\"https:\/\/www.tiktok.com\/tag\/frananton?refer=embed\" rel=\"noopener noreferrer\">#frananton<\/a> <a title=\"kiko\" target=\"_blank\" href=\"https:\/\/www.tiktok.com\/tag\/kiko?refer=embed\" rel=\"noopener noreferrer\">#kiko<\/a> <a title=\"melilla\" target=\"_blank\" href=\"https:\/\/www.tiktok.com\/tag\/melilla?refer=embed\" rel=\"noopener noreferrer\">#melilla<\/a> <a title=\"boda\" target=\"_blank\" href=\"https:\/\/www.tiktok.com\/tag\/boda?refer=embed\" rel=\"noopener noreferrer\">#boda<\/a> <\/p>\n<p> <a target=\"_blank\" title=\"\u266c sonido original - Chica Amador\" href=\"https:\/\/www.tiktok.com\/music\/sonido-original-7279423427038317345?refer=embed\" rel=\"noopener noreferrer\">\u266c sonido original &#8211; Chica Amador<\/a> <\/section>\n<\/blockquote>\n<p>Para Jorge, gran parte de su decepci\u00f3n viene porque Kiko Hern\u00e1ndez no le llam\u00f3 tras la baja m\u00e9dica que le oblig\u00f3 a ausentarse en el final de &#8216;S\u00e1lvame&#8217;: \u00ab<strong>No lo llam\u00e9, no me sali\u00f3. \u00c9l tampoco me llam\u00f3. Tampoco le saldr\u00eda<\/strong>. Luego creo recordar que con el paso de los d\u00edas me envi\u00f3 un mensaje diciendo que sab\u00eda que estaba enfadado con \u00e9l pero que me quer\u00eda mucho, ll\u00e1mame.<strong> Pues chico, si sabes que estoy enfado contigo y me quieres mucho, ll\u00e1mame<\/strong>. Que adem\u00e1s sabes que estoy de baja. Despu\u00e9s recib\u00ed su invitaci\u00f3n a la boda por WhatsApp y me pareci\u00f3 a m\u00ed que a lo mejor una llamada tampoco hubiera estado de m\u00e1s. Pero no se produjo\u00bb, ha continuado escribiendo.<\/p>\n<p><!-- BREAK 6 --> <\/p>\n<div class=\"article-asset-image article-asset-normal article-asset-center\">\n<div class=\"asset-content\">\n<div class=\"base-wrapper-image\"> <img class=\"sf-lazy centro_sinmarco\" data-sf-srcset=\"http:\/\/hoycordobaweb.com\/wp-content\/uploads\/2023\/09\/jorge-javier-vazquez-carga-contra-kiko-hernandez-tras-su-boda-con-fran-anton-me-siento-estafado-3.jpg 450w, http:\/\/hoycordobaweb.com\/wp-content\/uploads\/2023\/09\/jorge-javier-vazquez-carga-contra-kiko-hernandez-tras-su-boda-con-fran-anton-me-siento-estafado-11.jpg 681w,http:\/\/hoycordobaweb.com\/wp-content\/uploads\/2023\/09\/jorge-javier-vazquez-carga-contra-kiko-hernandez-tras-su-boda-con-fran-anton-me-siento-estafado-12.jpg 1024w, http:\/\/hoycordobaweb.com\/wp-content\/uploads\/2023\/09\/jorge-javier-vazquez-carga-contra-kiko-hernandez-tras-su-boda-con-fran-anton-me-siento-estafado-13.jpg 1366w,\" data-sf-src=\"http:\/\/hoycordobaweb.com\/wp-content\/uploads\/2023\/09\/jorge-javier-vazquez-carga-contra-kiko-hernandez-tras-su-boda-con-fran-anton-me-siento-estafado-3.jpg\" alt=\"Kiko H\"> <noscript><img alt=\"Kiko H\" class=\"centro_sinmarco\" src=\"http:\/\/hoycordobaweb.com\/wp-content\/uploads\/2023\/09\/jorge-javier-vazquez-carga-contra-kiko-hernandez-tras-su-boda-con-fran-anton-me-siento-estafado-3.jpg\"><\/noscript> <\/div><\/div>\n<\/div>\n<p>A\u00fan as\u00ed, V\u00e1zquez no ve por zanjada su relaci\u00f3n con Hern\u00e1ndez. El presentador conf\u00eda en una reconciliaci\u00f3n: \u00ab<strong>Yo s\u00e9 que un d\u00eda quedaremos y que nos reiremos<\/strong>. Pero tengo ganas de saber qu\u00e9 tipo de relaci\u00f3n quiere Kiko tener conmigo porque, despu\u00e9s de estar veinte a\u00f1os juntos, <strong>me he dado cuenta de que m\u00e1s all\u00e1 del much\u00edsimo cari\u00f1o que le tengo, no s\u00e9 nada de su vida<\/strong>\u00ab, ha acabado diciendo el que ha sido durante 14 a\u00f1os compa\u00f1ero de Kiko.<\/p>\n<p><!-- BREAK 7 --><\/p>\n<p>Fotos | Telecinco<\/p>\n<p>En Trendencias | <a href=\"https:\/\/www.trendencias.com\/propuestas-y-consejos\/estos-vestidos-tendencia-esta-temporada-primavera-verano-2023-vamos-todo\" rel=\"noopener noreferrer\" data-id=\"noopener noreferrer\">Estos son los vestidos tendencia de esta temporada primavera-verano 2023: vamos con todo<\/a><\/p>\n<p><!-- BREAK 8 --> <\/p>\n","protected":false},"excerpt":{"rendered":"<p>Este fin de semana, Kiko Hern\u00e1ndez y Fran Ant\u00f3n se han dado el s\u00ed quiero en Melilla. Con excompa\u00f1eras como Lydia Lozano, Marta Lozano, Pilar Vidal y Chelo Garc\u00eda Cort\u00e9s y otras amigas medi\u00e1ticas como Lara Dibildos o Marta Valverde como testigos, el excolaborador de &#8216;S\u00e1lvame&#8217; ha tratado durante todos estos d\u00edas preservar la exclusiva [&hellip;]<\/p>\n","protected":false},"author":1,"featured_media":66800,"comment_status":"closed","ping_status":"closed","sticky":false,"template":"","format":"standard","meta":[],"categories":[1],"tags":[],"_links":{"self":[{"href":"http:\/\/hoycordobaweb.com\/index.php\/wp-json\/wp\/v2\/posts\/66799"}],"collection":[{"href":"http:\/\/hoycordobaweb.com\/index.php\/wp-json\/wp\/v2\/posts"}],"about":[{"href":"http:\/\/hoycordobaweb.com\/index.php\/wp-json\/wp\/v2\/types\/post"}],"author":[{"embeddable":true,"href":"http:\/\/hoycordobaweb.com\/index.php\/wp-json\/wp\/v2\/users\/1"}],"replies":[{"embeddable":true,"href":"http:\/\/hoycordobaweb.com\/index.php\/wp-json\/wp\/v2\/comments?post=66799"}],"version-history":[{"count":0,"href":"http:\/\/hoycordobaweb.com\/index.php\/wp-json\/wp\/v2\/posts\/66799\/revisions"}],"wp:featuredmedia":[{"embeddable":true,"href":"http:\/\/hoycordobaweb.com\/index.php\/wp-json\/wp\/v2\/media\/66800"}],"wp:attachment":[{"href":"http:\/\/hoycordobaweb.com\/index.php\/wp-json\/wp\/v2\/media?parent=66799"}],"wp:term":[{"taxonomy":"category","embeddable":true,"href":"http:\/\/hoycordobaweb.com\/index.php\/wp-json\/wp\/v2\/categories?post=66799"},{"taxonomy":"post_tag","embeddable":true,"href":"http:\/\/hoycordobaweb.com\/index.php\/wp-json\/wp\/v2\/tags?post=66799"}],"curies":[{"name":"wp","href":"https:\/\/api.w.org\/{rel}","templated":true}]}}