{"id":66791,"date":"2023-09-18T12:27:11","date_gmt":"2023-09-18T12:27:11","guid":{"rendered":"https:\/\/www.mujerhoy.com\/moda\/no-te-pierdas\/kate-middleton-estrena-blazer-estampado-cuadros-favorita-francesas-20230918125727-nt.html"},"modified":"2023-09-18T12:27:11","modified_gmt":"2023-09-18T12:27:11","slug":"kate-middleton-estrena-la-blazer-que-nunca-falla-en-otono-con-estampado-de-cuadros-y-de-la-firma-favorita-de-las-francesas","status":"publish","type":"post","link":"http:\/\/hoycordobaweb.com\/index.php\/2023\/09\/18\/kate-middleton-estrena-la-blazer-que-nunca-falla-en-otono-con-estampado-de-cuadros-y-de-la-firma-favorita-de-las-francesas\/","title":{"rendered":"Kate Middleton estrena la blazer que nunca falla en oto\u00f1o: con estampado de cuadros y de la firma favorita de las francesas"},"content":{"rendered":"<p><!-- AUTHOR --><\/p>\n<div class=\"voc-author-timesocial \"><!-- AUTHOR --><\/p>\n<div class=\"voc-author-timesocial__signature\"><!-- IMAGE AUTHOR --><picture class=\"voc-image-signature\"><img class=\"voc-image-signature__img\" src=\"http:\/\/hoycordobaweb.com\/wp-content\/uploads\/2023\/09\/kate-middleton-estrena-la-blazer-que-nunca-falla-en-otono-con-estampado-de-cuadros-y-de-la-firma-favorita-de-las-francesas.jpg\" alt=\"Carla Dom\u00ednguez\"><\/picture><!-- INFO AUTHOR --><\/div>\n<\/div>\n<p><!-- COMPONENTS --><\/p>\n<p class=\"voc-paragraph\">Comienza el nuevo curso royal con muchos actos p\u00fablicos. Las mujeres mejor vestidas de Europa ya tienen la agenda llena y en la lista est\u00e1n multitud de ocasiones formales como otras informales. Y prueba de ello es que durante este mes de septiembre ya las hemos visto lucir aut\u00e9nticos lookazos.\n<\/p>\n<p class=\"voc-paragraph\">Primero fue la reina Letizia y ahora <a data-voc-vtm-id=\"in-text-traffic\" href=\"https:\/\/www.mujerhoy.com\/temas\/personajes\/kate-middleton.html\">Kate Middleton<\/a> quien ha vuelto a su rutina como princesa de Gales y acompa\u00f1adas de un renovado look. La futura reina de Inglaterra nos ha sorprendido con un cabello m\u00e1s juvenil, mechas m\u00e1s claras y <a data-voc-vtm-id=\"in-text-traffic\" href=\"https:\/\/www.mujerhoy.com\/belleza\/pelo\/kate-middleton-cambio-look-corte-pelo-tendencia-otono-mas-rubia-20230913102612-nt.html\">un flequillo abierto muy favorecedor<\/a>.\n<\/p>\n<p class=\"voc-paragraph\">Sin embargo, en cuanto a vestimenta, <strong>la princesa de Gales se mantiene fiel a su estilo<\/strong>. As\u00ed lo hemos vuelto a comprar en su \u00faltimo acto p\u00fablico al que ha acudido acompa\u00f1ada de su marido e hijo del rey Carlos IV, el pr\u00edncipe Guillermo.\n<\/p>\n<p class=\"voc-paragraph\">Ambos se han trasladado a <strong>la campi\u00f1a inglesa para visitar una granja en Hereford. <\/strong>Se trata de una Escuela Forestal de Primaria donde ense\u00f1an a los m\u00e1s peque\u00f1os muchas actividades relacionadas con la agricultura al aire libre. Todo ello, antes de dirigirse a <strong>King Pitt Farm<\/strong>, un terreno con m\u00e1s de 50.000 hect\u00e1reas y propiedad del rey Carlos y Camilla Parker-Bowles.\n<\/p>\n<div class=\"voc-detail__cmp\">\n<div class=\"voc-article-container\">\n<article class=\"voc-article voc-article--cmp-photo-text\" readability=\"26\">\n<div class=\"voc-img-container\" readability=\"7\"><picture>\n<div class=\"voc-horizontal voc-img-icon-link\"><img class=\"lazy adsviu_analyse\" loading=\"lazy\" data-original=\"\/\/static3.mujerhoy.com\/www\/multimedia\/202309\/18\/media\/cortadas\/kate-middleton-blazer-cuadros-maje-kPAC--624x624@MujerHoy.jpg\" alt=\"Los pr\u00edncipes de Gales en la campi\u00f1a inglesa.\"><\/div>\n<\/picture>\n<p class=\"figure-caption \"> Los pr\u00edncipes de Gales en la campi\u00f1a inglesa. \/ <span class=\"voc-photo-author\"> gtres <\/span><\/p>\n<\/div>\n<\/article>\n<\/div>\n<\/div>\n<p class=\"voc-paragraph\">Durante la visita a la granja, <strong>los pr\u00edncipes de Gales se mostraron muy c\u00f3mplices. <\/strong>Conversaron con todos los asistentes, incluso con la organizaci\u00f3n ben\u00e9fica <i>We Are Farming Minds <\/i>que intenta ayudar lo m\u00e1ximo posible en la salud mental de los agricultores que se encuentran en comunidades rurales.\n<\/p>\n<p><h3 class=\"voc-detail__title\"> La blazer con estampado de cuadros de Kate Middleton<br \/>\n<\/h3>\n<\/p>\n<p class=\"voc-paragraph\">Para este d\u00eda de campo, la princesa de Gales decidi\u00f3 apostar por un look c\u00f3modo pero sofisticado gracias simplemente a una prenda: <strong>una blazer<\/strong>. Con este tipo de chaquetas se puede cambiar por completo un look y pasar de informal a formal en un instante.\n<\/p>\n<p class=\"voc-paragraph\">Las blazers son las grandes aliadas de Kate Middleton en sus actos oficiales. No es la primera vez que la princesa de Gales acude a ellas para un estilismo. Al contrario, es muy habitual verla lucir este tipo de chaquetas continuamente, tanto de firmas de lujo como otras <i>low cost<\/i>, o de precio medio.\n<\/p>\n<p class=\"voc-paragraph\">En esta ocasi\u00f3n, Kate Middleton ha querido acudir a un cl\u00e1sico que no falla: <strong>una blazer con estampado de cuadros<\/strong>. Es una chaqueta m\u00edtica que seguramente habr\u00e1s tenido (o tienes) en alguna ocasi\u00f3n en tu armario porque no pasa de moda.\n<\/p>\n<p class=\"voc-paragraph\">En su caso, la princesa de Gales ha querido l<br \/>\n<strong>levar una blazer de la firma francesa Maje. <\/strong>Es una de las marcas estrella de las francesas que lleva a\u00f1os conquistando el mercado. En concreto, Kate luce una blazer en color gris con estampado de cuadros peque\u00f1os muy sofisticados.\n<\/p>\n<div class=\"voc-detail-photo-zoom\"><picture data-toggle=\"modal\" data-target=\"#photoZoomModal-438\" target=\"modal\">\n<div class=\"voc-img-icon-link\"><img loading=\"lazy\" data-original=\"\/\/static2.mujerhoy.com\/www\/multimedia\/202309\/18\/media\/cortadas\/kate-middleton-blazer-cuadros-knSD--460x637@MujerHoy.jpg\" class=\"lazy adsviu_analyse\" alt=\"La princesa de Gales con blazer de cuadros. Foto: Gtres.\"><noscript><img src=\"http:\/\/hoycordobaweb.com\/wp-content\/uploads\/2023\/09\/kate-middleton-estrena-la-blazer-que-nunca-falla-en-otono-con-estampado-de-cuadros-y-de-la-firma-favorita-de-las-francesas-1.jpg\" alt=\"La princesa de Gales con blazer de cuadros. Foto: Gtres.\"><\/noscript><i class=\"voc-icons zoom voc-multimedia-box voc-ico-l\"><\/i><\/div><figcaption class=\"figure-caption\">La princesa de Gales con blazer de cuadros. Foto: Gtres.<\/figcaption><\/picture><\/div>\n<div id=\"photoZoomModal-438\" class=\"voc-lightbox modal fade voc-lightbox--photo-zoom\" role=\"dialog\" data-voc-photozoom-lightbox>\n<div class=\"voc-lightbox__dialog\" role=\"document\">\n<div class=\"voc-lightbox__content\"><!-- Modal header --><!-- Modal content --><\/p>\n<div class=\"voc-lightbox__photo-container\"><picture class><img loading=\"lazy\" data-original=\"\/\/static2.mujerhoy.com\/www\/multimedia\/202309\/18\/media\/cortadas\/kate-middleton-blazer-cuadros-knSD--460x637@MujerHoy.jpg\" alt=\"La princesa de Gales con blazer de cuadros. Foto: Gtres.\" class=\"lazy\"><noscript><img src=\"http:\/\/hoycordobaweb.com\/wp-content\/uploads\/2023\/09\/kate-middleton-estrena-la-blazer-que-nunca-falla-en-otono-con-estampado-de-cuadros-y-de-la-firma-favorita-de-las-francesas-1.jpg\" alt=\"La princesa de Gales con blazer de cuadros. Foto: Gtres.\"><\/noscript><\/picture><\/div>\n<\/div>\n<\/div>\n<\/div>\n<p class=\"voc-paragraph\">Para combinar esta blazer, Kate <strong>ha querido optar por piezas b\u00e1sicas<\/strong>. La princesa de Gales luce un jersey en color negro muy sencillo, vaqueros pitillo del mismo color y botines de cordones en marr\u00f3n chocolate. El broche final lo ha a\u00f1adido con <strong>un collar de Daniella Draper que cuenta con las iniciales de sus hijos.<\/strong><\/p>\n<p class=\"voc-paragraph\">Se trata de un modelo que ya no est\u00e1 disponible en la web, pero si hay otros dise\u00f1os similares como este. Es una chaqueta de cuadros fabricada con un 50% de algod\u00f3n reciclado y cuenta tambi\u00e9n <strong>con cierre de doble botonadura<\/strong>. Eso s\u00ed, parece que tiene lista de espera a pesar de no estar rebajada.\n<\/p>\n<div class=\"voc-detail-photo-zoom\"><picture data-toggle=\"modal\" data-target=\"#photoZoomModal-546\" target=\"modal\">\n<div class=\"voc-img-icon-link\"><img loading=\"lazy\" data-original=\"\/\/static2.mujerhoy.com\/www\/multimedia\/202309\/18\/media\/cortadas\/blazer-cuadors-maje-kPAC--460x637@MujerHoy.jpg\" class=\"lazy adsviu_analyse\" alt=\"Blazer de cuadros de Maje. Foto: Maje.\"><noscript><img src=\"http:\/\/hoycordobaweb.com\/wp-content\/uploads\/2023\/09\/kate-middleton-estrena-la-blazer-que-nunca-falla-en-otono-con-estampado-de-cuadros-y-de-la-firma-favorita-de-las-francesas-2.jpg\" alt=\"Blazer de cuadros de Maje. Foto: Maje.\"><\/noscript><i class=\"voc-icons zoom voc-multimedia-box voc-ico-l\"><\/i><\/div><figcaption class=\"figure-caption\">Blazer de cuadros de Maje. Foto: Maje.<\/figcaption><\/picture><\/div>\n<div id=\"photoZoomModal-546\" class=\"voc-lightbox modal fade voc-lightbox--photo-zoom\" role=\"dialog\" data-voc-photozoom-lightbox>\n<div class=\"voc-lightbox__dialog\" role=\"document\">\n<div class=\"voc-lightbox__content\"><!-- Modal header --><!-- Modal content --><\/p>\n<div class=\"voc-lightbox__photo-container\"><picture class><img loading=\"lazy\" data-original=\"\/\/static2.mujerhoy.com\/www\/multimedia\/202309\/18\/media\/cortadas\/blazer-cuadors-maje-kPAC--460x637@MujerHoy.jpg\" alt=\"Blazer de cuadros de Maje. Foto: Maje.\" class=\"lazy\"><noscript><img src=\"http:\/\/hoycordobaweb.com\/wp-content\/uploads\/2023\/09\/kate-middleton-estrena-la-blazer-que-nunca-falla-en-otono-con-estampado-de-cuadros-y-de-la-firma-favorita-de-las-francesas-2.jpg\" alt=\"Blazer de cuadros de Maje. Foto: Maje.\"><\/noscript><\/picture><\/div>\n<\/div>\n<\/div>\n<\/div>\n<p class=\"voc-paragraph\">Es una chaqueta que puedes usar cada oto\u00f1o. Adem\u00e1s, son las cl\u00e1sicas blazers f\u00e1ciles de combinar. Puedes llevarlas con un <i>total look<\/i> en negro y botines en marr\u00f3n como ha hecho Kate, u optar por algo m\u00e1s rompedor con vestido mini y botas altas.\n<\/p>\n<p><!-- TOPICS --><\/p>\n","protected":false},"excerpt":{"rendered":"<p>Comienza el nuevo curso royal con muchos actos p\u00fablicos. Las mujeres mejor vestidas de Europa ya tienen la agenda llena y en la lista est\u00e1n multitud de ocasiones formales como otras informales. Y prueba de ello es que durante este mes de septiembre ya las hemos visto lucir aut\u00e9nticos lookazos. Primero fue la reina Letizia [&hellip;]<\/p>\n","protected":false},"author":1,"featured_media":66792,"comment_status":"closed","ping_status":"closed","sticky":false,"template":"","format":"standard","meta":[],"categories":[1],"tags":[],"_links":{"self":[{"href":"http:\/\/hoycordobaweb.com\/index.php\/wp-json\/wp\/v2\/posts\/66791"}],"collection":[{"href":"http:\/\/hoycordobaweb.com\/index.php\/wp-json\/wp\/v2\/posts"}],"about":[{"href":"http:\/\/hoycordobaweb.com\/index.php\/wp-json\/wp\/v2\/types\/post"}],"author":[{"embeddable":true,"href":"http:\/\/hoycordobaweb.com\/index.php\/wp-json\/wp\/v2\/users\/1"}],"replies":[{"embeddable":true,"href":"http:\/\/hoycordobaweb.com\/index.php\/wp-json\/wp\/v2\/comments?post=66791"}],"version-history":[{"count":0,"href":"http:\/\/hoycordobaweb.com\/index.php\/wp-json\/wp\/v2\/posts\/66791\/revisions"}],"wp:featuredmedia":[{"embeddable":true,"href":"http:\/\/hoycordobaweb.com\/index.php\/wp-json\/wp\/v2\/media\/66792"}],"wp:attachment":[{"href":"http:\/\/hoycordobaweb.com\/index.php\/wp-json\/wp\/v2\/media?parent=66791"}],"wp:term":[{"taxonomy":"category","embeddable":true,"href":"http:\/\/hoycordobaweb.com\/index.php\/wp-json\/wp\/v2\/categories?post=66791"},{"taxonomy":"post_tag","embeddable":true,"href":"http:\/\/hoycordobaweb.com\/index.php\/wp-json\/wp\/v2\/tags?post=66791"}],"curies":[{"name":"wp","href":"https:\/\/api.w.org\/{rel}","templated":true}]}}