{"id":66733,"date":"2023-09-17T16:35:56","date_gmt":"2023-09-17T16:35:56","guid":{"rendered":"https:\/\/www.ole.com.ar\/seleccion\/tagliafico-gol-bolivia-argentina-eliminatorias_0_DZ9PeB7hib.html"},"modified":"2023-09-17T16:35:56","modified_gmt":"2023-09-17T16:35:56","slug":"la-simpatica-reaccion-de-tagliafico-al-ver-la-repeticion-de-su-gol-frente-a-bolivia","status":"publish","type":"post","link":"http:\/\/hoycordobaweb.com\/index.php\/2023\/09\/17\/la-simpatica-reaccion-de-tagliafico-al-ver-la-repeticion-de-su-gol-frente-a-bolivia\/","title":{"rendered":"La simp\u00e1tica reacci\u00f3n de Tagliafico al ver la repetici\u00f3n de su gol frente a Bolivia"},"content":{"rendered":"<p><img src=\"http:\/\/hoycordobaweb.com\/wp-content\/uploads\/2023\/09\/la-simpatica-reaccion-de-tagliafico-al-ver-la-repeticion-de-su-gol-frente-a-bolivia.jpg\"><\/p>\n<div><img src=\"http:\/\/hoycordobaweb.com\/wp-content\/uploads\/2023\/09\/la-simpatica-reaccion-de-tagliafico-al-ver-la-repeticion-de-su-gol-frente-a-bolivia.jpg\" class=\"ff-og-image-inserted\"><\/div>\n<p><time class=\"createDate\" datetime=\"2023-09-17T13:35:56-03:00\">17\/09\/2023 13:35hs.<\/time><time class=\"modificatedDate\" datetime=\"2023-09-17T13:35:56-03:00\"><\/time><\/p>\n<div id=\"storyBody\">\n<div class=\"custom-text \" readability=\"35\">\n<p><strong>Nicol\u00e1s Tagliafico<\/strong> convirti\u00f3 su primer gol con la <strong>Selecci\u00f3n Argentina <\/strong>ante <strong>Bolivia <\/strong>en La Paz. M\u00e1s all\u00e1 de lo que implic\u00f3 en lo personal, el tanto tuvo una particularidad y es que lo anot\u00f3 con el hombro.<\/p>\n<\/div>\n<div class=\"custom-text \" readability=\"38\">\n<p>A d\u00edas del encuentro, el defensor prendi\u00f3 stream, volvi\u00f3 a ver la repetici\u00f3n de la jugada e hizo un divertido an\u00e1lisis del gol. \u00abSi le pegaba con la cabeza tal vez la tiraba a cualquier lado. Lo grit\u00e9 desahogado. <strong>Se cagaban todos de risa porque se hab\u00edan dado cuenta. Pens\u00e9 que hab\u00eda sido offside porque estaba muy solo<\/strong>\u00ab, confes\u00f3. <\/p>\n<\/div>\n<div class=\"custom-text \" readability=\"38\">\n<p>Luego de reaccionar al gol, el defensor se refiri\u00f3 a la pol\u00e9mica de la altura y cont\u00f3 cu\u00e1l es el secreto para poder disputar un partido en La Paz. \u00ab<strong>Si entr\u00e1s pensando que te vas a sentir mal, te sent\u00eds mal. Si hac\u00e9s una buena entrada en calor, el cuerpo se adapta<\/strong>\u00ab, reconoci\u00f3.<\/p>\n<\/div>\n<div class=\"sc-7ce6049-0 dwIKul\">\n<div class=\"sc-7ce6049-1 bdcBBS videoText\" id=\"contentTitleundefinedvfzVmo2i\" readability=\"56\"><svg fill=\"#ffffff\"><symbol id=\"play\" viewBox=\"0 0 512 512\"><path d=\"M512 256C512 397.4 397.4 512 256 512C114.6 512 0 397.4 0 256C0 114.6 114.6 0 256 0C397.4 0 512 114.6 512 256zM176 168V344C176 352.7 180.7 360.7 188.3 364.9C195.8 369.2 205.1 369 212.5 364.5L356.5 276.5C363.6 272.1 368 264.4 368 256C368 247.6 363.6 239.9 356.5 235.5L212.5 147.5C205.1 142.1 195.8 142.8 188.3 147.1C180.7 151.3 176 159.3 176 168V168z\" \/><\/symbol><use xlink:href=\"#play\" \/><\/svg><\/p>\n<div class=\"right\" readability=\"7\">\n<p>Eliminatorias Sudamericanas<!-- --> &#8211;<!-- --> <span>17-9-2023<\/span><\/p>\n<h2 class=\"title-vid\">Tagliafico marc\u00f3 el 2 a 0<\/h2>\n<\/div>\n<\/div>\n<p><span class=\"back\" id=\"spanBackundefinedvfzVmo2i\"><\/span><\/div>\n<p><h2>Los n\u00fameros de Nicol\u00e1s Tagliafico en la Selecci\u00f3n Argentina<\/h2>\n<\/p>\n<div class=\"custom-text \" readability=\"37\">\n<p><strong>Nicol\u00e1s Tagliafico<\/strong> fue convocado por primera vez a la <strong>Selecci\u00f3n Argentina<\/strong> en 2017, bajo la direcci\u00f3n t\u00e9cnica de <strong>Jorge Sampaoli<\/strong>. En aquel entonces, el defensor atravesaba un gran momento en <strong>Independiente<\/strong>, donde sali\u00f3 campe\u00f3n de la <strong>Copa Sudamericana<\/strong> en diciembre de ese mismo a\u00f1o.<\/p>\n<\/div>\n<div class=\"custom-text \" readability=\"36\">\n<p>Hasta el momento, lleva <strong>51 partidos<\/strong> disputados. Estuvo presente en el <strong>Mundial 2018<\/strong> y en el <strong>2022<\/strong>, donde Argentina sum\u00f3 su tercera estrella. Adem\u00e1s, fue una de las <strong>piezas claves<\/strong> del ciclo Scaloni.<\/p>\n<\/div>\n<div class=\"custom-text \" readability=\"35\">\n<p>En este lapso de tiempo, Tagliafico gan\u00f3 <strong>tres t\u00edtulos <\/strong>con la Selecci\u00f3n: la <strong>Copa Am\u00e9rica 2021<\/strong>, el <strong>Trofeo de Campeones 2022<\/strong> y la<strong> Copa del Mundo 2022<\/strong>.<\/p>\n<\/div>\n<p><h2>\u00bfCu\u00e1ndo vuelve a jugar la Selecci\u00f3n por Eliminatorias?<\/h2>\n<\/p>\n<div class=\"custom-text \" readability=\"33\">\n<p>La <strong>Selecci\u00f3n Argentina<\/strong> arranc\u00f3 las <strong>Eliminatorias Sudamericanas<\/strong> de cara al Mundial 2026 con el pie derecho. <\/p>\n<\/div>\n<div class=\"custom-text \" readability=\"36\">\n<p>Con dos fechas disputadas hasta el momento, los dirigidos por<strong> Lionel Scaloni <\/strong>se mantienen invictos. Al igual que Brasil,<strong> Argentina gan\u00f3 los dos partidos<\/strong>: venci\u00f3 1 a 0 a <strong>Ecuador <\/strong>en su debut y derrot\u00f3 3 a 0 a <strong>Bolivia <\/strong>en condici\u00f3n de visitante.<\/p>\n<\/div>\n<div class=\"custom-text \" readability=\"34\">\n<p>En este contexto, el calendario de 2023 se completar\u00e1 con una doble fecha en octubre ante <strong>Paraguay<\/strong> y <strong>Per\u00fa <\/strong>y otra en noviembre contra <strong>Uruguay <\/strong>y <strong>Brasil<\/strong>.<\/p>\n<\/div>\n<div class=\"custom-text \" readability=\"37\">\n<p>Luego, el cronograma de la Selecci\u00f3n continuar\u00e1 en 2024, donde enfrentar\u00e1 a <strong>Chile<\/strong>, <strong>Colombia <\/strong>y <strong>Venezuela <\/strong>y volver\u00e1 a medirse ante <strong>Bolivia<\/strong>, <strong>Paraguay <\/strong>y <strong>Per\u00fa<\/strong>.<\/p>\n<\/div>\n<div class=\"sc-7ce6049-0 dwIKul\">\n<div class=\"sc-7ce6049-1 bdcBBS videoText\" id=\"contentTitleundefinedSvLhWOtI\" readability=\"56\"><svg fill=\"#ffffff\"><symbol id=\"play\" viewBox=\"0 0 512 512\"><path d=\"M512 256C512 397.4 397.4 512 256 512C114.6 512 0 397.4 0 256C0 114.6 114.6 0 256 0C397.4 0 512 114.6 512 256zM176 168V344C176 352.7 180.7 360.7 188.3 364.9C195.8 369.2 205.1 369 212.5 364.5L356.5 276.5C363.6 272.1 368 264.4 368 256C368 247.6 363.6 239.9 356.5 235.5L212.5 147.5C205.1 142.1 195.8 142.8 188.3 147.1C180.7 151.3 176 159.3 176 168V168z\" \/><\/symbol><use xlink:href=\"#play\" \/><\/svg><\/p>\n<div class=\"right\" readability=\"7\">\n<p>Eliminatorias Sudamericanas<!-- --> &#8211;<!-- --> <span>17-9-2023<\/span><\/p>\n<h2 class=\"title-vid\">Lo mejor de Bolivia 0 &#8211; Argentina 3<\/h2>\n<\/div>\n<\/div>\n<p><span class=\"back\" id=\"spanBackundefinedSvLhWOtI\"><\/span><\/div>\n<\/div>\n","protected":false},"excerpt":{"rendered":"<p>17\/09\/2023 13:35hs. Nicol\u00e1s Tagliafico convirti\u00f3 su primer gol con la Selecci\u00f3n Argentina ante Bolivia en La Paz. M\u00e1s all\u00e1 de lo que implic\u00f3 en lo personal, el tanto tuvo una particularidad y es que lo anot\u00f3 con el hombro. A d\u00edas del encuentro, el defensor prendi\u00f3 stream, volvi\u00f3 a ver la repetici\u00f3n de la jugada [&hellip;]<\/p>\n","protected":false},"author":1,"featured_media":66734,"comment_status":"open","ping_status":"closed","sticky":false,"template":"","format":"standard","meta":[],"categories":[16],"tags":[],"_links":{"self":[{"href":"http:\/\/hoycordobaweb.com\/index.php\/wp-json\/wp\/v2\/posts\/66733"}],"collection":[{"href":"http:\/\/hoycordobaweb.com\/index.php\/wp-json\/wp\/v2\/posts"}],"about":[{"href":"http:\/\/hoycordobaweb.com\/index.php\/wp-json\/wp\/v2\/types\/post"}],"author":[{"embeddable":true,"href":"http:\/\/hoycordobaweb.com\/index.php\/wp-json\/wp\/v2\/users\/1"}],"replies":[{"embeddable":true,"href":"http:\/\/hoycordobaweb.com\/index.php\/wp-json\/wp\/v2\/comments?post=66733"}],"version-history":[{"count":0,"href":"http:\/\/hoycordobaweb.com\/index.php\/wp-json\/wp\/v2\/posts\/66733\/revisions"}],"wp:featuredmedia":[{"embeddable":true,"href":"http:\/\/hoycordobaweb.com\/index.php\/wp-json\/wp\/v2\/media\/66734"}],"wp:attachment":[{"href":"http:\/\/hoycordobaweb.com\/index.php\/wp-json\/wp\/v2\/media?parent=66733"}],"wp:term":[{"taxonomy":"category","embeddable":true,"href":"http:\/\/hoycordobaweb.com\/index.php\/wp-json\/wp\/v2\/categories?post=66733"},{"taxonomy":"post_tag","embeddable":true,"href":"http:\/\/hoycordobaweb.com\/index.php\/wp-json\/wp\/v2\/tags?post=66733"}],"curies":[{"name":"wp","href":"https:\/\/api.w.org\/{rel}","templated":true}]}}