{"id":66721,"date":"2023-09-16T23:59:31","date_gmt":"2023-09-16T23:59:31","guid":{"rendered":"https:\/\/ladecimaweb.com\/?p=19816"},"modified":"2023-09-16T23:59:31","modified_gmt":"2023-09-16T23:59:31","slug":"denuncian-intento-de-rapto-a-una-alumna-del-ciem-en-vel","status":"publish","type":"post","link":"http:\/\/hoycordobaweb.com\/index.php\/2023\/09\/16\/denuncian-intento-de-rapto-a-una-alumna-del-ciem-en-vel\/","title":{"rendered":"Denuncian intento de rapto a una alumna del Ciem en VEL"},"content":{"rendered":"<div class=\"boldgrid-section\">\n<div class=\"container\">\n<div class=\"row\">\n<div class=\"col-md-12 col-xs-12 col-sm-12\">\n<p class=\"\">Una familia de Villa El Libertador denuncia que su hija sufri\u00f3 un intento de rapto a la salida de una escuela en Villa El Libertador.&nbsp;<\/p>\n<p class=\"\">Como se trata de una menor de 14 a\u00f1os de edad de tercer a\u00f1o del Centro Integral Educativo Medea mantenemos en reserva su identidad. Solo la llamaremos por la inicial de su nombre T.<\/p>\n<p>Carolina Ib\u00e1\u00f1ez, madre de la damnificada, cuenta que el hecho se registr\u00f3 en la tarde de este viernes, alrededor de las 14.4o horas cuando T. sali\u00f3 del colegio por calle R\u00edo Negro 4997.&nbsp;<\/p>\n<p>T. camina por la vereda hasta Carmelo Ibarra, dobla y al intentar cruzar de vereda, siente el freno de un auto a sus espaldas. Cuando se da vuelta ve una chata de color gris con vidrios polarizados y a dos sujetos (altos, de entre 30 y 35 a\u00f1os, le contar\u00eda a su madre despu\u00e9s) que se bajan del veh\u00edculo y avanzan hacia ella.&nbsp;<\/p>\n<p class=\"\">&#8220;Uno la agarra del brazo y el otro la empieza a empujar para meterla a la camioneta que ten\u00eda la puerta abierta&#8221;, cuenta Ib\u00e1\u00f1ez.&nbsp;<\/p>\n<p class=\"\">En vez de gritar o de entrar en p\u00e1nico por la situaci\u00f3n, T. &#8220;le mete un codazo al que la ten\u00eda tomada del brazo y al otro lo pecha y logra zafar y correr de vuelta al colegio&#8221;, siguiendo el relato de su madre. La camioneta acelera y se pierde entre las calles.&nbsp;<\/p>\n<p class=\"\">&#8220;La flaca tiene fuerza y es de correr r\u00e1pido&#8221;, cuenta Ib\u00e1\u00f1ez. &#8220;Gracias a Dios se mantuvo tranquila y salir porque le podr\u00eda haber dado un ataque de p\u00e1nico&#8221;.&nbsp;<\/p>\n<p>En la Unidad Judicial 3 caratularon el hecho como &#8220;intento de robo&#8221; (Expediente N\u00ba 12290690) Pero la familia est\u00e1 convencida de que fue un intento de secuestro.&nbsp;<\/p>\n<p class=\"\">&#8220;Si hubiese sido un intento de robo le hubieran robado la mochila y el celular, pero en ning\u00fan momento quisieron hacerlo&#8221;, dice Ib\u00e1\u00f1ez.&nbsp; &#8220;En ning\u00fan momento le tironeaban la mochila para robarle, sino que la empujaban para meterla en la camioneta&#8221;, agrega.&nbsp;<\/p>\n<p>T., como es obvio, qued\u00f3 aterrada por lo vivido. &#8220;Ahora no quiere salir a comprar ni siquiera al almac\u00e9n de frente de mi casa&#8221;, cuenta la mam\u00e1. &#8220;Tengo miedo de que me sigan&#8221;, dice que le dice.&nbsp;<\/p>\n<p>Por \u00faltimo, la mam\u00e1 manifiesta que le causa &#8220;bronca&#8221; la versi\u00f3n judicial de una tentativa de robo.&nbsp;<\/p>\n<p class=\"\">&#8220;Me da bronca porque ella no va a ser capaz de inventar eso&#8221;, afirma Ib\u00e1\u00f1ez.&nbsp;<\/p>\n<p>&nbsp;<\/p>\n<div class=\"ubm_banner\"><a href=\"http:\/\/www.cba.gov.ar\/prevencion-incendios\" target=\"_blank\" rel=\"dofollow noopener noreferrer\"><img src=\"http:\/\/hoycordobaweb.com\/wp-content\/uploads\/2023\/09\/denuncian-intento-de-rapto-a-una-alumna-del-ciem-en-vel.gif\" alt=\"\"><\/a><\/div>\n<\/div>\n<\/div>\n<\/div>\n<\/div>\n<p>La entrada <a rel=\"nofollow\" href=\"https:\/\/ladecimaweb.com\/denuncian-intento-de-rapto-a-una-alumna-del-ciem-en-vel\/\">Denuncian intento de rapto a una alumna del Ciem en VEL<\/a> se public\u00f3 primero en <a rel=\"nofollow\" href=\"https:\/\/ladecimaweb.com\">LaDecima<\/a>.<\/p>\n","protected":false},"excerpt":{"rendered":"<p>Una familia de Villa El Libertador denuncia que su hija sufri\u00f3 un intento de rapto a la salida de una escuela en Villa El Libertador.&nbsp; Como se trata de una menor de 14 a\u00f1os de edad de tercer a\u00f1o del Centro Integral Educativo Medea mantenemos en reserva su identidad. Solo la llamaremos por la inicial [&hellip;]<\/p>\n","protected":false},"author":1,"featured_media":66722,"comment_status":"closed","ping_status":"closed","sticky":false,"template":"","format":"standard","meta":[],"categories":[19],"tags":[],"_links":{"self":[{"href":"http:\/\/hoycordobaweb.com\/index.php\/wp-json\/wp\/v2\/posts\/66721"}],"collection":[{"href":"http:\/\/hoycordobaweb.com\/index.php\/wp-json\/wp\/v2\/posts"}],"about":[{"href":"http:\/\/hoycordobaweb.com\/index.php\/wp-json\/wp\/v2\/types\/post"}],"author":[{"embeddable":true,"href":"http:\/\/hoycordobaweb.com\/index.php\/wp-json\/wp\/v2\/users\/1"}],"replies":[{"embeddable":true,"href":"http:\/\/hoycordobaweb.com\/index.php\/wp-json\/wp\/v2\/comments?post=66721"}],"version-history":[{"count":0,"href":"http:\/\/hoycordobaweb.com\/index.php\/wp-json\/wp\/v2\/posts\/66721\/revisions"}],"wp:featuredmedia":[{"embeddable":true,"href":"http:\/\/hoycordobaweb.com\/index.php\/wp-json\/wp\/v2\/media\/66722"}],"wp:attachment":[{"href":"http:\/\/hoycordobaweb.com\/index.php\/wp-json\/wp\/v2\/media?parent=66721"}],"wp:term":[{"taxonomy":"category","embeddable":true,"href":"http:\/\/hoycordobaweb.com\/index.php\/wp-json\/wp\/v2\/categories?post=66721"},{"taxonomy":"post_tag","embeddable":true,"href":"http:\/\/hoycordobaweb.com\/index.php\/wp-json\/wp\/v2\/tags?post=66721"}],"curies":[{"name":"wp","href":"https:\/\/api.w.org\/{rel}","templated":true}]}}