{"id":66719,"date":"2023-09-17T11:26:00","date_gmt":"2023-09-17T11:26:00","guid":{"rendered":"http:\/\/hoycordobaweb.com\/index.php\/2023\/09\/17\/catastrofe-en-libia-buscan-a-miles-de-desaparecidos-en-medio-del-caos-politico\/"},"modified":"2023-09-17T11:26:00","modified_gmt":"2023-09-17T11:26:00","slug":"catastrofe-en-libia-buscan-a-miles-de-desaparecidos-en-medio-del-caos-politico","status":"publish","type":"post","link":"http:\/\/hoycordobaweb.com\/index.php\/2023\/09\/17\/catastrofe-en-libia-buscan-a-miles-de-desaparecidos-en-medio-del-caos-politico\/","title":{"rendered":"Cat\u00e1strofe en Libia: buscan a miles de desaparecidos en medio del caos pol\u00edtico"},"content":{"rendered":"<p><img src=\"http:\/\/hoycordobaweb.com\/wp-content\/uploads\/2023\/09\/catastrofe-en-libia-buscan-a-miles-de-desaparecidos-en-medio-del-caos-politico.jpg\"><\/p>\n<figure class=\"mb-3\"><img loading=\"lazy\" data-src=\"http:\/\/hoycordobaweb.com\/wp-content\/uploads\/2023\/09\/catastrofe-en-libia-buscan-a-miles-de-desaparecidos-en-medio-del-caos-politico-2.jpg\" src=\"https:\/\/www.telam.com.ar\/assets\/img\/not_image.png\" class=\" lazy \" width=\"100%\" height=\"100%\" alt=\"Foto AFP\"><figcaption> Foto: AFP <\/figcaption><\/figure>\n<p>La b\u00fasqueda de los cuerpos de las personas a\u00fan desaparecidas contin\u00faa en Derna, Libia, una semana despu\u00e9s de las devastadoras inundaciones que arrasaron esa ciudad y dejaron miles de muertos.<\/p>\n<p>Las operaciones de rescate se desarrollan en medio del <strong>caos en un pa\u00eds que tiene dos gobiernos enfrentados por el poder y el balance de fallecidos var\u00eda significativamente, seg\u00fan las distintas fuentes, y va desde 3.000 a m\u00e1s de 11.000 muertos<\/strong>.<\/p>\n<p>La Oficina de Coordinaci\u00f3n de Asuntos Humanitarios de Naciones Unidas (OCHA) inform\u00f3 que las inundaciones sin precedentes dejaron cerca de 11.300 muertos y 10.100 desaparecidos s\u00f3lo en la ciudad de Derna.<\/p>\n<p>Los datos contrastan con la cifra m\u00e1s reciente divulgada por el ministro de Salud del Gobierno que controla el este de Libia, Othman Abdeljalil, de 3.252 fallecidos.<\/p>\n<p>Estos <strong>balances contradictorios muestran la divisi\u00f3n y la ausencia de una autoridad centralizada en Libia<\/strong>, un pa\u00eds sumido en el caos desde la crisis de 2011 que derib\u00f3 en el derrocamiento y ejecuci\u00f3n de Muamar Gadafi.<\/p>\n<figure class=\"mb-3\"><img loading=\"lazy\" data-src=\"http:\/\/hoycordobaweb.com\/wp-content\/uploads\/2023\/09\/catastrofe-en-libia-buscan-a-miles-de-desaparecidos-en-medio-del-caos-politico-3.jpg\" src=\"https:\/\/www.telam.com.ar\/assets\/img\/not_image.png\" class=\" lazy \" width=\"100%\" height=\"100%\" alt=\"Foto AFP\"><figcaption> Foto: AFP <\/figcaption><\/figure>\n<p>El trabajo de los equipos de emergencia se ve obstaculizado por la divisi\u00f3n en el poder, con dos gobiernos enfrentados, uno en la capital Tr\u00edpoli, que es reconocido por la ONU, y otros en el este, en la zona siniestrada.<\/p>\n<p>La tormenta Daniel golpe\u00f3 la ciudad de Derna, de unos 100.000 habitantes, el 10 de septiembre provocando el colapso de dos presas situadas en el r\u00edo Wadi Derna. El colosal caudal arras\u00f3 con edificios y arrastr\u00f3 a personas hasta el mar.<\/p>\n<p>\u00abLa situaci\u00f3n humanitaria sigue siendo muy sombr\u00eda en Derna\u00bb, advirti\u00f3 la OCHA, que inform\u00f3 que la ciudad carece de agua potable y al menos 55 ni\u00f1os se intoxicaron por beber agua contaminada.<\/p>\n<figure class=\"mb-3\"><img loading=\"lazy\" data-src=\"http:\/\/hoycordobaweb.com\/wp-content\/uploads\/2023\/09\/catastrofe-en-libia-buscan-a-miles-de-desaparecidos-en-medio-del-caos-politico-4.jpg\" src=\"https:\/\/www.telam.com.ar\/assets\/img\/not_image.png\" class=\" lazy \" width=\"100%\" height=\"100%\" alt=\"Foto AFP\"><figcaption> Foto: AFP <\/figcaption><\/figure>\n<p>Desde la tragedia, decenas de cuerpos son encontrados cada d\u00eda entre los escombros o en el mar y son enterrados en un paisaje de desolaci\u00f3n apocal\u00edptica.<\/p>\n<p>Seg\u00fan los habitantes de la ciudad, la mayor\u00eda de las v\u00edctimas fatales fueron sepultadas bajo el lodo o arrastradas hasta el mar Mediterr\u00e1neo.<\/p>\n<p>Un equipo de rescate del Departamento de Protecci\u00f3n Civil de Malta encontr\u00f3 cientos de cad\u00e1veres en una bah\u00eda y pudo recuperar algunas decenas de cuerpos, seg\u00fan el peri\u00f3dico Times of Malta.<\/p>\n<figure class=\"mb-3\"><img loading=\"lazy\" data-src=\"http:\/\/hoycordobaweb.com\/wp-content\/uploads\/2023\/09\/catastrofe-en-libia-buscan-a-miles-de-desaparecidos-en-medio-del-caos-politico-5.jpg\" src=\"https:\/\/www.telam.com.ar\/assets\/img\/not_image.png\" class=\" lazy \" width=\"100%\" height=\"100%\" alt=\"Foto AFP\"><figcaption> Foto: AFP <\/figcaption><\/figure>\n<p>\u00abProbablemente hab\u00eda unos 400, pero es dif\u00edcil de decir\u00bb, afirm\u00f3 al diario el director de los rescatistas malteses, Natalino Bezzina, que explic\u00f3 que el acceso a la bah\u00eda era complicado debido a los fuertes vientos.<\/p>\n<p>Un equipo de socorristas libios cont\u00f3 que vieron \u00abunos 600 cad\u00e1veres\u00bb en el mar frente a Om al Briket, a unos veinte kil\u00f3metros al este de Derna, seg\u00fan un v\u00eddeo publicado en las redes sociales, sin precisar si se trata de los mismos cuerpos ubicados por los malteses.<\/p>\n<figure class=\"mb-3\"><img loading=\"lazy\" data-src=\"http:\/\/hoycordobaweb.com\/wp-content\/uploads\/2023\/09\/catastrofe-en-libia-buscan-a-miles-de-desaparecidos-en-medio-del-caos-politico-6.jpg\" src=\"https:\/\/www.telam.com.ar\/assets\/img\/not_image.png\" class=\" lazy \" width=\"100%\" height=\"100%\" alt=\"Foto AFP\"><figcaption> Foto: AFP <\/figcaption><\/figure>\n<p>Otros equipos de rescate libios y extranjeros reportan cada d\u00eda que encuentran cad\u00e1veres, pero las tareas de b\u00fasqueda son dif\u00edcil por las toneladas de lodo que cubren todav\u00eda parte de la ciudad.<\/p>\n<p>Mientras tanto, la movilizaci\u00f3n internacional contin\u00faa y siguen aterrizando aviones con ayuda al aeropuerto de Bengasi, la principal ciudad del este.<\/p>\n<div class=\"card col-md-10 offset-md-1 mb-4\">\n<h3 class=\"pt-2\">Relacionadas<\/h3>\n<\/p><\/div>\n","protected":false},"excerpt":{"rendered":"<p>Foto: AFP La b\u00fasqueda de los cuerpos de las personas a\u00fan desaparecidas contin\u00faa en Derna, Libia, una semana despu\u00e9s de las devastadoras inundaciones que arrasaron esa ciudad y dejaron miles de muertos. Las operaciones de rescate se desarrollan en medio del caos en un pa\u00eds que tiene dos gobiernos enfrentados por el poder y el [&hellip;]<\/p>\n","protected":false},"author":1,"featured_media":66720,"comment_status":"open","ping_status":"closed","sticky":false,"template":"","format":"standard","meta":[],"categories":[24],"tags":[],"_links":{"self":[{"href":"http:\/\/hoycordobaweb.com\/index.php\/wp-json\/wp\/v2\/posts\/66719"}],"collection":[{"href":"http:\/\/hoycordobaweb.com\/index.php\/wp-json\/wp\/v2\/posts"}],"about":[{"href":"http:\/\/hoycordobaweb.com\/index.php\/wp-json\/wp\/v2\/types\/post"}],"author":[{"embeddable":true,"href":"http:\/\/hoycordobaweb.com\/index.php\/wp-json\/wp\/v2\/users\/1"}],"replies":[{"embeddable":true,"href":"http:\/\/hoycordobaweb.com\/index.php\/wp-json\/wp\/v2\/comments?post=66719"}],"version-history":[{"count":0,"href":"http:\/\/hoycordobaweb.com\/index.php\/wp-json\/wp\/v2\/posts\/66719\/revisions"}],"wp:featuredmedia":[{"embeddable":true,"href":"http:\/\/hoycordobaweb.com\/index.php\/wp-json\/wp\/v2\/media\/66720"}],"wp:attachment":[{"href":"http:\/\/hoycordobaweb.com\/index.php\/wp-json\/wp\/v2\/media?parent=66719"}],"wp:term":[{"taxonomy":"category","embeddable":true,"href":"http:\/\/hoycordobaweb.com\/index.php\/wp-json\/wp\/v2\/categories?post=66719"},{"taxonomy":"post_tag","embeddable":true,"href":"http:\/\/hoycordobaweb.com\/index.php\/wp-json\/wp\/v2\/tags?post=66719"}],"curies":[{"name":"wp","href":"https:\/\/api.w.org\/{rel}","templated":true}]}}