{"id":66704,"date":"2023-09-17T02:00:00","date_gmt":"2023-09-17T02:00:00","guid":{"rendered":"http:\/\/hoycordobaweb.com\/index.php\/2023\/09\/17\/talleres-e-instituto-empataron-sin-goles-en-el-clasico-cordobes\/"},"modified":"2023-09-17T02:00:00","modified_gmt":"2023-09-17T02:00:00","slug":"talleres-e-instituto-empataron-sin-goles-en-el-clasico-cordobes","status":"publish","type":"post","link":"http:\/\/hoycordobaweb.com\/index.php\/2023\/09\/17\/talleres-e-instituto-empataron-sin-goles-en-el-clasico-cordobes\/","title":{"rendered":"Talleres e Instituto empataron sin goles en el cl\u00e1sico cordob\u00e9s"},"content":{"rendered":"<p><img src=\"http:\/\/hoycordobaweb.com\/wp-content\/uploads\/2023\/09\/talleres-e-instituto-empataron-sin-goles-en-el-clasico-cordobes.jpg\"><\/p>\n<figure class=\"mb-3\"><img loading=\"lazy\" data-src=\"http:\/\/hoycordobaweb.com\/wp-content\/uploads\/2023\/09\/talleres-e-instituto-empataron-sin-goles-en-el-clasico-cordobes-2.jpg\" src=\"https:\/\/www.telam.com.ar\/assets\/img\/not_image.png\" class=\" lazy \" width=\"100%\" height=\"100%\" alt=\"Foto Laura Lescano\"><figcaption> Foto: Laura Lescano. <\/figcaption><\/figure>\n<p><strong>Talleres e Instituto de C\u00f3rdoba<\/strong>&nbsp;empataron sin goles en una nueva edici\u00f3n de uno de los cl\u00e1sicos m\u00e1s importantes de la provincia, por la cuarta fecha de la Copa de la Liga Profesional y con presencia de hinchas de ambos clubes en las tribunas del estadio Mario Kempes.<\/p>\n<figure class=\"mb-3\"><img loading=\"lazy\" data-src=\"http:\/\/hoycordobaweb.com\/wp-content\/uploads\/2023\/09\/talleres-e-instituto-empataron-sin-goles-en-el-clasico-cordobes-3.jpg\" src=\"https:\/\/www.telam.com.ar\/assets\/img\/not_image.png\" class=\" lazy \" width=\"100%\" height=\"100%\" alt=\"Foto Laura Lescano\"><figcaption> Foto: Laura Lescano. <\/figcaption><\/figure>\n","protected":false},"excerpt":{"rendered":"<p>Foto: Laura Lescano. Talleres e Instituto de C\u00f3rdoba&nbsp;empataron sin goles en una nueva edici\u00f3n de uno de los cl\u00e1sicos m\u00e1s importantes de la provincia, por la cuarta fecha de la Copa de la Liga Profesional y con presencia de hinchas de ambos clubes en las tribunas del estadio Mario Kempes. Foto: Laura Lescano.<\/p>\n","protected":false},"author":1,"featured_media":66705,"comment_status":"open","ping_status":"closed","sticky":false,"template":"","format":"standard","meta":[],"categories":[16],"tags":[],"_links":{"self":[{"href":"http:\/\/hoycordobaweb.com\/index.php\/wp-json\/wp\/v2\/posts\/66704"}],"collection":[{"href":"http:\/\/hoycordobaweb.com\/index.php\/wp-json\/wp\/v2\/posts"}],"about":[{"href":"http:\/\/hoycordobaweb.com\/index.php\/wp-json\/wp\/v2\/types\/post"}],"author":[{"embeddable":true,"href":"http:\/\/hoycordobaweb.com\/index.php\/wp-json\/wp\/v2\/users\/1"}],"replies":[{"embeddable":true,"href":"http:\/\/hoycordobaweb.com\/index.php\/wp-json\/wp\/v2\/comments?post=66704"}],"version-history":[{"count":0,"href":"http:\/\/hoycordobaweb.com\/index.php\/wp-json\/wp\/v2\/posts\/66704\/revisions"}],"wp:featuredmedia":[{"embeddable":true,"href":"http:\/\/hoycordobaweb.com\/index.php\/wp-json\/wp\/v2\/media\/66705"}],"wp:attachment":[{"href":"http:\/\/hoycordobaweb.com\/index.php\/wp-json\/wp\/v2\/media?parent=66704"}],"wp:term":[{"taxonomy":"category","embeddable":true,"href":"http:\/\/hoycordobaweb.com\/index.php\/wp-json\/wp\/v2\/categories?post=66704"},{"taxonomy":"post_tag","embeddable":true,"href":"http:\/\/hoycordobaweb.com\/index.php\/wp-json\/wp\/v2\/tags?post=66704"}],"curies":[{"name":"wp","href":"https:\/\/api.w.org\/{rel}","templated":true}]}}