{"id":66702,"date":"2023-09-16T16:56:00","date_gmt":"2023-09-16T16:56:00","guid":{"rendered":"http:\/\/hoycordobaweb.com\/index.php\/2023\/09\/16\/ongs-denuncian-que-iran-impide-la-conmemoracion-a-un-ano-de-la-muerte-de-mahsa-amini\/"},"modified":"2023-09-16T16:56:00","modified_gmt":"2023-09-16T16:56:00","slug":"ongs-denuncian-que-iran-impide-la-conmemoracion-a-un-ano-de-la-muerte-de-mahsa-amini","status":"publish","type":"post","link":"http:\/\/hoycordobaweb.com\/index.php\/2023\/09\/16\/ongs-denuncian-que-iran-impide-la-conmemoracion-a-un-ano-de-la-muerte-de-mahsa-amini\/","title":{"rendered":"ONGs denuncian que Ir\u00e1n impide la conmemoraci\u00f3n a un a\u00f1o de la muerte de Mahsa Amini"},"content":{"rendered":"<p><img src=\"http:\/\/hoycordobaweb.com\/wp-content\/uploads\/2023\/09\/ongs-denuncian-que-iran-impide-la-conmemoracion-a-un-ano-de-la-muerte-de-mahsa-amini.jpg\"><\/p>\n<figure class=\"mb-3\"><img loading=\"lazy\" data-src=\"http:\/\/hoycordobaweb.com\/wp-content\/uploads\/2023\/09\/ongs-denuncian-que-iran-impide-la-conmemoracion-a-un-ano-de-la-muerte-de-mahsa-amini-2.jpg\" src=\"https:\/\/www.telam.com.ar\/assets\/img\/not_image.png\" class=\" lazy \" width=\"100%\" height=\"100%\" alt=\"La muerte de la joven kurda iran el 16 de septiembre de 2022 desat una ola de protestas Foto AFP\"><figcaption> La muerte de la joven kurda iran\u00ed el 16 de septiembre de 2022 desat\u00f3 una ola de protestas \/ Foto: AFP. <\/figcaption><\/figure>\n<p>Las autoridades de la Rep\u00fablica isl\u00e1mica de Ir\u00e1n impidieron este s\u00e1bado que la familia de Mahsa Amini organizara una ceremonia para conmemorar un a\u00f1o de su muerte y detuvieron brevemente a su padre,<strong> denunciaron grupos de derechos humanos<\/strong>, en el primer aniversario del deceso bajo arresto policial de la joven, lo que desat\u00f3 una ola de <strong>protestas <\/strong>en el pa\u00eds persa.<\/p>\n<p>Amjad Amini fue arrestado por la Guardia Revolucionaria de Ir\u00e1n al salir de su casa en la ciudad de Saqgez y trasladado a \u00abun lugar desconocido\u00bb, denunci\u00f3 la ONG Hengaw en un comunicado replicado por la agencia de noticias Europa Press.<\/p>\n<p>M\u00e1s tarde, otras tres organizaciones, <strong>Kurdistan Human Rights Network, 1500tasvir e Iran Human Rights, anunciaron su liberaci\u00f3n y denunciaron que las autoridades le hab\u00edan advertido que no pod\u00eda celebrar una conmemoraci\u00f3n <\/strong>en la tumba de su hija.<\/p>\n<p>A pesar de las amenazas, los Amini anunciaron que \u00abcomo cualquier familia en duelo\u00bb, acudir\u00edan a la tumba de Mahsa, en momentos en que activistas denuncian una intensificaci\u00f3n de la persecuci\u00f3n a personas allegadas al caso en este \u00faltimo mes.<\/p>\n<figure class=\"mb-3\"><img loading=\"lazy\" data-src=\"http:\/\/hoycordobaweb.com\/wp-content\/uploads\/2023\/09\/ongs-denuncian-que-iran-impide-la-conmemoracion-a-un-ano-de-la-muerte-de-mahsa-amini-3.jpg\" src=\"https:\/\/www.telam.com.ar\/assets\/img\/not_image.png\" class=\" lazy \" width=\"100%\" height=\"100%\" alt=\"Advierten que las calles que conducen a la tumba de Mahsa estn altamente militarizada Foto AFP Archivo\"><figcaption> Advierten que las calles que conducen a la tumba de Mahsa est\u00e1n \u00abaltamente militarizada\u00bb \/ Foto: AFP Archivo. <\/figcaption><\/figure>\n<p>Amjad est\u00e1 impedido de salir de su domicilio en Saqqez, la ciudad de origen de Amini en la provincia del Kurdist\u00e1n, y fuera de su casa hay apostados miembros de la fuerza de seguridad, agregaron las organizaciones en publicaciones recogidas por la agencia de noticias AFP.<\/p>\n<p>Adem\u00e1s, seg\u00fan las organizaciones, las calles que conducen a la tumba de Mahsa est\u00e1n \u00abaltamente militarizada\u00bb con fuerzas de seguridad desplegadas y armadas en Saqqez y en otras ciudades del oeste de Ir\u00e1n que puedan convertirse en focos de tensi\u00f3n durante el fin de semana.<\/p>\n<p>La joven kurda iran\u00ed de 22 a\u00f1os, Mahsa, muri\u00f3 el 16 de septiembre de 2022 bajo arresto policial, tras haber sido detenida por presuntamente vulnerar el <strong>c\u00f3digo de vestimenta para las mujeres que rige desde poco despu\u00e9s de la revoluci\u00f3n isl\u00e1mica de 1979<\/strong>.<\/p>\n<p><strong>Su familia afirma que muri\u00f3 de un golpe en la cabeza, pero las autoridades lo niegan.<\/strong><\/p>\n<p>El deceso desencaden\u00f3 una ola de protestas que se prolong\u00f3 durante semanas y muchas mujeres se quitaron el velo, en un gesto de desaf\u00edo a esta rep\u00fablica isl\u00e1mica liderada por el gu\u00eda supremo, el ayatollah Al\u00ed Jamenei.<\/p>\n<figure class=\"mb-3\"><img loading=\"lazy\" data-src=\"http:\/\/hoycordobaweb.com\/wp-content\/uploads\/2023\/09\/ongs-denuncian-que-iran-impide-la-conmemoracion-a-un-ano-de-la-muerte-de-mahsa-amini-4.jpg\" src=\"https:\/\/www.telam.com.ar\/assets\/img\/not_image.png\" class=\" lazy \" width=\"100%\" height=\"100%\" alt=\"Las movilizaciones perdieron impulso con los meses aplacadas por una represin que caus la muerte de 551 manifestantes Foto AFP\"><figcaption> Las movilizaciones perdieron impulso con los meses, aplacadas por una represi\u00f3n que caus\u00f3 la muerte de 551 manifestantes \/ Foto: AFP. <\/figcaption><\/figure>\n<p>Las movilizaciones perdieron impulso con los meses, aplacadas por una represi\u00f3n que caus\u00f3 la muerte de 551 manifestantes, entre ellos 68 ni\u00f1os y 49 mujeres, seg\u00fan Iran Human Rights, y la detenci\u00f3n de m\u00e1s de 22.000 personas, seg\u00fan Amnist\u00eda Internacional, adem\u00e1s de la ejecuci\u00f3n de siete hombres por casos vinculados a esas manifestaciones.<\/p>\n<p>Sin embargo, activistas aseguran que la represi\u00f3n se intensific\u00f3 con la cercan\u00eda del aniversario, dirigida especialmente a personas allegadas a v\u00edctimas de la represi\u00f3n, para acallarlas.<\/p>\n<p><strong>Human Rights Watch (HRW) precis\u00f3 que familiares de al menos 36 personas asesinadas o ejecutadas fueron interrogados, detenidos, perseguidos o condenados a c\u00e1rcel a lo largo del \u00faltimo mes<\/strong>.<\/p>\n<p>\u00abLas autoridades iran\u00edes intentan sofocar la disidencia para impedir la conmemoraci\u00f3n p\u00fablica de la muerte en detenci\u00f3n de Mahsa Jina Amini\u00bb, dijo Tara Sepehri Far, investigadora de la ONG.<\/p>\n<p>Las dos periodistas que siguieron m\u00e1s de cerca el caso, Niloofar Hamedi y Elahe Mohammadi, est\u00e1n encarceladas desde hace casi un a\u00f1o, mientras que Nazila Maroufian, que entrevist\u00f3 varias veces al padre de Mahsa, Amjad Amini, fue detenida en m\u00faltiples ocasiones.<\/p>\n<figure class=\"mb-3\"><img loading=\"lazy\" data-src=\"http:\/\/hoycordobaweb.com\/wp-content\/uploads\/2023\/09\/ongs-denuncian-que-iran-impide-la-conmemoracion-a-un-ano-de-la-muerte-de-mahsa-amini-5.jpg\" src=\"https:\/\/www.telam.com.ar\/assets\/img\/not_image.png\" class=\" lazy \" width=\"100%\" height=\"100%\" alt=\"Telam SE\"><figcaption><\/figcaption><\/figure>\n<p>En paralelo, el Parlamento tramita un proyecto de ley conocido con el nombre de \u00abRespaldo a la cultura del hiyab y la castidad\u00bb que pide sanciones mucho m\u00e1s severas por el incumplimiento del c\u00f3digo de vestimenta.<\/p>\n<p>Sara Hossain, presidenta de la misi\u00f3n de la ONU para investigar la represi\u00f3n en Ir\u00e1n, denunci\u00f3 que el pa\u00eds \u00abest\u00e1 redoblando la represi\u00f3n y las represalias contra sus ciudadanos y que intenta promulgar nuevas leyes m\u00e1s draconianas que restringen a\u00fan m\u00e1s los derechos de las mujeres\u00bb.<\/p>\n<p>El presidente iran\u00ed, Ebrahim Raisi, que a\u00fan no emiti\u00f3 declaraciones respecto de las denuncias de las ONGs, se reuni\u00f3 este s\u00e1bado en la ciudad de Mashad, la segunda m\u00e1s poblada del pa\u00eds, con familiares de miembros de seguridad muertos durante la ola de protestas, en el marco de una celebraci\u00f3n chi\u00edta vinculada al im\u00e1n Reza.<\/p>\n<p>En un primer encuentro el jueves con la familia de un polic\u00eda de seguridad muerto en Teher\u00e1n, Raisi celebr\u00f3 el \u00abvergonzoso fracaso del plan de los enemigos para desestabilizar\u00bb el pa\u00eds a finales de 2022, inform\u00f3 la Presidencia.<\/p>\n<h2 class>Condenas internacionales a un a\u00f1o de la muerte de Mahsa Amini<\/h2>\n<p>A ra\u00edz de las represiones que sacudieron al pueblo iran\u00ed tras la muerte de Amini, Ir\u00e1n recibi\u00f3 fuertes condenas internacionales y este viernes <strong>Estados Unidos, Canad\u00e1, el Reino Unido, la Uni\u00f3n Europea (UE) y Australia anunciaron sanciones contra varios funcionarios y entidades iran\u00edes<\/strong>.<\/p>\n<p>Tras ese anuncio, Ir\u00e1n arremeti\u00f3 contra esas potencias occidentales y tild\u00f3 las sanciones de \u00abacciones ilegales y poco diplom\u00e1ticas\u00bb, en un comunicado difundido en la noche de este viernes por el vocero del Ministerio de relaciones Exteriores iran\u00ed, Nase Kanani.<\/p>\n<p>Kanani conden\u00f3 adem\u00e1s las <strong>\u00abacciones y declaraciones intervencionistas y las rid\u00edculas e hip\u00f3critas\u00bb muestras de apoyo al movimiento de protesta y dijo que los diplom\u00e1ticos occidentales mostraron un \u00abcomportamiento poco constructivo\u00bb<\/strong> que \u00abno sirve a sus intereses\u00bb.<\/p>\n","protected":false},"excerpt":{"rendered":"<p>La muerte de la joven kurda iran\u00ed el 16 de septiembre de 2022 desat\u00f3 una ola de protestas \/ Foto: AFP. Las autoridades de la Rep\u00fablica isl\u00e1mica de Ir\u00e1n impidieron este s\u00e1bado que la familia de Mahsa Amini organizara una ceremonia para conmemorar un a\u00f1o de su muerte y detuvieron brevemente a su padre, denunciaron [&hellip;]<\/p>\n","protected":false},"author":1,"featured_media":66703,"comment_status":"open","ping_status":"closed","sticky":false,"template":"","format":"standard","meta":[],"categories":[19],"tags":[],"_links":{"self":[{"href":"http:\/\/hoycordobaweb.com\/index.php\/wp-json\/wp\/v2\/posts\/66702"}],"collection":[{"href":"http:\/\/hoycordobaweb.com\/index.php\/wp-json\/wp\/v2\/posts"}],"about":[{"href":"http:\/\/hoycordobaweb.com\/index.php\/wp-json\/wp\/v2\/types\/post"}],"author":[{"embeddable":true,"href":"http:\/\/hoycordobaweb.com\/index.php\/wp-json\/wp\/v2\/users\/1"}],"replies":[{"embeddable":true,"href":"http:\/\/hoycordobaweb.com\/index.php\/wp-json\/wp\/v2\/comments?post=66702"}],"version-history":[{"count":0,"href":"http:\/\/hoycordobaweb.com\/index.php\/wp-json\/wp\/v2\/posts\/66702\/revisions"}],"wp:featuredmedia":[{"embeddable":true,"href":"http:\/\/hoycordobaweb.com\/index.php\/wp-json\/wp\/v2\/media\/66703"}],"wp:attachment":[{"href":"http:\/\/hoycordobaweb.com\/index.php\/wp-json\/wp\/v2\/media?parent=66702"}],"wp:term":[{"taxonomy":"category","embeddable":true,"href":"http:\/\/hoycordobaweb.com\/index.php\/wp-json\/wp\/v2\/categories?post=66702"},{"taxonomy":"post_tag","embeddable":true,"href":"http:\/\/hoycordobaweb.com\/index.php\/wp-json\/wp\/v2\/tags?post=66702"}],"curies":[{"name":"wp","href":"https:\/\/api.w.org\/{rel}","templated":true}]}}