{"id":66700,"date":"2023-09-16T16:58:00","date_gmt":"2023-09-16T16:58:00","guid":{"rendered":"http:\/\/hoycordobaweb.com\/index.php\/2023\/09\/16\/la-unesco-definira-esta-semana-si-declara-al-museo-esma-como-patrimonio-mundial\/"},"modified":"2023-09-16T16:58:00","modified_gmt":"2023-09-16T16:58:00","slug":"la-unesco-definira-esta-semana-si-declara-al-museo-esma-como-patrimonio-mundial","status":"publish","type":"post","link":"http:\/\/hoycordobaweb.com\/index.php\/2023\/09\/16\/la-unesco-definira-esta-semana-si-declara-al-museo-esma-como-patrimonio-mundial\/","title":{"rendered":"La Unesco definir\u00e1 esta semana si declara al Museo ESMA como Patrimonio Mundial"},"content":{"rendered":"<p><img src=\"http:\/\/hoycordobaweb.com\/wp-content\/uploads\/2023\/09\/la-unesco-definira-esta-semana-si-declara-al-museo-esma-como-patrimonio-mundial.jpg\"><\/p>\n<figure class=\"mb-3\"><img loading=\"lazy\" data-src=\"http:\/\/hoycordobaweb.com\/wp-content\/uploads\/2023\/09\/la-unesco-definira-esta-semana-si-declara-al-museo-esma-como-patrimonio-mundial-2.jpg\" src=\"https:\/\/www.telam.com.ar\/assets\/img\/not_image.png\" class=\" lazy \" width=\"100%\" height=\"100%\" alt=\"Museo Esma Foto museositioesma\"><figcaption> Museo Esma \/ Foto @museositioesma. <\/figcaption><\/figure>\n<p>El Museo Sitio de Memoria ESMA podr\u00eda ser declarado Patrimonio Mundial de la Unesco antes del pr\u00f3ximo jueves por el Comit\u00e9 de ese organismo Internacional, que se encuentra sesionando desde el pasado 10 de septiembre en su <strong>45\u00b0 Convenci\u00f3n en la ciudad de Riad, Arabia Saudita,<\/strong> una distinci\u00f3n que pondr\u00eda en valor la memoria de una de las etapas m\u00e1s oscuras no solo del pa\u00eds sino de la regi\u00f3n.<\/p>\n<p>El Comit\u00e9 del Patrimonio Mundial de la Organizaci\u00f3n de las Naciones Unidas para la Educaci\u00f3n, la Ciencia y la Cultura (Unesco) comenz\u00f3 a tratar este s\u00e1bado el bloque tem\u00e1tico en el que se encuentra la postulaci\u00f3n del Museo ESMA para obtener este reconocimiento.<\/p>\n<p>Dado que el bloque <strong>contiene 72 temas<\/strong> a tratar desde este s\u00e1bado hasta el jueves y <strong>la candidatura del Museo ESMA se encuentra en el n\u00famero de orden 56<\/strong>, desde la Secretar\u00eda de Derechos Humanos argentina estimaron que, si bien no hay un tiempo estipulado para el tratamiento de cada tema, <strong>la definici\u00f3n podr\u00eda darse este mi\u00e9rcole<\/strong>s.<\/p>\n<blockquote class=\"twitter-tweet\" readability=\"7.6944444444444\">\n<p lang=\"es\" dir=\"ltr\">La Unesco definir\u00e1 esta semana en Arabia Saudita si declara al Museo ESMA como Patrimonio Mundial<\/p>\n<p>\ud83d\udccc La comitiva que viaja a Riad se encuentra encabezada por el secretario de Derechos Humanos Horacio Pietragalla Corti (<a href=\"https:\/\/twitter.com\/pietragallahora?ref_src=twsrc%5Etfw\">@pietragallahora<\/a>) <\/p>\n<p>\u270d Laura Pomilio <a href=\"https:\/\/t.co\/6yZGhGx4wc\">https:\/\/t.co\/6yZGhGx4wc<\/a> <a href=\"https:\/\/t.co\/cQdwjsvSVG\">pic.twitter.com\/cQdwjsvSVG<\/a><\/p>\n<p>\u2014 Agencia T\u00e9lam (@AgenciaTelam) <a href=\"https:\/\/twitter.com\/AgenciaTelam\/status\/1703093063973761256?ref_src=twsrc%5Etfw\">September 16, 2023<\/a><\/p><\/blockquote>\n<p>La sede oficial de la 45\u00b0 sesi\u00f3n ampliada del Comit\u00e9 del Patrimonio Mundial es el Hotel Al-Faisaliah, ubicado en el coraz\u00f3n de la capital saudita.<\/p>\n<p><strong>La comitiva argentina que viaja a Riad<\/strong> se encuentra encabezada por el secretario de Derechos Humanos, Horacio Pietragalla Corti; la directora ejecutiva del Museo ESMA, Mar\u00eda Marcela &#8216;Mayki&#8217; Gorosito y el coordinador general del Plan de Trabajo para la candidatura del Sitio de Memoria ESMA, Mauricio Cohen Salama.<\/p>\n<p><strong>El Museo ESMA<\/strong> integra la lista de 16 candidaturas de bienes culturales a ser examinados por el organismo en la Convenci\u00f3n de este a\u00f1o junto con La Maison Carr\u00e9e de Nimes en Francia; la antigua ciudad de Si Thep en Tailandia; los Conjuntos Sagrados de los Hoysalas en India y los Sitios conmemorativos del Genocidio Nyamata, Murambi, Gisozi y Bisesero en Ruanda, entre otros.<\/p>\n<p>La expectativa es que la ESMA reciba el reconocimiento de Patrimonio Mundial, de la misma forma en que ya fueron reconocidos otros lugares de memoria como el centro de exterminio de Auschwitz-Birkenau (Polonia); la Isla Robben en Sud\u00e1frica, s\u00edmbolo de la segregaci\u00f3n racial; y el Memorial de la Paz de Hiroshima (Jap\u00f3n).<\/p>\n<figure class=\"mb-3\"><img loading=\"lazy\" data-src=\"http:\/\/hoycordobaweb.com\/wp-content\/uploads\/2023\/09\/la-unesco-definira-esta-semana-si-declara-al-museo-esma-como-patrimonio-mundial-3.jpg\" src=\"https:\/\/www.telam.com.ar\/assets\/img\/not_image.png\" class=\" lazy \" width=\"100%\" height=\"100%\" alt=\"Horacio Pietragalla Foto Horacio Culiaciatti\"><figcaption> Horacio Pietragalla Foto: Horacio Culiaciatti. <\/figcaption><\/figure>\n<p><strong>\u00ab<\/strong>Estamos expectantes frente a la incorporaci\u00f3n del Museo Sitio de Memoria ESMA como Patrimonio Mundial de la Unesco.<strong> Este lugar fue un emblema del terrorismo de Estado en nuestro pa\u00eds, pero tambi\u00e9n de reconstrucci\u00f3n y memoria, gracias a la decisi\u00f3n pol\u00edtica de N\u00e9stor Kirchner y de Cristina Fern\u00e1ndez de Kirchner<\/strong>\u00ab, dijo en declaraciones a T\u00e9lam <strong>Pietragalla Corti, quien parte este s\u00e1bado hacia Arabia Saudita.<\/strong><\/p>\n<p>El funcionario sostuvo que el hecho de que \u00aba 40 a\u00f1os de la recuperaci\u00f3n democr\u00e1tica podamos alcanzar este hito para nuestro pa\u00eds nos llena de orgullo\u00bb y que espera que \u00abfinalmente el Museo Sitio de Memoria ESMA pueda ser incorporado como Patrimonio Mundial de la Unesco\u00bb.<\/p>\n<div class=\"jumbotron pt-4 mt-3\" readability=\"35\">\n<h3 class=\"module-title\">Pietragalla: \u00abSi todo sale bien la Unesco va a declarar a la ex ESMA patrimonio de la humanidad\u00bb<\/h3>\n<p>El secretario de Derechos Humanos, Horacio Pietragalla Corti, dijo que en caso de recibir una respuesta favorable por parte de la Unesco esta semana el Museo Sitio de Memoria ESMA \u00abva a ser <strong>declarado Patrimonio de la Humanidad\u00bb<\/strong> y se\u00f1al\u00f3 que \u00abesas son las victorias\u00bb.<\/p>\n<p>\u00abEsta semana, si todo sale bien y tenemos suerte y hay una buena decisi\u00f3n de la Unesco el Museo Sitio de Memoria ESMA va a a ser declarado Patrimonio de la Humanidad. Creo que esas son las victorias\u00bb, indic\u00f3 este s\u00e1bado el funcionario nacional durante el <strong>acto de se\u00f1alizaci\u00f3n como Sitio de Memoria del Centro de Operaciones T\u00e1cticas<\/strong> (C.O.T) 1, ubicado en Avenida del Libertador 14.237, en la localidad bonaerense de<strong> Mart\u00ednez.<\/strong><\/p>\n<p>El acto cont\u00f3 con la presencia del titular de la Secretar\u00eda, funcionarios de la subsecretar\u00eda de Derechos Humanos bonaerense y representantes del organismos de Derechos Humanos.<\/p>\n<p>El COT Mart\u00ednez depend\u00eda de la jefatura de la Polic\u00eda bonaerense, bajo el mando del entonces coronel Ram\u00f3n Camps, y de la Direcci\u00f3n General de Investigaciones a cargo de Miguel Etchecolatz, como parte del Circuito l de Campos Clandestinos de Detenci\u00f3n<\/p>\n<p>En el acto, Pietragalla Corti se refiri\u00f3 a la posibilidad de que antes del pr\u00f3ximo jueves el <strong>Museo Sitio de Memoria ESMA sea declarado Patrimonio Mundial de la Unesco.<\/strong>(Ver aparte)<\/p>\n<\/p><\/div>\n<p>El Museo Sitio de Memoria ESMA fue<strong> inaugurado el 19 de mayo de 2015, <\/strong>luego de una larga lucha de los organismos de derechos humanos por preservar el espacio en tanto prueba judicial de los cr\u00edmenes all\u00ed cometidos por la \u00faltima dictadura c\u00edvico militar.<\/p>\n<p><strong>Hasta 2004 <\/strong>sigui\u00f3 funcionando all\u00ed la escuela de <strong>oficiales de la Armada<\/strong> y llevar\u00eda tres a\u00f1os terminar de desalojar todas las instituciones navales, sumado a los trabajos de recuperaci\u00f3n y puesta en valor necesarios para que finalmente en 2015 se concretara su inauguraci\u00f3n en el edificio conocido como \u00abCasino de Oficiales\u00bb.<\/p>\n<p>En la ESMA, el mayor centro clandestino de detenci\u00f3n, tortura y exterminio del pa\u00eds, estuvieron detenidos-desaparecidos cerca de cinco mil hombres y mujeres que fueron recluidos en condiciones inhumanas, muchos de ellos inyectados con sedantes para ser arrojadas al mar mediante los llamados \u00abvuelos de la muerte\u00bb.<\/p>\n<p>En este mismo lugar, <strong>nacieron beb\u00e9s en cautiverio <\/strong>que fueron separados de sus madres y en su mayor\u00eda fueron ilegalmente apropiados. Gracias a la enorme labor de la Asociaci\u00f3n Abuelas de Plaza de Mayo, ya fueron encontrados 133 nietos pero la b\u00fasqueda incansable contin\u00faa por los cientos que a\u00fan se estima que faltan.<\/p>\n<figure class=\"mb-3\"><img loading=\"lazy\" data-src=\"http:\/\/hoycordobaweb.com\/wp-content\/uploads\/2023\/09\/la-unesco-definira-esta-semana-si-declara-al-museo-esma-como-patrimonio-mundial-4.jpg\" src=\"https:\/\/www.telam.com.ar\/assets\/img\/not_image.png\" class=\" lazy \" width=\"100%\" height=\"100%\" alt=\"Museo Esma Foto museositioesma\"><figcaption> Museo Esma \/ Foto @museositioesma. <\/figcaption><\/figure>\n<p>A trav\u00e9s de <strong>visitas guiadas o autoguiadas, <\/strong>los visitantes pueden recorrer la exhibici\u00f3n permanente del Museo ESMA que consta de 17 salas abiertas al p\u00fablico, las cuales contienen dispositivos museogr\u00e1ficos tradicionales y contempor\u00e1neos, m\u00e1s dos espacios destinados a muestras temporarias.<\/p>\n<p><strong>S\u00f3lo durante 2022<\/strong>, el Museo Sitio de Memoria ESMA <strong>recibi\u00f3 un total de 44.443 visitantes nacionales e internacionales<\/strong>, con un alto porcentaje (63%) de estudiantes y docentes de nivel medio y superior.<\/p>\n<figure class=\"mb-3\"><img loading=\"lazy\" data-src=\"http:\/\/hoycordobaweb.com\/wp-content\/uploads\/2023\/09\/la-unesco-definira-esta-semana-si-declara-al-museo-esma-como-patrimonio-mundial-5.jpg\" src=\"https:\/\/www.telam.com.ar\/assets\/img\/not_image.png\" class=\" lazy \" width=\"100%\" height=\"100%\" alt=\"Museo Esma Foto museositioesma\"><figcaption> Museo Esma \/ Foto @museositioesma. <\/figcaption><\/figure>\n<p>En el predio donde se encuentra el Museo de la ESMA, ubicado en Avenida del Libertador 8.151, en el l\u00edmite noreste de la ciudad de Buenos Aires, funcionan tambi\u00e9n la Secretar\u00eda de Derechos Humanos de la Naci\u00f3n, el Instituto Nacional de Asuntos Ind\u00edgenas, las Casas de los organismos de derechos humanos y el Museo Malvinas e Islas del Atl\u00e1ntico Sur, entre otros espacios.<\/p>\n<p><strong>El largo camino recorrido desde 2015<\/strong> cuando el estado argentino inici\u00f3 las <strong>gestiones ante la Unesco <\/strong>y en 2017 inform\u00f3 al Centro de Patrimonio Mundial que el Museo ESMA hab\u00eda sido inscripto en su lista tentativa, podr\u00eda tener antes de este jueves una resoluci\u00f3n en la 45\u00b0 Sesi\u00f3n Ampliada del organismo internacional.<\/p>\n<p>A fines de febrero de <strong>este a\u00f1o, <\/strong>se produjo la visita del inspector del Consejo Internacional de Monumentos y Sitios (Icomos), quien efectu\u00f3 una <strong>\u00abvisualizaci\u00f3n del bien\u00bb,<\/strong> que consisti\u00f3 en una revisi\u00f3n exhaustiva del estado de conservaci\u00f3n, integridad, autenticidad y gesti\u00f3n del Museo, a partir de la cual elabor\u00f3 un informe que ser\u00e1 tenido en cuenta para la definici\u00f3n final del Comit\u00e9.<\/p>\n<p><strong>La Argentina ya cuenta con once bienes inscritos en la Lista del Patrimonio Mundial,<\/strong> cinco de ellos de car\u00e1cter natural -como los Parques Nacionales Iguaz\u00fa y Los Glaciares- y los otros seis de \u00edndole cultural como la Quebrada de Humahuaca, las Misiones Jesu\u00edticas de los Guaran\u00edes o La Cueva de las Manos, entre otros.<\/p>\n<p>Las sesiones pueden seguirse en vivo a trav\u00e9s de la p\u00e1gina web de la <a href=\"https:\/\/whc.unesco.org\/en\/sessions\/45COM\" target=\"_blank\" rel=\"noopener noreferrer\">45\u00b0 Sesi\u00f3n del Comit\u00e9 del Patrimonio Mundial<\/a>. <\/p>\n","protected":false},"excerpt":{"rendered":"<p>Museo Esma \/ Foto @museositioesma. El Museo Sitio de Memoria ESMA podr\u00eda ser declarado Patrimonio Mundial de la Unesco antes del pr\u00f3ximo jueves por el Comit\u00e9 de ese organismo Internacional, que se encuentra sesionando desde el pasado 10 de septiembre en su 45\u00b0 Convenci\u00f3n en la ciudad de Riad, Arabia Saudita, una distinci\u00f3n que pondr\u00eda [&hellip;]<\/p>\n","protected":false},"author":1,"featured_media":66701,"comment_status":"open","ping_status":"closed","sticky":false,"template":"","format":"standard","meta":[],"categories":[19],"tags":[],"_links":{"self":[{"href":"http:\/\/hoycordobaweb.com\/index.php\/wp-json\/wp\/v2\/posts\/66700"}],"collection":[{"href":"http:\/\/hoycordobaweb.com\/index.php\/wp-json\/wp\/v2\/posts"}],"about":[{"href":"http:\/\/hoycordobaweb.com\/index.php\/wp-json\/wp\/v2\/types\/post"}],"author":[{"embeddable":true,"href":"http:\/\/hoycordobaweb.com\/index.php\/wp-json\/wp\/v2\/users\/1"}],"replies":[{"embeddable":true,"href":"http:\/\/hoycordobaweb.com\/index.php\/wp-json\/wp\/v2\/comments?post=66700"}],"version-history":[{"count":0,"href":"http:\/\/hoycordobaweb.com\/index.php\/wp-json\/wp\/v2\/posts\/66700\/revisions"}],"wp:featuredmedia":[{"embeddable":true,"href":"http:\/\/hoycordobaweb.com\/index.php\/wp-json\/wp\/v2\/media\/66701"}],"wp:attachment":[{"href":"http:\/\/hoycordobaweb.com\/index.php\/wp-json\/wp\/v2\/media?parent=66700"}],"wp:term":[{"taxonomy":"category","embeddable":true,"href":"http:\/\/hoycordobaweb.com\/index.php\/wp-json\/wp\/v2\/categories?post=66700"},{"taxonomy":"post_tag","embeddable":true,"href":"http:\/\/hoycordobaweb.com\/index.php\/wp-json\/wp\/v2\/tags?post=66700"}],"curies":[{"name":"wp","href":"https:\/\/api.w.org\/{rel}","templated":true}]}}