{"id":66674,"date":"2023-09-16T14:15:35","date_gmt":"2023-09-16T14:15:35","guid":{"rendered":"https:\/\/manoamanocba.com.ar\/?p=6473"},"modified":"2023-09-16T14:15:35","modified_gmt":"2023-09-16T14:15:35","slug":"mano-a-mano-con-federico-fernandez-que-vuelve-a-cordoba-con-buenos-aires-ballet","status":"publish","type":"post","link":"http:\/\/hoycordobaweb.com\/index.php\/2023\/09\/16\/mano-a-mano-con-federico-fernandez-que-vuelve-a-cordoba-con-buenos-aires-ballet\/","title":{"rendered":"Mano a mano con Federico Fern\u00e1ndez, que vuelve a C\u00f3rdoba con Buenos Aires Ballet"},"content":{"rendered":"<p><span><strong>Buenos Aires Ballet<\/strong> regresa al <strong>Teatro del Libertador San Mart\u00edn de C\u00f3rdoba<\/strong> el domingo 17 de septiembre, con la presentaci\u00f3n de \u201cGrandes cl\u00e1sicos de ballet, tango y estrenos\u201d y la interpretaci\u00f3n de las principales figuras de la danza argentina.<\/span><\/p>\n<p><span>La compa\u00f1\u00eda independiente fue fundada en 2013 -primero con el nombre de Ballet en Gala y a partir de 2015 rebautizada como Buenos Aires Ballet- por <strong>Federico Fern\u00e1ndez<\/strong>, Primer Bailar\u00edn del Teatro Col\u00f3n desde hace 11 a\u00f1os.<\/span><\/p>\n<p><a href=\"http:\/\/manoamanocba.com.ar\/wp-content\/uploads\/2023\/09\/bab-BALLET.jpg\"><img loading=\"lazy\" class=\"size-medium wp-image-6475 aligncenter\" src=\"http:\/\/hoycordobaweb.com\/wp-content\/uploads\/2023\/09\/mano-a-mano-con-federico-fernandez-que-vuelve-a-cordoba-con-buenos-aires-ballet.jpg\" alt width=\"300\" height=\"169\" srcset=\"http:\/\/hoycordobaweb.com\/wp-content\/uploads\/2023\/09\/mano-a-mano-con-federico-fernandez-que-vuelve-a-cordoba-con-buenos-aires-ballet.jpg 300w, http:\/\/hoycordobaweb.com\/wp-content\/uploads\/2023\/09\/mano-a-mano-con-federico-fernandez-que-vuelve-a-cordoba-con-buenos-aires-ballet-4.jpg 646w\" sizes=\"(max-width: 300px) 100vw, 300px\"><\/a><\/p>\n<p><span>En una entrevista con <\/span><i><span>Mano a Mano<\/span><\/i><span>, cuenta que el proyecto surgi\u00f3 ante la necesidad de salir de las salas de ensayo y realizar m\u00e1s funciones, adem\u00e1s de la posibilidad de generar trabajo y abrir puertas a m\u00e1s bailarines y core\u00f3grafos.<\/span><\/p>\n<p><span>\u201cEn nuestro pa\u00eds, los teatros oficiales que tienen compa\u00f1\u00edas de ballet, en general, hacen pocas funciones al a\u00f1o. Lamentablemente, al dejar de bailar Julio Bocca, Maximiliano Guerra y la desaparici\u00f3n de las compa\u00f1\u00edas privadas que ellos dirig\u00edan, mucha gente se qued\u00f3 sin trabajo\u201d, explica el tambi\u00e9n director y bailar\u00edn principal de la compa\u00f1\u00eda.<\/span><\/p>\n<p><span>Sin sponsors ni mecenazgos y conformado por un elenco rotativo de 30 bailarines del Teatro Col\u00f3n, Teatro Argentino de La Plata, Teatro San Mart\u00edn y Teatro Municipal de R\u00edo de Janeiro, Buenos Aires Ballet tambi\u00e9n se plantea <strong>llevar la danza por todo el pa\u00eds<\/strong>.<\/span><\/p>\n<p><a href=\"http:\/\/manoamanocba.com.ar\/wp-content\/uploads\/2023\/09\/103117461_1588571701326342_2300210960480954494_n.jpg\"><img loading=\"lazy\" class=\"size-medium wp-image-6478 aligncenter\" src=\"http:\/\/hoycordobaweb.com\/wp-content\/uploads\/2023\/09\/mano-a-mano-con-federico-fernandez-que-vuelve-a-cordoba-con-buenos-aires-ballet-1.jpg\" alt width=\"300\" height=\"300\" srcset=\"http:\/\/hoycordobaweb.com\/wp-content\/uploads\/2023\/09\/mano-a-mano-con-federico-fernandez-que-vuelve-a-cordoba-con-buenos-aires-ballet-5.jpg 300w, http:\/\/hoycordobaweb.com\/wp-content\/uploads\/2023\/09\/mano-a-mano-con-federico-fernandez-que-vuelve-a-cordoba-con-buenos-aires-ballet-6.jpg 150w, http:\/\/hoycordobaweb.com\/wp-content\/uploads\/2023\/09\/mano-a-mano-con-federico-fernandez-que-vuelve-a-cordoba-con-buenos-aires-ballet-7.jpg 720w\" sizes=\"(max-width: 300px) 100vw, 300px\"><\/a><\/p>\n<p><b>\u00bfQu\u00e9 presentar\u00e1n en el Teatro del Libertador?<\/b><\/p>\n<p><span>Es un programa variad\u00edsimo: desde los grandes cl\u00e1sicos como El Cascanueces, Aguas Primaverales, Raymonda y obras contempor\u00e1neas montadas especialmente, y un cierre a todo tango con Piazzola, hecho para bailar\u00edn cl\u00e1sico. Habr\u00e1 una hermosa puesta en escena con 10 artistas y un vestuario muy lindo. Esperamos tener el mismo recibimiento que en 2019, cuando visitamos este maravilloso teatro con entradas agotadas.<\/span><\/p>\n<p><b>\u00bfC\u00f3mo conviven estas fusiones en las producciones del ballet?<\/b><\/p>\n<p><span>Esto ha sido as\u00ed de toda la vida. No es de ahora, no estamos innovando nada. En el Teatro Col\u00f3n tambi\u00e9n hacemos los palets con m\u00fasica de diferentes int\u00e9rpretes del tango desde Piazzolla, que es el m\u00e1s conocido. Nosotros hacemos lo mismo, tenemos una primera parte de grandes cl\u00e1sicos y una segunda parte que se llama <em>\u201cEntre tangos\u201d<\/em>. Y conviven muy bien,&nbsp; el p\u00fablico lo recibe muy bien porque termina viendo algo muy din\u00e1mico y extremadamente variado.<\/span><\/p>\n<p><b>Realizaron giras nacionales e internacionales. \u00bfC\u00f3mo ha ayudado al crecimiento y reconocimiento de la compa\u00f1\u00eda?<\/b><span>&nbsp;<\/span><\/p>\n<p><span>Fuimos dos veces invitados al Festival Internacional del Mundo en La Habana, Cuba, siendo la \u00fanica compa\u00f1\u00eda en representar a la Argentina. Fuimos justamente el a\u00f1o pasado con un programa parecido al que estamos llevando a C\u00f3rdoba, tambi\u00e9n llegamos a Brasil, Paraguay y en diciembre estaremos en Uruguay. La experiencia es muy buena, porque siempre uno puede ver un p\u00fablico distinto y tener el term\u00f3metro desde qu\u00e9 funciona mejor para cada lugar a donde vamos. Y la verdad es que este programa que estamos llevando funciona tanto en Argentina como en el exterior.<\/span><\/p>\n<p><a href=\"http:\/\/manoamanocba.com.ar\/wp-content\/uploads\/2023\/09\/298270222_473983188067552_6518406854253434212_n.jpg\"><img loading=\"lazy\" class=\"size-medium wp-image-6476 aligncenter\" src=\"http:\/\/hoycordobaweb.com\/wp-content\/uploads\/2023\/09\/mano-a-mano-con-federico-fernandez-que-vuelve-a-cordoba-con-buenos-aires-ballet-2.jpg\" alt width=\"300\" height=\"101\" srcset=\"http:\/\/hoycordobaweb.com\/wp-content\/uploads\/2023\/09\/mano-a-mano-con-federico-fernandez-que-vuelve-a-cordoba-con-buenos-aires-ballet-8.jpg 300w, http:\/\/hoycordobaweb.com\/wp-content\/uploads\/2023\/09\/mano-a-mano-con-federico-fernandez-que-vuelve-a-cordoba-con-buenos-aires-ballet-9.jpg 1024w, http:\/\/hoycordobaweb.com\/wp-content\/uploads\/2023\/09\/mano-a-mano-con-federico-fernandez-que-vuelve-a-cordoba-con-buenos-aires-ballet-10.jpg 768w, http:\/\/hoycordobaweb.com\/wp-content\/uploads\/2023\/09\/mano-a-mano-con-federico-fernandez-que-vuelve-a-cordoba-con-buenos-aires-ballet-11.jpg 1536w, http:\/\/hoycordobaweb.com\/wp-content\/uploads\/2023\/09\/mano-a-mano-con-federico-fernandez-que-vuelve-a-cordoba-con-buenos-aires-ballet-12.jpg 1650w\" sizes=\"(max-width: 300px) 100vw, 300px\"><\/a><\/p>\n<p><span>Federico Fern\u00e1ndez tiene 37 a\u00f1os y forma parte del elenco estable del Teatro Col\u00f3n desde 2004. A partir del 2012, se convirti\u00f3 en el Primer Bailar\u00edn en la compa\u00f1\u00eda del m\u00e1s emblem\u00e1tico de los escenarios de la cultura argentina.<\/span><\/p>\n<p><span>Pese a ese logro, el inconformismo y la inquietud lo llev\u00f3 a fundar <strong>Buenos Aires Ballet<\/strong>, compa\u00f1\u00eda que tiene a carambi\u00e9n es principal bailar\u00edn.<\/span><\/p>\n<p><b>\u00bfC\u00f3mo es este doble rol, cu\u00e1les son los principales desaf\u00edos?<\/b><\/p>\n<p><span>Ese es el primer desaf\u00edo, poder hacer las dos cosas lo mejor posible. Yo tengo ya casi 20 a\u00f1os en el ballet estable del Teatro Col\u00f3n, as\u00ed que tengo una carrera formada y me he preparado para esto que estoy haciendo ahora. Y puedo dirigir libremente. Primero, porque creo que tengo los recursos y las herramientas que me ha ense\u00f1ado el Teatro Col\u00f3n, porque las cosas no vienen por \u00f3smosis y ni por m\u00e9rito propio, sino tambi\u00e9n por lo que significa el Teatro Col\u00f3n y lo que me ha dado y me ha ense\u00f1ado para construir por fuera. Tambi\u00e9n compa\u00f1eros talentos\u00edsimos que eligen acompa\u00f1arme a cada funci\u00f3n. Si bien yo elijo el repertorio, es consultado con los colegas y profesionales para ver si es realmente algo que es acorde a su t\u00e9cnica, a sus expresiones art\u00edsticas, a lo que quieren trabajar. As\u00ed que en realidad es muy ameno mi lugar por el respeto profesional que tenemos de la carrera de cada uno. As\u00ed como ellos puedan respetarme a m\u00ed por mi en el Teatro Col\u00f3n, yo respeto el lugar de ellos en el Teatro Col\u00f3n, pero tambi\u00e9n como profesionales de la danza en general, as\u00ed que se hace muy llevadero.&nbsp;<\/span><\/p>\n<p><b>\u00bfCu\u00e1l es tu ambici\u00f3n personal? En otras ocasiones, mencionas un posible retiro de la danza en 2024.<\/b><\/p>\n<p><span>Mi retiro est\u00e1 agarrado a las condiciones del Teatro Col\u00f3n. Al pertenecer al Col\u00f3n, pertenezco a un organismo p\u00fablico y dependo de si salen o no esas jubilaciones. En el 2024 cumplo 20 a\u00f1os con el Teatro Col\u00f3n, me encantar\u00eda poder jubilarme, pero todav\u00eda no voy a tener ni siquiera 40 a\u00f1os. El a\u00f1o que viene reci\u00e9n voy a tener 38, as\u00ed que quiz\u00e1s lo que pueda hacer es despedirme de los grandes cl\u00e1sicos y acompa\u00f1ar a mis compa\u00f1eros desde un lugar distinto, me gustar\u00eda poder ser ensayista del Teatro Col\u00f3n y en alg\u00fan momento ser director del ballet estable. Estoy trabajando para eso, para llegar con herramientas, con conocimientos y con todo lo que me est\u00e1 dando Buenos Aires Ballet en estos 10 a\u00f1os de existencia. Creo que mi meta es esa, poder llegar a ser necesario para el Teatro Col\u00f3n y poder devolver lo que me ha dado a m\u00ed.<\/span><\/p>\n<p><a href=\"http:\/\/manoamanocba.com.ar\/wp-content\/uploads\/2023\/09\/Ballet.jpg\"><img loading=\"lazy\" class=\"size-medium wp-image-6477 aligncenter\" src=\"http:\/\/hoycordobaweb.com\/wp-content\/uploads\/2023\/09\/mano-a-mano-con-federico-fernandez-que-vuelve-a-cordoba-con-buenos-aires-ballet-3.jpg\" alt width=\"300\" height=\"271\" srcset=\"http:\/\/hoycordobaweb.com\/wp-content\/uploads\/2023\/09\/mano-a-mano-con-federico-fernandez-que-vuelve-a-cordoba-con-buenos-aires-ballet-13.jpg 300w, http:\/\/hoycordobaweb.com\/wp-content\/uploads\/2023\/09\/mano-a-mano-con-federico-fernandez-que-vuelve-a-cordoba-con-buenos-aires-ballet-14.jpg 768w, http:\/\/hoycordobaweb.com\/wp-content\/uploads\/2023\/09\/mano-a-mano-con-federico-fernandez-que-vuelve-a-cordoba-con-buenos-aires-ballet-15.jpg 926w\" sizes=\"(max-width: 300px) 100vw, 300px\"><\/a><\/p>\n<p><b>\u00bfY tu ambici\u00f3n en el Buenos Aires Ballet?<\/b><\/p>\n<p><span>Principalmente que pueda seguir y perdurando en el tiempo, con estos core\u00f3grafos que quieren y buscan trabajar con la compa\u00f1\u00eda. Me parece que seguir abriendo puertas a los diferentes core\u00f3grafos y bailarines es la la principal misi\u00f3n de Buenos Aires Ballet, junto con ir a todas las provincias y nuestros pa\u00edses hermanos. Si nosotros podemos generar eso y mantenerlo, la misi\u00f3n est\u00e1 cumplida, porque hay un mont\u00f3n de core\u00f3grafos que van a tener la oportunidad de trabajar con excelentes bailarines, y tambi\u00e9n esos bailarines van a tener la oportunidad de trabajar con estos core\u00f3grafos. Adem\u00e1s un p\u00fablico va a poder ver cosas nuevas desde una compa\u00f1\u00eda independiente. Me parece que es un c\u00edrculo virtuoso de desarrollo, que me gustar\u00eda que se mantenga y que siga creciendo. Esta compa\u00f1\u00eda se caracteriza por ser muy diversa en diferentes int\u00e9rpretes. Todo el mundo de la danza, por lo menos Argentina, quiere estar en Buenos Aires Ballet y eso me enorgullece.<\/span><\/p>\n<p><span>En el cierre, Federico Fern\u00e1ndez invita a los cordobeses a asistir a la funci\u00f3n para disfrutar de una producci\u00f3n \u00fanica en el Teatro del Libertador San Mart\u00edn de la ciudad de C\u00f3rdoba.<\/span><\/p>\n<p><span>La presentaci\u00f3n es este domingo 17 de septiembre a las 20. Las localidades se consiguen por <\/span><a href=\"https:\/\/ventas.autoentrada.com\/events\/buenos-aires-ballet\"><b>Autoentrada<\/b><\/a><span> y en boleter\u00eda, V\u00e9lez Sarsfield 365 (Tel. 414-3412), este s\u00e1bado de 9 a 20, y domingos de funci\u00f3n de 17 a 20.<\/span><\/p>\n","protected":false},"excerpt":{"rendered":"<p>Buenos Aires Ballet regresa al Teatro del Libertador San Mart\u00edn de C\u00f3rdoba el domingo 17 de septiembre, con la presentaci\u00f3n de \u201cGrandes cl\u00e1sicos de ballet, tango y estrenos\u201d y la interpretaci\u00f3n de las principales figuras de la danza argentina. La compa\u00f1\u00eda independiente fue fundada en 2013 -primero con el nombre de Ballet en Gala y [&hellip;]<\/p>\n","protected":false},"author":1,"featured_media":66675,"comment_status":"closed","ping_status":"closed","sticky":false,"template":"","format":"standard","meta":[],"categories":[19],"tags":[],"_links":{"self":[{"href":"http:\/\/hoycordobaweb.com\/index.php\/wp-json\/wp\/v2\/posts\/66674"}],"collection":[{"href":"http:\/\/hoycordobaweb.com\/index.php\/wp-json\/wp\/v2\/posts"}],"about":[{"href":"http:\/\/hoycordobaweb.com\/index.php\/wp-json\/wp\/v2\/types\/post"}],"author":[{"embeddable":true,"href":"http:\/\/hoycordobaweb.com\/index.php\/wp-json\/wp\/v2\/users\/1"}],"replies":[{"embeddable":true,"href":"http:\/\/hoycordobaweb.com\/index.php\/wp-json\/wp\/v2\/comments?post=66674"}],"version-history":[{"count":0,"href":"http:\/\/hoycordobaweb.com\/index.php\/wp-json\/wp\/v2\/posts\/66674\/revisions"}],"wp:featuredmedia":[{"embeddable":true,"href":"http:\/\/hoycordobaweb.com\/index.php\/wp-json\/wp\/v2\/media\/66675"}],"wp:attachment":[{"href":"http:\/\/hoycordobaweb.com\/index.php\/wp-json\/wp\/v2\/media?parent=66674"}],"wp:term":[{"taxonomy":"category","embeddable":true,"href":"http:\/\/hoycordobaweb.com\/index.php\/wp-json\/wp\/v2\/categories?post=66674"},{"taxonomy":"post_tag","embeddable":true,"href":"http:\/\/hoycordobaweb.com\/index.php\/wp-json\/wp\/v2\/tags?post=66674"}],"curies":[{"name":"wp","href":"https:\/\/api.w.org\/{rel}","templated":true}]}}