{"id":66666,"date":"2023-09-16T11:40:00","date_gmt":"2023-09-16T11:40:00","guid":{"rendered":"http:\/\/hoycordobaweb.com\/index.php\/2023\/09\/16\/denunciaron-el-arresto-del-padre-de-mahsa-amini-por-parte-de-la-guardia-revolucionaria\/"},"modified":"2023-09-16T11:40:00","modified_gmt":"2023-09-16T11:40:00","slug":"denunciaron-el-arresto-del-padre-de-mahsa-amini-por-parte-de-la-guardia-revolucionaria","status":"publish","type":"post","link":"http:\/\/hoycordobaweb.com\/index.php\/2023\/09\/16\/denunciaron-el-arresto-del-padre-de-mahsa-amini-por-parte-de-la-guardia-revolucionaria\/","title":{"rendered":"Denunciaron el arresto del padre de Mahsa Amini por parte de la Guardia Revolucionaria"},"content":{"rendered":"<p><img src=\"http:\/\/hoycordobaweb.com\/wp-content\/uploads\/2023\/09\/denunciaron-el-arresto-del-padre-de-mahsa-amini-por-parte-de-la-guardia-revolucionaria.jpg\"><\/p>\n<figure class=\"mb-3\"><img loading=\"lazy\" data-src=\"http:\/\/hoycordobaweb.com\/wp-content\/uploads\/2023\/09\/denunciaron-el-arresto-del-padre-de-mahsa-amini-por-parte-de-la-guardia-revolucionaria-2.jpg\" src=\"https:\/\/www.telam.com.ar\/assets\/img\/not_image.png\" class=\" lazy \" width=\"100%\" height=\"100%\" alt=\"La muerte de la joven kurda iran el 16 de septiembre de 2022 desat una ola de protestas Foto AFPArchivo\"><figcaption> La muerte de la joven kurda iran\u00ed el 16 de septiembre de 2022 desat\u00f3 una ola de protestas. Foto: AFP\/Archivo. <\/figcaption><\/figure>\n<p>La<strong> ONG Hengaw<\/strong> denunci\u00f3 este s\u00e1bado la<strong> \u00abdetenci\u00f3n ilegal\u00bb de Amjad Amini, padre de Mahsa Amini<\/strong>, la joven kurda de 22 a\u00f1os que falleci\u00f3 hace justo un a\u00f1o bajo custodia policial despu\u00e9s de ser arrestada por no llevar bien puesto el velo.<\/p>\n<p>De acuerdo con un comunicado emitido por la organizaci\u00f3n en su p\u00e1gina web, Amjad Amini <strong>ha sido<\/strong> <strong>arrestado por la Guardia Revolucionaria de Ir\u00e1n al salir de su casa y ha sido trasladado a \u00abun lugar desconocido\u00bb<\/strong>, report\u00f3 la agencia Europa Press.<\/p>\n<p>A pesar de que<strong> las autoridades iran\u00edes hab\u00edan advertido a la familia de que no celebraran el aniversario de la muerte de su hija<\/strong>, los Amini anunciaron que \u00abcomo cualquier familia en duelo\u00bb, acudir\u00edan a la tumba de Mahsa.<\/p>\n<p>Seg\u00fan la organizaci\u00f3n, el ambiente en la ciudad de Saqqez y en los alrededores del domicilio de la familia Amini y las calles que conducen hacia la tumba de Mahsa, est\u00e1 \u00abaltamente militarizada\u00bb con las fuerzas de seguridad desplegadas y armadas en la localidad.<\/p>\n<p><strong>La muerte de la joven kurda iran\u00ed, el 16 de septiembre de 2022, desat\u00f3 una ola de protestas que duraron semanas <\/strong>y durante las movilizaciones <strong>muchas mujeres se quitaron el velo isl\u00e1mico<\/strong>, en un gesto de desaf\u00edo a esta Rep\u00fablica Isl\u00e1mica liderada por el gu\u00eda supremo, el ayatol\u00e1 Al\u00ed Jamenei.<\/p>\n<p>Las movilizaciones perdieron impulso con los meses, aplacadas por una <strong>represi\u00f3n que caus\u00f3 la muerte de 551 manifestantes<\/strong>, entre ellos 68 ni\u00f1os y 49 mujeres, seg\u00fan la organizaci\u00f3n noruega Iran Human Rights (IHR), y la detenci\u00f3n de m\u00e1s de 22.000 personas, seg\u00fan Amnist\u00eda Internacional.&nbsp;<strong>Siete hombres fueron ejecutados por casos vinculados a esas manifestaciones.<\/strong><\/p>\n<figure class=\"mb-3\"><img loading=\"lazy\" data-src=\"http:\/\/hoycordobaweb.com\/wp-content\/uploads\/2023\/09\/denunciaron-el-arresto-del-padre-de-mahsa-amini-por-parte-de-la-guardia-revolucionaria-3.jpg\" src=\"https:\/\/www.telam.com.ar\/assets\/img\/not_image.png\" class=\" lazy \" width=\"100%\" height=\"100%\" alt=\"Mahsa Amini\"><figcaption> Mahsa Amini. <\/figcaption><\/figure>\n<h2 class>Condenas internacionales a un a\u00f1o de la muerte de Mahsa Amini<\/h2>\n<p>A ra\u00edz de estos episodios Ir\u00e1n recibi\u00f3 fuertes condenas internacionales y el viernes <strong>Estados Unidos, Canad\u00e1, el Reino Unido, la Uni\u00f3n Europea y Australia<\/strong> anunciaron sanciones contra varios funcionarios y entidades iran\u00edes, en la v\u00edspera del primer a\u00f1o de la muerte de Mahsa Amini.<\/p>\n<p>Tras ese anuncio, Ir\u00e1n arremeti\u00f3 contra esas potencias occidentales y calific\u00f3 a las sanciones de \u00abacciones ilegales y poco diplom\u00e1ticas\u00bb, en un comunicado difundido la noche del viernes por el portavoz del Ministerio de relaciones Exteriores iran\u00ed, Nase Kanani.<\/p>\n<p>El vocero conden\u00f3 adem\u00e1s las \u00abacciones y declaraciones intervencionistas y las rid\u00edculas e hip\u00f3critas\u00bb muestras de apoyo al movimiento de protesta y dijo que los diplom\u00e1ticos occidentales mostraron un \u00abcomportamiento poco constructivo\u00bb que \u00abno sirve a sus intereses\u00bb. <\/p>\n","protected":false},"excerpt":{"rendered":"<p>La muerte de la joven kurda iran\u00ed el 16 de septiembre de 2022 desat\u00f3 una ola de protestas. Foto: AFP\/Archivo. La ONG Hengaw denunci\u00f3 este s\u00e1bado la \u00abdetenci\u00f3n ilegal\u00bb de Amjad Amini, padre de Mahsa Amini, la joven kurda de 22 a\u00f1os que falleci\u00f3 hace justo un a\u00f1o bajo custodia policial despu\u00e9s de ser arrestada [&hellip;]<\/p>\n","protected":false},"author":1,"featured_media":66667,"comment_status":"open","ping_status":"closed","sticky":false,"template":"","format":"standard","meta":[],"categories":[24],"tags":[],"_links":{"self":[{"href":"http:\/\/hoycordobaweb.com\/index.php\/wp-json\/wp\/v2\/posts\/66666"}],"collection":[{"href":"http:\/\/hoycordobaweb.com\/index.php\/wp-json\/wp\/v2\/posts"}],"about":[{"href":"http:\/\/hoycordobaweb.com\/index.php\/wp-json\/wp\/v2\/types\/post"}],"author":[{"embeddable":true,"href":"http:\/\/hoycordobaweb.com\/index.php\/wp-json\/wp\/v2\/users\/1"}],"replies":[{"embeddable":true,"href":"http:\/\/hoycordobaweb.com\/index.php\/wp-json\/wp\/v2\/comments?post=66666"}],"version-history":[{"count":0,"href":"http:\/\/hoycordobaweb.com\/index.php\/wp-json\/wp\/v2\/posts\/66666\/revisions"}],"wp:featuredmedia":[{"embeddable":true,"href":"http:\/\/hoycordobaweb.com\/index.php\/wp-json\/wp\/v2\/media\/66667"}],"wp:attachment":[{"href":"http:\/\/hoycordobaweb.com\/index.php\/wp-json\/wp\/v2\/media?parent=66666"}],"wp:term":[{"taxonomy":"category","embeddable":true,"href":"http:\/\/hoycordobaweb.com\/index.php\/wp-json\/wp\/v2\/categories?post=66666"},{"taxonomy":"post_tag","embeddable":true,"href":"http:\/\/hoycordobaweb.com\/index.php\/wp-json\/wp\/v2\/tags?post=66666"}],"curies":[{"name":"wp","href":"https:\/\/api.w.org\/{rel}","templated":true}]}}