{"id":66652,"date":"2023-09-13T13:01:34","date_gmt":"2023-09-13T13:01:34","guid":{"rendered":"https:\/\/fono.fcm.unc.edu.ar\/?p=11197"},"modified":"2023-09-13T13:01:34","modified_gmt":"2023-09-13T13:01:34","slug":"60-aniversario-encuentro-interuniversitario-en-fonoaudiologia-prorroga-para-el-envio-de-resumenes-y-ponencias","status":"publish","type":"post","link":"http:\/\/hoycordobaweb.com\/index.php\/2023\/09\/13\/60-aniversario-encuentro-interuniversitario-en-fonoaudiologia-prorroga-para-el-envio-de-resumenes-y-ponencias\/","title":{"rendered":"60\u00b0 Aniversario \u2013 Encuentro Interuniversitario en Fonoaudiolog\u00eda: pr\u00f3rroga para el env\u00edo de res\u00famenes y ponencias"},"content":{"rendered":"<h2 class=\"fusion-post-title\">60\u00b0 Aniversario \u2013 Encuentro Interuniversitario en Fonoaudiolog\u00eda: pr\u00f3rroga para el env\u00edo de res\u00famenes y ponencias<\/h2>\n<div class=\"post-content\" readability=\"36.884875846501\">\n<p><img loading=\"lazy\" class=\"alignright size-fusion-400 wp-image-11198\" src=\"https:\/\/fono.fcm.unc.edu.ar\/wp-content\/uploads\/sites\/14\/2023\/09\/WhatsApp-Image-2023-09-12-at-10.28.03-400x711.jpeg\" alt width=\"400\" height=\"711\" srcset=\"https:\/\/fono.fcm.unc.edu.ar\/wp-content\/uploads\/sites\/14\/2023\/09\/WhatsApp-Image-2023-09-12-at-10.28.03-169x300.jpeg 169w, https:\/\/fono.fcm.unc.edu.ar\/wp-content\/uploads\/sites\/14\/2023\/09\/WhatsApp-Image-2023-09-12-at-10.28.03-200x356.jpeg 200w, https:\/\/fono.fcm.unc.edu.ar\/wp-content\/uploads\/sites\/14\/2023\/09\/WhatsApp-Image-2023-09-12-at-10.28.03-400x711.jpeg 400w, https:\/\/fono.fcm.unc.edu.ar\/wp-content\/uploads\/sites\/14\/2023\/09\/WhatsApp-Image-2023-09-12-at-10.28.03-576x1024.jpeg 576w, https:\/\/fono.fcm.unc.edu.ar\/wp-content\/uploads\/sites\/14\/2023\/09\/WhatsApp-Image-2023-09-12-at-10.28.03-600x1067.jpeg 600w, https:\/\/fono.fcm.unc.edu.ar\/wp-content\/uploads\/sites\/14\/2023\/09\/WhatsApp-Image-2023-09-12-at-10.28.03-768x1365.jpeg 768w, https:\/\/fono.fcm.unc.edu.ar\/wp-content\/uploads\/sites\/14\/2023\/09\/WhatsApp-Image-2023-09-12-at-10.28.03-800x1422.jpeg 800w, https:\/\/fono.fcm.unc.edu.ar\/wp-content\/uploads\/sites\/14\/2023\/09\/WhatsApp-Image-2023-09-12-at-10.28.03-864x1536.jpeg 864w, https:\/\/fono.fcm.unc.edu.ar\/wp-content\/uploads\/sites\/14\/2023\/09\/WhatsApp-Image-2023-09-12-at-10.28.03.jpeg 900w\" sizes=\"(max-width: 400px) 100vw, 400px\">\u00a1Atenci\u00f3n a todas\/os las\/os graduada\/os, profesores y estudiantes universitarios de carreras de Fonoaudiolog\u00eda!<br \/>\u00bf Sab\u00edas que en este Encuentro Interuniversitario, podr\u00e1s compartir tus investigaciones y hallazgos en el campo de la Fonoaudiolog\u00eda?<br \/>Aqu\u00ed tienes todos los detalles que necesitas saber:<br \/>Pr\u00f3rroga de Fechas de env\u00edos de Res\u00famenes y Ponencias:<em> hasta el 30 de septiembre.<\/em><br \/>\u00bfQui\u00e9nes pueden participar? Graduadas\/os, profesores y estudiantes universitarios de carreras de Fonoaudiolog\u00eda.<br \/>\u00bfQu\u00e9 se espera? Prepara un resumen (P\u00f3ster) o Ponencia (Tema Libre) de tu investigaci\u00f3n o producci\u00f3n relacionada con la Fonoaudiolog\u00eda y env\u00edala al correo de la organizaci\u00f3n. \u00a1Tus ideas y descubrimientos pueden ser parte de este Encuentro!<br \/>\u00bfC\u00f3mo enviar tu trabajo? Env\u00eda tu resumen\/ponencia al correo dispuesto por la organizaci\u00f3n: Correo: <a href=\"mailto:contacto.cifunyp@gmail.com\">contacto.cifunyp@gmail.com<\/a><\/p>\n<\/p><\/div>\n","protected":false},"excerpt":{"rendered":"<p>60\u00b0 Aniversario \u2013 Encuentro Interuniversitario en Fonoaudiolog\u00eda: pr\u00f3rroga para el env\u00edo de res\u00famenes y ponencias \u00a1Atenci\u00f3n a todas\/os las\/os graduada\/os, profesores y estudiantes universitarios de carreras de Fonoaudiolog\u00eda!\u00bf Sab\u00edas que en este Encuentro Interuniversitario, podr\u00e1s compartir tus investigaciones y hallazgos en el campo de la Fonoaudiolog\u00eda?Aqu\u00ed tienes todos los detalles que necesitas saber:Pr\u00f3rroga de Fechas [&hellip;]<\/p>\n","protected":false},"author":1,"featured_media":0,"comment_status":"closed","ping_status":"closed","sticky":false,"template":"","format":"standard","meta":[],"categories":[1],"tags":[],"_links":{"self":[{"href":"http:\/\/hoycordobaweb.com\/index.php\/wp-json\/wp\/v2\/posts\/66652"}],"collection":[{"href":"http:\/\/hoycordobaweb.com\/index.php\/wp-json\/wp\/v2\/posts"}],"about":[{"href":"http:\/\/hoycordobaweb.com\/index.php\/wp-json\/wp\/v2\/types\/post"}],"author":[{"embeddable":true,"href":"http:\/\/hoycordobaweb.com\/index.php\/wp-json\/wp\/v2\/users\/1"}],"replies":[{"embeddable":true,"href":"http:\/\/hoycordobaweb.com\/index.php\/wp-json\/wp\/v2\/comments?post=66652"}],"version-history":[{"count":0,"href":"http:\/\/hoycordobaweb.com\/index.php\/wp-json\/wp\/v2\/posts\/66652\/revisions"}],"wp:attachment":[{"href":"http:\/\/hoycordobaweb.com\/index.php\/wp-json\/wp\/v2\/media?parent=66652"}],"wp:term":[{"taxonomy":"category","embeddable":true,"href":"http:\/\/hoycordobaweb.com\/index.php\/wp-json\/wp\/v2\/categories?post=66652"},{"taxonomy":"post_tag","embeddable":true,"href":"http:\/\/hoycordobaweb.com\/index.php\/wp-json\/wp\/v2\/tags?post=66652"}],"curies":[{"name":"wp","href":"https:\/\/api.w.org\/{rel}","templated":true}]}}