{"id":66640,"date":"2023-09-15T17:00:48","date_gmt":"2023-09-15T17:00:48","guid":{"rendered":"https:\/\/www.trendencias.com\/diseno\/organizador-para-plancha-ropa-que-amaria-marie-kondo-esta-carrefour-no-llega-a-30-euros"},"modified":"2023-09-15T17:00:48","modified_gmt":"2023-09-15T17:00:48","slug":"el-organizador-para-la-plancha-de-la-ropa-que-amaria-marie-kondo-esta-en-carrefour-y-no-llega-a-los-30-euros","status":"publish","type":"post","link":"http:\/\/hoycordobaweb.com\/index.php\/2023\/09\/15\/el-organizador-para-la-plancha-de-la-ropa-que-amaria-marie-kondo-esta-en-carrefour-y-no-llega-a-los-30-euros\/","title":{"rendered":"El organizador para la plancha de la ropa que amar\u00eda Marie Kondo est\u00e1 en Carrefour y no llega a los 30 euros"},"content":{"rendered":"<p>Un d\u00eda eres joven y al otro te da paz mental mantener el orden y la limpieza en casa. Ni nos averg\u00fcenza ni nos escondemos, s\u00ed somos. Especialmente en zonas m\u00e1s ca\u00f3ticas como el ba\u00f1o o la cocina, donde tener todo a mano es clave. Hoy es el turno de los <strong>accesorios para planchar, que tienen su propio espacio<\/strong> gracias a <a class=\"js-ecommerce\" href=\"https:\/\/www.trendencias.com\/redirect?url=https%3A%2F%2Fwww.carrefour.es%2F&amp;category=diseno&amp;ecomPostExpiration=perish&amp;postId=451781\" data-vars-affiliate-url=\"https:\/\/www.trendencias.com\/redirect?url=https%3A%2F%2Fwww.carrefour.es%2F&amp;category=diseno&amp;ecomPostExpiration=perish&amp;postId=451781\">Carrefour<\/a>.<\/p>\n<p><!-- BREAK 1 --> <\/p>\n<div class=\"article-asset article-asset-normal article-asset-center\">\n<div class=\"desvio-container\">\n<div class=\"desvio\">\n<div class=\"desvio-figure js-desvio-figure\"> <a href=\"https:\/\/www.trendencias.com\/diseno\/alcampo-tiene-alternativa-al-zapatero-agotado-primark-que-versatil-ligero-amigo-espacios-pequenos\"> <img alt=\"Alcampo tiene la alternativa al zapatero agotado de Primark que es vers\u00e1til, ligero y amigo de los espacios peque\u00f1os \" src=\"http:\/\/hoycordobaweb.com\/wp-content\/uploads\/2023\/09\/el-organizador-para-la-plancha-de-la-ropa-que-amaria-marie-kondo-esta-en-carrefour-y-no-llega-a-los-30-euros.jpg\"> <\/a> <\/div><\/div><\/div>\n<\/div>\n<p>Ya hemos aprendido lo importante que es mantener los peque\u00f1os electrodom\u00e9sticos cuidados para que duren m\u00e1s tiempo y, en este caso, para que no manchen ni estropeen la ropa. Sabemos <a href=\"https:\/\/www.trendencias.com\/propuestas-y-consejos\/guia-practica-para-limpiar-plancha-casa-que-siempre-este-como-primer-dia\">c\u00f3mo limpiar la plancha<\/a> y ahora la mantendremos m\u00e1s tiempo as\u00ed gracias a este <strong>colgador de pared que ahorra espacio<\/strong> en el armario escobero o lavander\u00eda.&nbsp;<\/p>\n<p><!-- BREAK 2 --><\/p>\n<div class=\"article-asset-image article-asset-normal article-asset-center\">\n<div class=\"asset-content\">\n<div class=\"base-wrapper-image\"> <img class=\"sf-lazy centro_sinmarco\" data-sf-srcset=\"http:\/\/hoycordobaweb.com\/wp-content\/uploads\/2023\/09\/el-organizador-para-la-plancha-de-la-ropa-que-amaria-marie-kondo-esta-en-carrefour-y-no-llega-a-los-30-euros-1.jpg 450w, http:\/\/hoycordobaweb.com\/wp-content\/uploads\/2023\/09\/el-organizador-para-la-plancha-de-la-ropa-que-amaria-marie-kondo-esta-en-carrefour-y-no-llega-a-los-30-euros-5.jpg 681w,http:\/\/hoycordobaweb.com\/wp-content\/uploads\/2023\/09\/el-organizador-para-la-plancha-de-la-ropa-que-amaria-marie-kondo-esta-en-carrefour-y-no-llega-a-los-30-euros-6.jpg 1024w, http:\/\/hoycordobaweb.com\/wp-content\/uploads\/2023\/09\/el-organizador-para-la-plancha-de-la-ropa-que-amaria-marie-kondo-esta-en-carrefour-y-no-llega-a-los-30-euros-7.jpg 1366w,\" data-sf-src=\"http:\/\/hoycordobaweb.com\/wp-content\/uploads\/2023\/09\/el-organizador-para-la-plancha-de-la-ropa-que-amaria-marie-kondo-esta-en-carrefour-y-no-llega-a-los-30-euros-1.jpg\" alt=\"Organizador Plancha Ropa\"> <noscript><img alt=\"Organizador Plancha Ropa\" class=\"centro_sinmarco\" src=\"http:\/\/hoycordobaweb.com\/wp-content\/uploads\/2023\/09\/el-organizador-para-la-plancha-de-la-ropa-que-amaria-marie-kondo-esta-en-carrefour-y-no-llega-a-los-30-euros-1.jpg\"><\/noscript> <\/div><\/div>\n<\/div>\n<p><!-- PIVOT START --><\/p>\n<div class=\"pivot-ecommerce-container m-pivot-ecommerce-redesign article-asset-normal article-asset-center\" readability=\"24.941176470588\">\n<div class=\"pivot-ecommerce\" readability=\"3.5\">\n<div class=\"pivot-ecommerce-figure\"> <a rel=\"nofollow noopener noreferrer\" target=\"_blank\" href=\"https:\/\/www.trendencias.com\/redirect?url=https%3A%2F%2Fwww.carrefour.es%2Fcolgador-tabla-plancha-rayen-43x313x15-cm-blanco%2FVC4A-7588025%2Fp&amp;category=diseno&amp;pivot=1&amp;ecomPostExpiration=perish&amp;postId=451781\"> <img alt=\"Colgador para tabla de planchar y plancha\" src=\"http:\/\/hoycordobaweb.com\/wp-content\/uploads\/2023\/09\/el-organizador-para-la-plancha-de-la-ropa-que-amaria-marie-kondo-esta-en-carrefour-y-no-llega-a-los-30-euros-2.jpg\"> <\/a> <\/div>\n<div class=\"pivot-ecommerce-summary\" readability=\"4.0833333333333\">\n<p class=\"pivot-ecommerce-desc\">Colgador para tabla de planchar y plancha<\/p>\n<\/p><\/div><\/div>\n<p>* Alg\u00fan precio puede haber cambiado desde la \u00faltima revisi\u00f3n<\/p>\n<\/p><\/div>\n<p><!-- PIVOT END --><\/p>\n<p>Se trata de un d\u00fao de colgadores para pared de <a class=\"js-ecommerce\" href=\"https:\/\/www.trendencias.com\/redirect?url=https%3A%2F%2Fwww.carrefour.es%2Fcolgador-tabla-plancha-rayen-43x313x15-cm-blanco%2FVC4A-7588025%2Fp&amp;category=diseno&amp;ecomPostExpiration=perish&amp;postId=451781\" data-vars-affiliate-url=\"https:\/\/www.trendencias.com\/redirect?url=https%3A%2F%2Fwww.carrefour.es%2Fcolgador-tabla-plancha-rayen-43x313x15-cm-blanco%2FVC4A-7588025%2Fp&amp;category=diseno&amp;ecomPostExpiration=perish&amp;postId=451781\">26,90 euros<\/a>, que podemos colocar en un rinc\u00f3n o en el interior de un armario. <strong>Uno es para la tabla de planchas y el otro para la plancha<\/strong>. \u00c9ste segundo viene con un protector de goma para evitar destrozos si el aparato a\u00fan conserva algo de calor.&nbsp;<\/p>\n<p><!-- BREAK 3 --> <\/p>\n<div class=\"article-asset-image article-asset-normal article-asset-center\">\n<div class=\"asset-content\">\n<div class=\"base-wrapper-image\"> <img class=\"sf-lazy centro_sinmarco\" data-sf-srcset=\"http:\/\/hoycordobaweb.com\/wp-content\/uploads\/2023\/09\/el-organizador-para-la-plancha-de-la-ropa-que-amaria-marie-kondo-esta-en-carrefour-y-no-llega-a-los-30-euros-3.jpg 450w, http:\/\/hoycordobaweb.com\/wp-content\/uploads\/2023\/09\/el-organizador-para-la-plancha-de-la-ropa-que-amaria-marie-kondo-esta-en-carrefour-y-no-llega-a-los-30-euros-8.jpg 681w,http:\/\/hoycordobaweb.com\/wp-content\/uploads\/2023\/09\/el-organizador-para-la-plancha-de-la-ropa-que-amaria-marie-kondo-esta-en-carrefour-y-no-llega-a-los-30-euros-9.jpg 1024w, http:\/\/hoycordobaweb.com\/wp-content\/uploads\/2023\/09\/el-organizador-para-la-plancha-de-la-ropa-que-amaria-marie-kondo-esta-en-carrefour-y-no-llega-a-los-30-euros-10.jpg 1366w,\" data-sf-src=\"http:\/\/hoycordobaweb.com\/wp-content\/uploads\/2023\/09\/el-organizador-para-la-plancha-de-la-ropa-que-amaria-marie-kondo-esta-en-carrefour-y-no-llega-a-los-30-euros-3.jpg\" alt=\"Organizador Plancha Ropa\"> <noscript><img alt=\"Organizador Plancha Ropa\" class=\"centro_sinmarco\" src=\"http:\/\/hoycordobaweb.com\/wp-content\/uploads\/2023\/09\/el-organizador-para-la-plancha-de-la-ropa-que-amaria-marie-kondo-esta-en-carrefour-y-no-llega-a-los-30-euros-3.jpg\"><\/noscript> <\/div><\/div>\n<\/div>\n<p>Son individuales y aut\u00f3nomos el uno del otro, as\u00ed que podemos <strong>colocarlos y configurarlos como mejor nos convenga <\/strong>para ganar espacio de almacenamiento y que no sea inc\u00f3modo para acceder a ellos. Otra f\u00f3rmula m\u00e1s para poner orden en casa que estamos seguras de que cuenta con el sello de aprobaci\u00f3n de Marie Kondo.&nbsp;<\/p>\n<p><!-- BREAK 4 --><\/p>\n<p><em>Algunos de los enlaces de este art\u00edculo son afiliados y pueden reportar un beneficio a Trendencias.<\/em><\/p>\n<p><!-- BREAK 5 --><\/p>\n<p>Fotos | <a href=\"https:\/\/www.midjourney.com\/app\/users\/b2a64564-eb0c-4d44-a802-1ac383ec4a15\/\">@pic_lalala2<\/a> x Midjourney, <a class=\"js-ecommerce\" href=\"https:\/\/www.trendencias.com\/redirect?url=https%3A%2F%2Fwww.carrefour.es%2Fcolgador-tabla-plancha-rayen-43x313x15-cm-blanco%2FVC4A-7588025%2Fp&amp;category=diseno&amp;ecomPostExpiration=perish&amp;postId=451781\" data-vars-affiliate-url=\"https:\/\/www.trendencias.com\/redirect?url=https%3A%2F%2Fwww.carrefour.es%2Fcolgador-tabla-plancha-rayen-43x313x15-cm-blanco%2FVC4A-7588025%2Fp&amp;category=diseno&amp;ecomPostExpiration=perish&amp;postId=451781\">Carrefour<\/a>.<\/p>\n<p><!-- BREAK 6 --> <\/p>\n<p>En Trendencias | <a href=\"https:\/\/www.trendencias.com\/propuestas-y-consejos\/te-contamos-7-trucos-para-arreglar-ropa-tenida-otra-prenda-no-tener-que-tirarla\">Te contamos doce trucos para arreglar ropa te\u00f1ida por otra prenda y no tener que tirarla<\/a>.<\/p>\n<p><!-- BREAK 7 --> <\/p>\n","protected":false},"excerpt":{"rendered":"<p>Un d\u00eda eres joven y al otro te da paz mental mantener el orden y la limpieza en casa. Ni nos averg\u00fcenza ni nos escondemos, s\u00ed somos. Especialmente en zonas m\u00e1s ca\u00f3ticas como el ba\u00f1o o la cocina, donde tener todo a mano es clave. Hoy es el turno de los accesorios para planchar, que [&hellip;]<\/p>\n","protected":false},"author":1,"featured_media":66641,"comment_status":"closed","ping_status":"closed","sticky":false,"template":"","format":"standard","meta":[],"categories":[1],"tags":[],"_links":{"self":[{"href":"http:\/\/hoycordobaweb.com\/index.php\/wp-json\/wp\/v2\/posts\/66640"}],"collection":[{"href":"http:\/\/hoycordobaweb.com\/index.php\/wp-json\/wp\/v2\/posts"}],"about":[{"href":"http:\/\/hoycordobaweb.com\/index.php\/wp-json\/wp\/v2\/types\/post"}],"author":[{"embeddable":true,"href":"http:\/\/hoycordobaweb.com\/index.php\/wp-json\/wp\/v2\/users\/1"}],"replies":[{"embeddable":true,"href":"http:\/\/hoycordobaweb.com\/index.php\/wp-json\/wp\/v2\/comments?post=66640"}],"version-history":[{"count":0,"href":"http:\/\/hoycordobaweb.com\/index.php\/wp-json\/wp\/v2\/posts\/66640\/revisions"}],"wp:featuredmedia":[{"embeddable":true,"href":"http:\/\/hoycordobaweb.com\/index.php\/wp-json\/wp\/v2\/media\/66641"}],"wp:attachment":[{"href":"http:\/\/hoycordobaweb.com\/index.php\/wp-json\/wp\/v2\/media?parent=66640"}],"wp:term":[{"taxonomy":"category","embeddable":true,"href":"http:\/\/hoycordobaweb.com\/index.php\/wp-json\/wp\/v2\/categories?post=66640"},{"taxonomy":"post_tag","embeddable":true,"href":"http:\/\/hoycordobaweb.com\/index.php\/wp-json\/wp\/v2\/tags?post=66640"}],"curies":[{"name":"wp","href":"https:\/\/api.w.org\/{rel}","templated":true}]}}