{"id":66555,"date":"2023-09-14T06:29:10","date_gmt":"2023-09-14T06:29:10","guid":{"rendered":"http:\/\/hoycordobaweb.com\/index.php\/2023\/09\/14\/sindy-ramirez-vive-del-futbol-en-argentina-la-citaron-a-la-celeste-con-15-anos-y-se-caso\/"},"modified":"2023-09-14T06:29:10","modified_gmt":"2023-09-14T06:29:10","slug":"sindy-ramirez-vive-del-futbol-en-argentina-la-citaron-a-la-celeste-con-15-anos-y-se-caso","status":"publish","type":"post","link":"http:\/\/hoycordobaweb.com\/index.php\/2023\/09\/14\/sindy-ramirez-vive-del-futbol-en-argentina-la-citaron-a-la-celeste-con-15-anos-y-se-caso\/","title":{"rendered":"Sindy Ram\u00edrez: vive del <b>f\u00fatbol<\/b> en <b>Argentina<\/b>, la citaron a la Celeste con 15 a\u00f1os y se cas\u00f3 &#8230;"},"content":{"rendered":"<p>En ese entonces el <b>f\u00fatbol argentino<\/b> no era semiprofesional, &#8230; uruguaya y le propuso matrimonio a una periodista argentina que conoci\u00f3 por redes. <\/p>\n","protected":false},"excerpt":{"rendered":"<p>En ese entonces el f\u00fatbol argentino no era semiprofesional, &#8230; uruguaya y le propuso matrimonio a una periodista argentina que conoci\u00f3 por redes.<\/p>\n","protected":false},"author":1,"featured_media":0,"comment_status":"closed","ping_status":"closed","sticky":false,"template":"","format":"standard","meta":[],"categories":[22],"tags":[],"_links":{"self":[{"href":"http:\/\/hoycordobaweb.com\/index.php\/wp-json\/wp\/v2\/posts\/66555"}],"collection":[{"href":"http:\/\/hoycordobaweb.com\/index.php\/wp-json\/wp\/v2\/posts"}],"about":[{"href":"http:\/\/hoycordobaweb.com\/index.php\/wp-json\/wp\/v2\/types\/post"}],"author":[{"embeddable":true,"href":"http:\/\/hoycordobaweb.com\/index.php\/wp-json\/wp\/v2\/users\/1"}],"replies":[{"embeddable":true,"href":"http:\/\/hoycordobaweb.com\/index.php\/wp-json\/wp\/v2\/comments?post=66555"}],"version-history":[{"count":0,"href":"http:\/\/hoycordobaweb.com\/index.php\/wp-json\/wp\/v2\/posts\/66555\/revisions"}],"wp:attachment":[{"href":"http:\/\/hoycordobaweb.com\/index.php\/wp-json\/wp\/v2\/media?parent=66555"}],"wp:term":[{"taxonomy":"category","embeddable":true,"href":"http:\/\/hoycordobaweb.com\/index.php\/wp-json\/wp\/v2\/categories?post=66555"},{"taxonomy":"post_tag","embeddable":true,"href":"http:\/\/hoycordobaweb.com\/index.php\/wp-json\/wp\/v2\/tags?post=66555"}],"curies":[{"name":"wp","href":"https:\/\/api.w.org\/{rel}","templated":true}]}}