{"id":66553,"date":"2023-09-12T21:56:00","date_gmt":"2023-09-12T21:56:00","guid":{"rendered":"https:\/\/fm-comunicar.com.ar\/contenido\/20665\/defensa-civil-de-colonia-caroya-esta-detectando-nuevos-casos-de-covid"},"modified":"2023-09-12T21:56:00","modified_gmt":"2023-09-12T21:56:00","slug":"defensa-civil-de-colonia-caroya-esta-detectando-nuevos-casos-de-covid","status":"publish","type":"post","link":"http:\/\/hoycordobaweb.com\/index.php\/2023\/09\/12\/defensa-civil-de-colonia-caroya-esta-detectando-nuevos-casos-de-covid\/","title":{"rendered":"Defensa Civil de Colonia Caroya est\u00e1 detectando nuevos casos de Covid"},"content":{"rendered":"<p>En los \u00faltimos d\u00edas comenzaron a crecer los n\u00fameros positivos en la zona. Seg\u00fan las autoridades del \u00e1rea, hay uno o dos contagiados por d\u00eda luego de meses de cifras bajas.<img src=\"http:\/\/hoycordobaweb.com\/wp-content\/uploads\/2023\/09\/defensa-civil-de-colonia-caroya-esta-detectando-nuevos-casos-de-covid.jpg\"><\/p>\n","protected":false},"excerpt":{"rendered":"<p>En los \u00faltimos d\u00edas comenzaron a crecer los n\u00fameros positivos en la zona. Seg\u00fan las autoridades del \u00e1rea, hay uno o dos contagiados por d\u00eda luego de meses de cifras bajas.<\/p>\n","protected":false},"author":1,"featured_media":66554,"comment_status":"closed","ping_status":"closed","sticky":false,"template":"","format":"standard","meta":[],"categories":[18],"tags":[],"_links":{"self":[{"href":"http:\/\/hoycordobaweb.com\/index.php\/wp-json\/wp\/v2\/posts\/66553"}],"collection":[{"href":"http:\/\/hoycordobaweb.com\/index.php\/wp-json\/wp\/v2\/posts"}],"about":[{"href":"http:\/\/hoycordobaweb.com\/index.php\/wp-json\/wp\/v2\/types\/post"}],"author":[{"embeddable":true,"href":"http:\/\/hoycordobaweb.com\/index.php\/wp-json\/wp\/v2\/users\/1"}],"replies":[{"embeddable":true,"href":"http:\/\/hoycordobaweb.com\/index.php\/wp-json\/wp\/v2\/comments?post=66553"}],"version-history":[{"count":0,"href":"http:\/\/hoycordobaweb.com\/index.php\/wp-json\/wp\/v2\/posts\/66553\/revisions"}],"wp:featuredmedia":[{"embeddable":true,"href":"http:\/\/hoycordobaweb.com\/index.php\/wp-json\/wp\/v2\/media\/66554"}],"wp:attachment":[{"href":"http:\/\/hoycordobaweb.com\/index.php\/wp-json\/wp\/v2\/media?parent=66553"}],"wp:term":[{"taxonomy":"category","embeddable":true,"href":"http:\/\/hoycordobaweb.com\/index.php\/wp-json\/wp\/v2\/categories?post=66553"},{"taxonomy":"post_tag","embeddable":true,"href":"http:\/\/hoycordobaweb.com\/index.php\/wp-json\/wp\/v2\/tags?post=66553"}],"curies":[{"name":"wp","href":"https:\/\/api.w.org\/{rel}","templated":true}]}}