{"id":66542,"date":"2023-09-13T16:56:00","date_gmt":"2023-09-13T16:56:00","guid":{"rendered":"http:\/\/hoycordobaweb.com\/index.php\/2023\/09\/13\/la-corte-inicio-el-juicio-contra-cuatro-acusados-del-intento-de-golpe-contra-lula\/"},"modified":"2023-09-13T16:56:00","modified_gmt":"2023-09-13T16:56:00","slug":"la-corte-inicio-el-juicio-contra-cuatro-acusados-del-intento-de-golpe-contra-lula","status":"publish","type":"post","link":"http:\/\/hoycordobaweb.com\/index.php\/2023\/09\/13\/la-corte-inicio-el-juicio-contra-cuatro-acusados-del-intento-de-golpe-contra-lula\/","title":{"rendered":"La Corte inici\u00f3 el juicio contra cuatro acusados del intento de golpe contra Lula"},"content":{"rendered":"<p><img src=\"http:\/\/hoycordobaweb.com\/wp-content\/uploads\/2023\/09\/la-corte-inicio-el-juicio-contra-cuatro-acusados-del-intento-de-golpe-contra-lula.jpg\"><\/p>\n<figure class=\"mb-3\"><img loading=\"lazy\" data-src=\"http:\/\/hoycordobaweb.com\/wp-content\/uploads\/2023\/09\/la-corte-inicio-el-juicio-contra-cuatro-acusados-del-intento-de-golpe-contra-lula-2.jpg\" src=\"https:\/\/www.telam.com.ar\/assets\/img\/not_image.png\" class=\" lazy \" width=\"100%\" height=\"100%\" alt=\"El ataque a los tres edificios gubernamentales se produjo el 8 de enero Foto AFP \"><figcaption> El ataque a los tres edificios gubernamentales se produjo el 8 de enero. \/Foto: AFP. <\/figcaption><\/figure>\n<p>El Supremo Tribunal Federal, la m\u00e1xima corte de Brasil, comenz\u00f3 este mi\u00e9rcoles <strong>el juicio contra los primeros cuatro de los 1390 bolsonaristas acusados de participar del intento de golpe de Estado del 8 de enero<\/strong> y del asalto al Congreso, la Casa de Gobierno y la sede del Tribunal de Justicia en Brasilia para convocar al Ej\u00e9rcito a derrocar al presidente Luiz In\u00e1cio Lula da Silva, quien hab\u00eda asumido una semana antes.<\/p>\n<p><strong>\u00abSe busc\u00f3 derrocar a un gobierno que fue leg\u00edtimamente electo con el voto universal con el pretexto de que hubo fraude en las elecciones. <\/strong>Brasil hace mucho que dej\u00f3 de ser una rep\u00fablica bananera y los golpes son una p\u00e1gina pasada en la historia\u00bb, dijo durante la sesi\u00f3n en su acusaci\u00f3n el vicefiscal general de Brasil, Carlos Dos Santos.<\/p>\n<p>Dos Santos pidi\u00f3 la condena y el pago de multas para el primer acusado, Aecio Luiz Costa Pereira, quien hab\u00eda viajado desde el Gran San Pablo en \u00f3mnibus financiado por los golpistas y fue detenido luego de depredar el Senado y filmarse sentado en la silla del titular del cuerpo, con una camiseta con la inscripci\u00f3n &#8216;intervencion mlitar ya&#8217;.<\/p>\n<p>La defensa del detenido pidi\u00f3 que sea juzgado apenas por destrucci\u00f3n del patrimonio p\u00fablico y no por golpe de Estado, en virtud de que no hubo intenci\u00f3n de tomar el poder ya que seg\u00fan \u00e9l no hab\u00eda una cadena de comando.<\/p>\n<h2 class>Los argumentos del instructor<\/h2>\n<p>&nbsp;El instructor del caso, <strong>Alexandre de Moraes, ley\u00f3 el informe que indica que pide compensaciones por unos 3 millones de d\u00f3lares por los da\u00f1os perpetrados en el Palacio del Planalto, el Congreso y el Supremo Tribunal Federal.<\/strong><\/p>\n<p>Moraes rechaz\u00f3 la recusaci\u00f3n para que el caso sea juzgado en la primera instancia.<\/p>\n<p>El voto de Moraes fue por la condena por atentar contra el Estado de Derecho y da\u00f1os, mientras que todav\u00eda deben iniciar la votaci\u00f3n sus otros 10 colegas de la corte, algo que puede demorar varias jornadas.<\/p>\n<figure class=\"mb-3\"><img loading=\"lazy\" data-src=\"http:\/\/hoycordobaweb.com\/wp-content\/uploads\/2023\/09\/la-corte-inicio-el-juicio-contra-cuatro-acusados-del-intento-de-golpe-contra-lula-3.jpg\" src=\"https:\/\/www.telam.com.ar\/assets\/img\/not_image.png\" class=\" lazy \" width=\"100%\" height=\"100%\" alt=\"El instructor del caso es Alexandre de Moraes FotosPublicascom\"><figcaption> El instructor del caso es Alexandre de Moraes. \/FotosPublicas.com <\/figcaption><\/figure>\n<p><\/p>\n<h2 class>El juicio<\/h2>\n<p>&nbsp;En Brasil, <strong>la Corte Suprema puede juzgar delitos contra la Constituci\u00f3n, <\/strong>como est\u00e1 ocurriendo con el intento de golpe contra Lula el 8 de enero, cuando miles de personas asaltaron los edificios p\u00fablicos para pedir al Ej\u00e9rcito intervenir para reposicionar a Bolsonaro como jefe de Estado pese a que perdi\u00f3 las elecciones de octubre.<\/p>\n<p>\u00abQuieren hacer creer que los acusados estaban paseando por Disney. Los acusados estaban pose\u00eddos de un odio irracional, casi patol\u00f3gico\u00bb, e \u00abimpregnados de audacia, de ignorancia, destruyeron bienes p\u00fablicos sujetos a protecci\u00f3n especial, catalogados como patrimonio hist\u00f3rico, como los muebles, alfombras y obras de arte\u00bb, dijo Moraes.<\/p>\n<p>A\u00f1adi\u00f3: <strong>\u00abNo destruyeron el esp\u00edritu de la democracia.<\/strong> No han podido ni podr\u00e1n subvertirlo, porque el sentimiento de respeto al orden democr\u00e1tico contin\u00faa y seguir\u00e1 iluminando las mentes y los corazones de esta Corte Suprema, en la que siempre prevalecer\u00e1n los fundamentos \u00e9ticos y pol\u00edticos que informan y apoyan el Estado Democr\u00e1tico de Derecho\u00bb.<\/p>\n<p>Adem\u00e1s de Aecio Pereira, los otros tres juzgados son Assis Mathar, Moacir Jos\u00e9 dos Santos y Matheus de Carvalho L\u00e1zaro.<\/p>\n<p>Mathar fue arrestado dentro del Palacio do Planalto. Seg\u00fan la fiscal\u00eda, \u201cparticip\u00f3 activamente y compiti\u00f3 con los dem\u00e1s agentes en la destrucci\u00f3n de los muebles que all\u00ed se encontraban. Todos gritaban consignas que demostraban la intenci\u00f3n de derrocar al gobierno leg\u00edtimamente constituido, como &#8216;Fuera Lula&#8217;, &#8216;presidente ladr\u00f3n\u00bb.<\/p>\n<p>Ambos corren el riesgo de recibir hasta 30 a\u00f1os de prisi\u00f3n por una decena de delitos, entre ellos abolir el estado democr\u00e1tico de derecho. <\/p>\n","protected":false},"excerpt":{"rendered":"<p>El ataque a los tres edificios gubernamentales se produjo el 8 de enero. \/Foto: AFP. El Supremo Tribunal Federal, la m\u00e1xima corte de Brasil, comenz\u00f3 este mi\u00e9rcoles el juicio contra los primeros cuatro de los 1390 bolsonaristas acusados de participar del intento de golpe de Estado del 8 de enero y del asalto al Congreso, [&hellip;]<\/p>\n","protected":false},"author":1,"featured_media":66543,"comment_status":"open","ping_status":"closed","sticky":false,"template":"","format":"standard","meta":[],"categories":[19],"tags":[],"_links":{"self":[{"href":"http:\/\/hoycordobaweb.com\/index.php\/wp-json\/wp\/v2\/posts\/66542"}],"collection":[{"href":"http:\/\/hoycordobaweb.com\/index.php\/wp-json\/wp\/v2\/posts"}],"about":[{"href":"http:\/\/hoycordobaweb.com\/index.php\/wp-json\/wp\/v2\/types\/post"}],"author":[{"embeddable":true,"href":"http:\/\/hoycordobaweb.com\/index.php\/wp-json\/wp\/v2\/users\/1"}],"replies":[{"embeddable":true,"href":"http:\/\/hoycordobaweb.com\/index.php\/wp-json\/wp\/v2\/comments?post=66542"}],"version-history":[{"count":0,"href":"http:\/\/hoycordobaweb.com\/index.php\/wp-json\/wp\/v2\/posts\/66542\/revisions"}],"wp:featuredmedia":[{"embeddable":true,"href":"http:\/\/hoycordobaweb.com\/index.php\/wp-json\/wp\/v2\/media\/66543"}],"wp:attachment":[{"href":"http:\/\/hoycordobaweb.com\/index.php\/wp-json\/wp\/v2\/media?parent=66542"}],"wp:term":[{"taxonomy":"category","embeddable":true,"href":"http:\/\/hoycordobaweb.com\/index.php\/wp-json\/wp\/v2\/categories?post=66542"},{"taxonomy":"post_tag","embeddable":true,"href":"http:\/\/hoycordobaweb.com\/index.php\/wp-json\/wp\/v2\/tags?post=66542"}],"curies":[{"name":"wp","href":"https:\/\/api.w.org\/{rel}","templated":true}]}}