{"id":66528,"date":"2023-09-13T13:38:12","date_gmt":"2023-09-13T13:38:12","guid":{"rendered":"https:\/\/www.ole.com.ar\/futbol-internacional\/eliminatorias\/arturo-vidal-lesion-chile-colombia-rodilla-operacion-empate_0_YTF47R7bzY.html"},"modified":"2023-09-13T13:38:12","modified_gmt":"2023-09-13T13:38:12","slug":"arturo-vidal-sera-operado-de-su-lesion-en-la-rodilla","status":"publish","type":"post","link":"http:\/\/hoycordobaweb.com\/index.php\/2023\/09\/13\/arturo-vidal-sera-operado-de-su-lesion-en-la-rodilla\/","title":{"rendered":"Arturo Vidal ser\u00e1 operado de su lesi\u00f3n en la rodilla"},"content":{"rendered":"<p><img src=\"http:\/\/hoycordobaweb.com\/wp-content\/uploads\/2023\/09\/arturo-vidal-sera-operado-de-su-lesion-en-la-rodilla.jpg\"><\/p>\n<p><time class=\"createDate\" datetime=\"2023-09-13T10:38:12-03:00\">13\/09\/2023 10:38hs.<\/time><time class=\"modificatedDate\" datetime=\"2023-09-13T10:38:12-03:00\"><\/time><\/p>\n<div id=\"storyBody\">\n<div class=\"custom-text \" readability=\"37\">\n<p>Las eliminatorias sudamericanas comenzaron con todo de cara el Mundial 2026 que se llevar\u00e1 a cabo en Estados Unidos, M\u00e9xico y Canad\u00e1. En la segunda jornada, y tras un martes donde se jug\u00f3 toda la fecha, algunos equipos c\u00f3mo la selecci\u00f3n chilena sufrieron bajas graves.<\/p>\n<\/div>\n<div class=\"custom-text \" readability=\"29.553719008264\">\n<p>En este caso se trata de Arturo Vidal, en el partido que La Roja <a href=\"https:\/\/www.ole.com.ar\/futbol-internacional\/chile-colombia-eliminatorias-fecha-2-berizzo-lorenzo_0_y1AOD61rVM.html\" target=\"_blank\" rel=\"noopener noreferrer\">empat\u00f3 sin goles ante Colombia en el Estadio Monumental de Chile<\/a>.<strong> El ex jugador de Barcelona y Juventus sufri\u00f3 una lesi\u00f3n en la rodilla que<\/strong> lo dej\u00f3 fuera del campo de juego en el minuto 70 del partido. Tuvo que ser retirado de la cancha en camilla y ahora necesitar\u00e1 intervenci\u00f3n quir\u00fargica.<\/p>\n<\/div>\n<div class=\"sc-e7b891c4-0 jPbnQF\"><img alt=\"Arturo no pudo terminar el partido y fue retirado en camilla (AP)\" src=\"http:\/\/hoycordobaweb.com\/wp-content\/uploads\/2023\/09\/arturo-vidal-sera-operado-de-su-lesion-en-la-rodilla-2.jpg\" width=\"720\" height=\"100\" decoding=\"async\" data-nimg=\"future\" loading=\"lazy\"><span class=\"epigraphe\">Arturo no pudo terminar el partido y fue retirado en camilla (AP)<\/span><\/div>\n<div class=\"custom-text \" readability=\"38\">\n<p>Un error grave en el combinado chileno, que <strong>desde la entrada en calor estuvo al tanto de las molestias que tuvo el Rey<\/strong> para hacer los movimientos precompetitivos. Y no s\u00f3lo eso, <strong>en el primer tiempo tuvo la advertencia cuando Vidal qued\u00f3 tendido en el piso<\/strong>, pero tras ser revisado por el cuerpo m\u00e9dico fuera de la cancha pudo continuar jugando.<\/p>\n<\/div>\n<div class=\"custom-text \" readability=\"30.8\">\n<p>Finalmente, las malas condiciones del campo, que tuvo un concierto de Bruno Mars d\u00edas atr\u00e1s, tambi\u00e9n fueron factor para que <a href=\"https:\/\/www.ole.com.ar\/futbol-internacional\/eliminatorias\/vidal-camilla-ambulancia-chile-colombia_0_izSqJqiXTI.html\" target=\"_blank\" rel=\"noopener noreferrer\">Arturo sea retirado con una camilla del campo de juego<\/a>. Como si fuera poco, tambi\u00e9n fue llevado en ambulancia desde el estadio hacia un centro de asistencia.<\/p>\n<\/div>\n<div class=\"sc-7ce6049-0 dwIKul\">\n<div class=\"sc-7ce6049-1 bdcBBS videoText\" id=\"contentTitleundefinedRcG0fANo\"><svg fill=\"#ffffff\"><symbol id=\"play\" viewBox=\"0 0 512 512\"><path d=\"M512 256C512 397.4 397.4 512 256 512C114.6 512 0 397.4 0 256C0 114.6 114.6 0 256 0C397.4 0 512 114.6 512 256zM176 168V344C176 352.7 180.7 360.7 188.3 364.9C195.8 369.2 205.1 369 212.5 364.5L356.5 276.5C363.6 272.1 368 264.4 368 256C368 247.6 363.6 239.9 356.5 235.5L212.5 147.5C205.1 142.1 195.8 142.8 188.3 147.1C180.7 151.3 176 159.3 176 168V168z\" \/><\/symbol><use xlink:href=\"#play\" \/><\/svg><\/p>\n<div class=\"right\">\n<p>arturo vidal<!-- --> &#8211;<!-- --> <span>13-9-2023<\/span><\/p>\n<h2 class=\"title-vid\">Vidal fue retirado en camilla por un problema en su rodilla izquierda<\/h2>\n<\/div>\n<\/div>\n<p><span class=\"back\" id=\"spanBackundefinedRcG0fANo\"><\/span><\/div>\n<p><h2>El comunicado oficial de la selecci\u00f3n chilena<\/h2>\n<\/p>\n<div class=\"custom-text \" readability=\"36\">\n<p>Este mi\u00e9rcoles por la ma\u00f1ana, la Federaci\u00f3n de F\u00fatbol de Chile comparti\u00f3 el parte m\u00e9dico oficial respecto a la lesi\u00f3n de Arturo Vidal. Este informa <strong>una lesi\u00f3n meniscal traum\u00e1tica aguda con bloqueo articular, que necesitar\u00e1 una intervenci\u00f3n quir\u00fargica<\/strong> y se llevar\u00e1 a cabo este jueves. <\/p>\n<\/div>\n<div class=\"custom-text \" readability=\"36\">\n<p><em>\u00abEl Cuerpo M\u00e9dico de la Selecci\u00f3n Chilena informa que el jugador Arturo Vidal sufri\u00f3 una lesi\u00f3n meniscal traum\u00e1tica aguda con bloqueo articular que requiere resoluci\u00f3n quir\u00fargica, la cual se llevar\u00e1 a cabo el d\u00eda de ma\u00f1ana en conformidad con el cuerpo m\u00e9dico de su club. La intervenci\u00f3n ser\u00e1 realizada por el Cuerpo M\u00e9dico de la Selecci\u00f3n Chilena\u00bb.<\/em><\/p>\n<\/div>\n<div class=\"sc-a7166897-0 exHLBh\" readability=\"8\">\n<section readability=\"6\"><picture><img alt=\"River, noticias EN VIVO: Demichelis empieza a definir el equipo, c\u00f3mo est\u00e1n los seleccionados y todas las novedades de hoy, mi\u00e9rcoles 13 de septiembre\" src=\"http:\/\/hoycordobaweb.com\/wp-content\/uploads\/2023\/09\/arturo-vidal-sera-operado-de-su-lesion-en-la-rodilla-3.jpg\" width=\"290\" height=\"290\" decoding=\"async\" data-nimg=\"future\" loading=\"lazy\"><\/picture>\n<p><span>Mir\u00e1 tambi\u00e9n<\/span><\/p>\n<hr>\n<h3>River, noticias EN VIVO: Demichelis empieza a definir el equipo, c\u00f3mo est\u00e1n los seleccionados y todas las novedades de hoy, mi\u00e9rcoles 13 de septiembre<\/h3>\n<\/p>\n<\/section>\n<\/div>\n<div class=\"sc-a7166897-0 exHLBh\" readability=\"6\">\n<section readability=\"2\"><picture><img alt=\"Fernando Diniz: &quot;Creo que ganamos con mucho m\u00e9rito&quot;\" src=\"http:\/\/hoycordobaweb.com\/wp-content\/uploads\/2023\/09\/arturo-vidal-sera-operado-de-su-lesion-en-la-rodilla-4.jpg\" width=\"290\" height=\"290\" decoding=\"async\" data-nimg=\"future\" loading=\"lazy\"><\/picture>\n<p><span>Mir\u00e1 tambi\u00e9n<\/span><\/p>\n<hr>\n<h3>Fernando Diniz: \u00abCreo que ganamos con mucho m\u00e9rito\u00bb<\/h3>\n<\/p>\n<\/section>\n<\/div>\n<div class=\"sc-a7166897-0 exHLBh\" readability=\"8\">\n<section readability=\"6\"><picture><img alt=\"Boca, EN VIVO: vuelta a los entrenamientos, la Copa de la Liga, Palmeiras a la vista y m\u00e1s noticias del mi\u00e9rcoles 13 de septiembre\" src=\"http:\/\/hoycordobaweb.com\/wp-content\/uploads\/2023\/09\/arturo-vidal-sera-operado-de-su-lesion-en-la-rodilla-5.jpg\" width=\"290\" height=\"290\" decoding=\"async\" data-nimg=\"future\" loading=\"lazy\"><\/picture>\n<p><span>Mir\u00e1 tambi\u00e9n<\/span><\/p>\n<hr>\n<h3>Boca, EN VIVO: vuelta a los entrenamientos, la Copa de la Liga, Palmeiras a la vista y m\u00e1s noticias del mi\u00e9rcoles 13 de septiembre<\/h3>\n<\/p>\n<\/section>\n<\/div>\n<\/div>\n","protected":false},"excerpt":{"rendered":"<p>13\/09\/2023 10:38hs. Las eliminatorias sudamericanas comenzaron con todo de cara el Mundial 2026 que se llevar\u00e1 a cabo en Estados Unidos, M\u00e9xico y Canad\u00e1. En la segunda jornada, y tras un martes donde se jug\u00f3 toda la fecha, algunos equipos c\u00f3mo la selecci\u00f3n chilena sufrieron bajas graves. En este caso se trata de Arturo Vidal, [&hellip;]<\/p>\n","protected":false},"author":1,"featured_media":66529,"comment_status":"open","ping_status":"closed","sticky":false,"template":"","format":"standard","meta":[],"categories":[16],"tags":[],"_links":{"self":[{"href":"http:\/\/hoycordobaweb.com\/index.php\/wp-json\/wp\/v2\/posts\/66528"}],"collection":[{"href":"http:\/\/hoycordobaweb.com\/index.php\/wp-json\/wp\/v2\/posts"}],"about":[{"href":"http:\/\/hoycordobaweb.com\/index.php\/wp-json\/wp\/v2\/types\/post"}],"author":[{"embeddable":true,"href":"http:\/\/hoycordobaweb.com\/index.php\/wp-json\/wp\/v2\/users\/1"}],"replies":[{"embeddable":true,"href":"http:\/\/hoycordobaweb.com\/index.php\/wp-json\/wp\/v2\/comments?post=66528"}],"version-history":[{"count":0,"href":"http:\/\/hoycordobaweb.com\/index.php\/wp-json\/wp\/v2\/posts\/66528\/revisions"}],"wp:featuredmedia":[{"embeddable":true,"href":"http:\/\/hoycordobaweb.com\/index.php\/wp-json\/wp\/v2\/media\/66529"}],"wp:attachment":[{"href":"http:\/\/hoycordobaweb.com\/index.php\/wp-json\/wp\/v2\/media?parent=66528"}],"wp:term":[{"taxonomy":"category","embeddable":true,"href":"http:\/\/hoycordobaweb.com\/index.php\/wp-json\/wp\/v2\/categories?post=66528"},{"taxonomy":"post_tag","embeddable":true,"href":"http:\/\/hoycordobaweb.com\/index.php\/wp-json\/wp\/v2\/tags?post=66528"}],"curies":[{"name":"wp","href":"https:\/\/api.w.org\/{rel}","templated":true}]}}