{"id":66494,"date":"2023-09-11T18:34:38","date_gmt":"2023-09-11T18:34:38","guid":{"rendered":"https:\/\/fono.fcm.unc.edu.ar\/?p=11166"},"modified":"2023-09-11T18:34:38","modified_gmt":"2023-09-11T18:34:38","slug":"60-aniversario-11-de-septiembre-dias-de-las-y-los-maestros","status":"publish","type":"post","link":"http:\/\/hoycordobaweb.com\/index.php\/2023\/09\/11\/60-aniversario-11-de-septiembre-dias-de-las-y-los-maestros\/","title":{"rendered":"60\u00b0 Aniversario \u2013 11 de septiembre: D\u00edas de las y los Maestros"},"content":{"rendered":"<h2 class=\"fusion-post-title\">60\u00b0 Aniversario \u2013 11 de septiembre: D\u00edas de las y los Maestros<\/h2>\n<div class=\"post-content\" readability=\"35\">\n<p><img loading=\"lazy\" class=\"alignright size-fusion-400 wp-image-11167\" src=\"https:\/\/fono.fcm.unc.edu.ar\/wp-content\/uploads\/sites\/14\/2023\/09\/WhatsApp-Image-2023-09-11-at-09.07.02-400x400.jpeg\" alt width=\"400\" height=\"400\" srcset=\"https:\/\/fono.fcm.unc.edu.ar\/wp-content\/uploads\/sites\/14\/2023\/09\/WhatsApp-Image-2023-09-11-at-09.07.02-66x66.jpeg 66w, https:\/\/fono.fcm.unc.edu.ar\/wp-content\/uploads\/sites\/14\/2023\/09\/WhatsApp-Image-2023-09-11-at-09.07.02-150x150.jpeg 150w, https:\/\/fono.fcm.unc.edu.ar\/wp-content\/uploads\/sites\/14\/2023\/09\/WhatsApp-Image-2023-09-11-at-09.07.02-200x200.jpeg 200w, https:\/\/fono.fcm.unc.edu.ar\/wp-content\/uploads\/sites\/14\/2023\/09\/WhatsApp-Image-2023-09-11-at-09.07.02-300x300.jpeg 300w, https:\/\/fono.fcm.unc.edu.ar\/wp-content\/uploads\/sites\/14\/2023\/09\/WhatsApp-Image-2023-09-11-at-09.07.02-400x400.jpeg 400w, https:\/\/fono.fcm.unc.edu.ar\/wp-content\/uploads\/sites\/14\/2023\/09\/WhatsApp-Image-2023-09-11-at-09.07.02-600x600.jpeg 600w, https:\/\/fono.fcm.unc.edu.ar\/wp-content\/uploads\/sites\/14\/2023\/09\/WhatsApp-Image-2023-09-11-at-09.07.02-768x768.jpeg 768w, https:\/\/fono.fcm.unc.edu.ar\/wp-content\/uploads\/sites\/14\/2023\/09\/WhatsApp-Image-2023-09-11-at-09.07.02-800x800.jpeg 800w, https:\/\/fono.fcm.unc.edu.ar\/wp-content\/uploads\/sites\/14\/2023\/09\/WhatsApp-Image-2023-09-11-at-09.07.02-1024x1024.jpeg 1024w, https:\/\/fono.fcm.unc.edu.ar\/wp-content\/uploads\/sites\/14\/2023\/09\/WhatsApp-Image-2023-09-11-at-09.07.02.jpeg 1080w\" sizes=\"(max-width: 400px) 100vw, 400px\">La Escuela de Fonoaudiolog\u00eda saluda afectuosamente en su d\u00eda a quienes realizan la tarea de educar como acci\u00f3n transformadora desde el compromiso, la convicci\u00f3n y formaci\u00f3n. Especialmente a quienes ejercen en nuestra Escuela!<\/p>\n<\/p><\/div>\n","protected":false},"excerpt":{"rendered":"<p>60\u00b0 Aniversario \u2013 11 de septiembre: D\u00edas de las y los Maestros La Escuela de Fonoaudiolog\u00eda saluda afectuosamente en su d\u00eda a quienes realizan la tarea de educar como acci\u00f3n transformadora desde el compromiso, la convicci\u00f3n y formaci\u00f3n. Especialmente a quienes ejercen en nuestra Escuela!<\/p>\n","protected":false},"author":1,"featured_media":0,"comment_status":"closed","ping_status":"closed","sticky":false,"template":"","format":"standard","meta":[],"categories":[1],"tags":[],"_links":{"self":[{"href":"http:\/\/hoycordobaweb.com\/index.php\/wp-json\/wp\/v2\/posts\/66494"}],"collection":[{"href":"http:\/\/hoycordobaweb.com\/index.php\/wp-json\/wp\/v2\/posts"}],"about":[{"href":"http:\/\/hoycordobaweb.com\/index.php\/wp-json\/wp\/v2\/types\/post"}],"author":[{"embeddable":true,"href":"http:\/\/hoycordobaweb.com\/index.php\/wp-json\/wp\/v2\/users\/1"}],"replies":[{"embeddable":true,"href":"http:\/\/hoycordobaweb.com\/index.php\/wp-json\/wp\/v2\/comments?post=66494"}],"version-history":[{"count":0,"href":"http:\/\/hoycordobaweb.com\/index.php\/wp-json\/wp\/v2\/posts\/66494\/revisions"}],"wp:attachment":[{"href":"http:\/\/hoycordobaweb.com\/index.php\/wp-json\/wp\/v2\/media?parent=66494"}],"wp:term":[{"taxonomy":"category","embeddable":true,"href":"http:\/\/hoycordobaweb.com\/index.php\/wp-json\/wp\/v2\/categories?post=66494"},{"taxonomy":"post_tag","embeddable":true,"href":"http:\/\/hoycordobaweb.com\/index.php\/wp-json\/wp\/v2\/tags?post=66494"}],"curies":[{"name":"wp","href":"https:\/\/api.w.org\/{rel}","templated":true}]}}