{"id":66470,"date":"2023-09-12T15:07:05","date_gmt":"2023-09-12T15:07:05","guid":{"rendered":"https:\/\/www.ole.com.ar\/futbol-internacional\/italia\/leonardo-bonucci-denuncia-juventus-dano-profesional_0_tAuTNmZUVY.html"},"modified":"2023-09-12T15:07:05","modified_gmt":"2023-09-12T15:07:05","slug":"bonucci-denunciara-a-juventus-por-dejarlo-afuera-del-equipo","status":"publish","type":"post","link":"http:\/\/hoycordobaweb.com\/index.php\/2023\/09\/12\/bonucci-denunciara-a-juventus-por-dejarlo-afuera-del-equipo\/","title":{"rendered":"Bonucci denunciar\u00e1 a Juventus por dejarlo afuera del equipo"},"content":{"rendered":"<p><img src=\"http:\/\/hoycordobaweb.com\/wp-content\/uploads\/2023\/09\/bonucci-denunciara-a-juventus-por-dejarlo-afuera-del-equipo.jpg\"><\/p>\n<p><time class=\"createDate\" datetime=\"2023-09-12T12:07:005-03:00\">12\/09\/2023 12:07hs.<\/time><time class=\"modificatedDate\" datetime=\"2023-09-12T12:07:005-03:00\"><\/time><\/p>\n<div id=\"storyBody\">\n<div class=\"custom-text \" readability=\"27.648648648649\">\n<p>El defensor italiano <a href=\"https:\/\/www.ole.com.ar\/tema\/bonucci.html\" title=\"Bonucci\" alt=\"Bonucci\" class=\"slug\">Leonardo Bonucci<\/a> denunciar\u00eda a la <a href=\"https:\/\/www.ole.com.ar\/tema\/juventus.html\" title=\"Juventus\" alt=\"Juventus\" class=\"slug\">Juventus<\/a> por haberle provocado un da\u00f1o profesional y de imagen al dejarlo fuera del equipo.<\/p>\n<\/div>\n<div class=\"custom-text \" readability=\"36\">\n<p>Seg\u00fan inform\u00f3 La Gazzetta dello Sport,<strong> el zaguero central llevar\u00eda a su ex club a juicio por el mal trato recibido en los \u00faltimos meses<\/strong>, momento en el que fue apartado del plantel y obligado a marcharse.<\/p>\n<\/div>\n<div class=\"custom-text \" readability=\"39\">\n<p>Bonucci, reci\u00e9n llegado al Uni\u00f3n Berl\u00edn, le exigir\u00eda a la Vecchia Signora <strong>una indemnizaci\u00f3n por los perjuicios causados durante la \u00faltima pretemporada<\/strong>, que desencadenaron en su partida. Con respecto a este punto, la prensa local se\u00f1ala que <strong>el futbolista no ten\u00eda permitido interactuar con sus compa\u00f1eros ni tampoco utilizar la instalaciones del club<\/strong>.<\/p>\n<\/div>\n<div class=\"custom-text \" readability=\"35\">\n<p>Despu\u00e9s de m\u00e1s de una d\u00e9cada en la entidad de Tur\u00edn -con un breve paso por el Milan de por medio- <strong>el hist\u00f3rico futbolista de la Selecci\u00f3n de Italia fue bajado del equipo por decisi\u00f3n del entrenador Massimiliano Allegri <\/strong>dos d\u00edas antes de que el plantel iniciara una gira de pretemporada por Estados Unidos.<\/p>\n<\/div>\n<div class=\"custom-text \" readability=\"37\">\n<p>El propio jugador especific\u00f3 que <strong>todo el dinero que recaude ser\u00e1 donado a dos asociaciones ben\u00e9ficas<\/strong>: Neuroland, que se encarga de brindarle apoyo a las familias de los ni\u00f1os internados en el departamento de neurocirug\u00eda del hospital Regina Margherita y Live Onlus, que entrega desfibriladores a sociedades deportivas y escuelas.<\/p>\n<\/div>\n<div class=\"custom-text \" readability=\"35\">\n<p>En aquel entonces, el experimentado defensor de 36 a\u00f1os <strong>se enter\u00f3 de la noticia mientras se encontraba disfrutando de sus vacaciones<\/strong>. De esta forma, se marcha tras 357 partidos y 17 t\u00edtulos.<\/p>\n<\/div>\n<div class=\"sc-e7b891c4-0 jPbnQF\"><img alt=\"Bonucci disput\u00f3 357 partidos en Juventus (AP).\" src=\"http:\/\/hoycordobaweb.com\/wp-content\/uploads\/2023\/09\/bonucci-denunciara-a-juventus-por-dejarlo-afuera-del-equipo-2.jpg\" width=\"720\" height=\"100\" decoding=\"async\" data-nimg=\"future\" loading=\"lazy\"><span class=\"epigraphe\">Bonucci disput\u00f3 357 partidos en Juventus (AP).<\/span><\/div>\n<p><h2>Bonucci y un nuevo desaf\u00edo en Alemania<\/h2>\n<\/p>\n<div class=\"custom-text \" readability=\"42\">\n<p>Desde el inicio de su carrera en el Inter, Bonucci siempre hab\u00eda jugado en clubes italianos. <strong>Treviso, Pisa, Bari, Juventus y Milan fueron las otras camisetas que visti\u00f3 durante su m\u00e1s que exitosa carrera.<\/strong> Tras esta abrupta salida, el defensor se prepara para jugar, por primera vez, en un torneo extranjero.<\/p>\n<\/div>\n<div class=\"custom-text \" readability=\"37\">\n<p>A contrarreloj, el emblema tano lleg\u00f3 a un acuerdo con el Uni\u00f3n Berl\u00edn del f\u00fatbol alem\u00e1n el \u00faltimo d\u00eda del mercado de pases. \u00ab<strong>Con Leonardo fichamos a un jugador con mucha experiencia. <\/strong>Ha demostrado sus cualidades a lo largo de muchos a\u00f1os tanto a nivel nacional como internacional\u00bb, explic\u00f3 el director general del club.<\/p>\n<\/div>\n<div class=\"custom-text \" readability=\"39\">\n<p>Despu\u00e9s de una gran temporada 2022\/23, el conjunto de la capital alemana disputar\u00e1 esta edici\u00f3n de la Champions League. En la fase de grupos, tendr\u00e1 un verdadero reto: <strong>se enfrentar\u00e1 ni m\u00e1s ni menos que al Real Madrid, al Napoli y al Sporting de Portugal. <\/strong>En la actual Bundesliga, gan\u00f3 dos partidos y perdi\u00f3 uno.<\/p>\n<\/div>\n<div class=\"sc-e7b891c4-0 jPbnQF\"><img alt=\"Leonardo Bonucci con la camiseta de Uni\u00f3n Berl\u00edn (prensa del club).\" src=\"http:\/\/hoycordobaweb.com\/wp-content\/uploads\/2023\/09\/bonucci-denunciara-a-juventus-por-dejarlo-afuera-del-equipo-3.jpg\" width=\"720\" height=\"100\" decoding=\"async\" data-nimg=\"future\" loading=\"lazy\"><span class=\"epigraphe\">Leonardo Bonucci con la camiseta de Uni\u00f3n Berl\u00edn (prensa del club).<\/span><\/div>\n<p><h2>La renovaci\u00f3n de la Juve<\/h2>\n<\/p>\n<div class=\"custom-text \" readability=\"37\">\n<p>La Vecchia Signora se desprendi\u00f3 de varios nombres claves de cara a esta temporada y comenz\u00f3 una importante renovaci\u00f3n de su plantel. <strong>\u00c1ngel Di Mar\u00eda, Juan Guillermo Cuadrado, Denis Zakaria y el propio Bonucci<\/strong>, son algunos de los nombres que abandonaron Tur\u00edn durante el \u00faltimo mercado.<\/p>\n<\/div>\n<div class=\"custom-text \" readability=\"36\">\n<p>En cuanto a las altas, <strong>se incorporaron Manuel Locatelli, Timothy Weah, Arkadiusz Milik y el uruguayo Facundo Gonz\u00e1lez.<\/strong> <\/p>\n<\/div>\n<div class=\"custom-text \" readability=\"35\">\n<p>En este inicio de la Serie A, el equipo de Allegri se mantiene invicto con dos triunfos y un empate, y actualmente ocupa el tercer puesto de la tabla por detr\u00e1s de Inter y Milan.<\/p>\n<\/div>\n<div class=\"sc-a7166897-0 exHLBh\" readability=\"6.5\">\n<section readability=\"3\"><picture><img alt=\"El hist\u00f3rico central de la Juventus que deja la Serie A tras 18 a\u00f1os para ir a la Bundesliga\" src=\"http:\/\/hoycordobaweb.com\/wp-content\/uploads\/2023\/09\/bonucci-denunciara-a-juventus-por-dejarlo-afuera-del-equipo-4.jpg\" width=\"290\" height=\"290\" decoding=\"async\" data-nimg=\"future\" loading=\"lazy\"><\/picture>\n<p><span>Mir\u00e1 tambi\u00e9n<\/span><\/p>\n<hr>\n<h3>El hist\u00f3rico central de la Juventus que deja la Serie A tras 18 a\u00f1os para ir a la Bundesliga<\/h3>\n<\/p>\n<\/section>\n<\/div>\n<div class=\"sc-a7166897-0 exHLBh\" readability=\"6\">\n<section readability=\"2\"><picture><img alt=\"Retegui fue convocado por Italia para las Eliminatorias de la Euro 2024\" src=\"http:\/\/hoycordobaweb.com\/wp-content\/uploads\/2023\/09\/bonucci-denunciara-a-juventus-por-dejarlo-afuera-del-equipo-5.jpg\" width=\"290\" height=\"290\" decoding=\"async\" data-nimg=\"future\" loading=\"lazy\"><\/picture>\n<p><span>Mir\u00e1 tambi\u00e9n<\/span><\/p>\n<hr>\n<h3>Retegui fue convocado por Italia para las Eliminatorias de la Euro 2024<\/h3>\n<\/p>\n<\/section>\n<\/div>\n<div class=\"sc-a7166897-0 exHLBh\" readability=\"6.5\">\n<section readability=\"3\"><picture><img alt=\"La Bundesliga saca pecho: &quot;Tenemos los mejores aficionados y atm\u00f3sferas en los estadios&quot;\" src=\"http:\/\/hoycordobaweb.com\/wp-content\/uploads\/2023\/09\/bonucci-denunciara-a-juventus-por-dejarlo-afuera-del-equipo-6.jpg\" width=\"290\" height=\"290\" decoding=\"async\" data-nimg=\"future\" loading=\"lazy\"><\/picture>\n<p><span>Mir\u00e1 tambi\u00e9n<\/span><\/p>\n<hr>\n<h3>La Bundesliga saca pecho: \u00abTenemos los mejores aficionados y atm\u00f3sferas en los estadios\u00bb<\/h3>\n<\/p>\n<\/section>\n<\/div>\n<\/div>\n","protected":false},"excerpt":{"rendered":"<p>12\/09\/2023 12:07hs. El defensor italiano Leonardo Bonucci denunciar\u00eda a la Juventus por haberle provocado un da\u00f1o profesional y de imagen al dejarlo fuera del equipo. Seg\u00fan inform\u00f3 La Gazzetta dello Sport, el zaguero central llevar\u00eda a su ex club a juicio por el mal trato recibido en los \u00faltimos meses, momento en el que fue [&hellip;]<\/p>\n","protected":false},"author":1,"featured_media":66471,"comment_status":"open","ping_status":"closed","sticky":false,"template":"","format":"standard","meta":[],"categories":[16],"tags":[],"_links":{"self":[{"href":"http:\/\/hoycordobaweb.com\/index.php\/wp-json\/wp\/v2\/posts\/66470"}],"collection":[{"href":"http:\/\/hoycordobaweb.com\/index.php\/wp-json\/wp\/v2\/posts"}],"about":[{"href":"http:\/\/hoycordobaweb.com\/index.php\/wp-json\/wp\/v2\/types\/post"}],"author":[{"embeddable":true,"href":"http:\/\/hoycordobaweb.com\/index.php\/wp-json\/wp\/v2\/users\/1"}],"replies":[{"embeddable":true,"href":"http:\/\/hoycordobaweb.com\/index.php\/wp-json\/wp\/v2\/comments?post=66470"}],"version-history":[{"count":0,"href":"http:\/\/hoycordobaweb.com\/index.php\/wp-json\/wp\/v2\/posts\/66470\/revisions"}],"wp:featuredmedia":[{"embeddable":true,"href":"http:\/\/hoycordobaweb.com\/index.php\/wp-json\/wp\/v2\/media\/66471"}],"wp:attachment":[{"href":"http:\/\/hoycordobaweb.com\/index.php\/wp-json\/wp\/v2\/media?parent=66470"}],"wp:term":[{"taxonomy":"category","embeddable":true,"href":"http:\/\/hoycordobaweb.com\/index.php\/wp-json\/wp\/v2\/categories?post=66470"},{"taxonomy":"post_tag","embeddable":true,"href":"http:\/\/hoycordobaweb.com\/index.php\/wp-json\/wp\/v2\/tags?post=66470"}],"curies":[{"name":"wp","href":"https:\/\/api.w.org\/{rel}","templated":true}]}}