{"id":66464,"date":"2023-09-12T14:40:59","date_gmt":"2023-09-12T14:40:59","guid":{"rendered":"https:\/\/www.ole.com.ar\/futbol-internacional\/mls\/santi-morales-joyita-raices-argentinas-firmo-inter-miami_0_26eGnZA1QT.html"},"modified":"2023-09-12T14:40:59","modified_gmt":"2023-09-12T14:40:59","slug":"santi-morales-la-nueva-joyita-de-raices-argentas-que-firmo-contrato-con-inter-miami","status":"publish","type":"post","link":"http:\/\/hoycordobaweb.com\/index.php\/2023\/09\/12\/santi-morales-la-nueva-joyita-de-raices-argentas-que-firmo-contrato-con-inter-miami\/","title":{"rendered":"Santi Morales: la nueva joyita de ra\u00edces argentas que firm\u00f3 contrato con Inter Miami"},"content":{"rendered":"<p><img src=\"http:\/\/hoycordobaweb.com\/wp-content\/uploads\/2023\/09\/santi-morales-la-nueva-joyita-de-raices-argentas-que-firmo-contrato-con-inter-miami.jpg\"><\/p>\n<p><time class=\"createDate\" datetime=\"2023-09-12T11:40:59-03:00\">12\/09\/2023 11:40hs.<\/time><time class=\"modificatedDate\" datetime=\"2023-09-12T11:43:24-03:00\"> Actualizado al 12\/09\/2023 11:43hs.<\/time><\/p>\n<div id=\"storyBody\">\n<div class=\"custom-text \" readability=\"37.859042553191\">\n<p><strong><a href=\"https:\/\/www.ole.com.ar\/tema\/inter-miami.html\" title=\"Inter Miami\" alt=\"Inter Miami\" class=\"slug\">Inter Miami<\/a> anunci\u00f3 este martes la contrataci\u00f3n de Santiago Morales, de padres argentinos y nacido en Espa\u00f1a,<\/strong> quien llega al primer equipo despu\u00e9s de haber realizado divisiones inferiores en la Academia del club. <strong>Tiene 16 a\u00f1os,<\/strong> juega de volante y firm\u00f3 un contrato que se extender\u00e1 hasta la temporada 2027 de la Major League Soccer, con opci\u00f3n de ampliarlo hasta 2028.<\/p>\n<\/div>\n<div class=\"custom-text \" readability=\"40.892307692308\">\n<p><strong>Hijo de Javier Morales, ex futbolista de Lan\u00fas quien se desempe\u00f1\u00f3 como t\u00e9cnico interino del Inter antes de la llegada del <a href=\"https:\/\/www.ole.com.ar\/tema\/gerardo-martino.html\" title=\"Gerardo Martino\" alt=\"Gerardo Martino\" class=\"slug\">Tata Martino<\/a>,<\/strong> Santi se uni\u00f3 al Club en 2019, como parte de la generaci\u00f3n inaugural de la Academia. Particip\u00f3 de las categor\u00edas Sub-13, Sub-14, Sub-15 y Sub-17 del club y tuvo un destacado 2022, en el que <strong>fue distinguido como el MVP de los Playoffs de la Copa MLS NEXT, el primer t\u00edtulo nacional en la historia de Las Garzas.<\/strong><\/p>\n<\/div>\n<div class=\"custom-text \" readability=\"38\">\n<p>\u00abEst\u00e1s aqu\u00ed todos estos a\u00f1os y te conectas mucho con todos los entrenadores, las instalaciones, el entorno y tambi\u00e9n con la ciudad. <strong>As\u00ed que estoy muy, muy feliz de poder firmar con el primer equipo\u00bb, <\/strong>dijo el pibe tras poner el gancho en su primer contrato.<\/p>\n<\/div>\n<div class=\"custom-text \" readability=\"36\">\n<p>Este 2023, Santi Morales tuvo su debut en la temporada regular con el Inter Miami CF II. <strong>Desde entonces disput\u00f3 diez encuentros (siete como titular) y anot\u00f3 su primer gol como profesional ante el Crown Legacy, el 19 de agosto.<\/strong><\/p>\n<\/div>\n<div class=\"custom-text \" readability=\"40\">\n<p>\u201cSanti es un centrocampista joven y prometedor que ha estado aqu\u00ed desde el principio, creciendo dentro de nuestro camino de desarrollo.<strong> Ha impresionado con la Academia y con el Inter Miami CF II, y creemos que tiene un potencial significativo\u201d, <\/strong>dijo Chris Henderson, director deportivo y director deportivo. \u00abSanti nos ha demostrado que puede competir a un alto nivel y estamos muy emocionados de continuar su desarrollo aqu\u00ed en Inter Miami\u00bb, agreg\u00f3.<\/p>\n<\/div>\n<div class=\"sc-e7b891c4-0 jPbnQF\"><img alt=\"Santi Morales, de 16 a\u00f1os, firm\u00f3 contrato con Inter Miami (@InterMiamiCF).\" src=\"http:\/\/hoycordobaweb.com\/wp-content\/uploads\/2023\/09\/santi-morales-la-nueva-joyita-de-raices-argentas-que-firmo-contrato-con-inter-miami-2.jpg\" width=\"720\" height=\"100\" decoding=\"async\" data-nimg=\"future\" loading=\"lazy\"><span class=\"epigraphe\">Santi Morales, de 16 a\u00f1os, firm\u00f3 contrato con Inter Miami (@InterMiamiCF).<\/span><\/div>\n<div class=\"custom-text \" readability=\"40\">\n<p><strong>El buen desempe\u00f1o de Morales llam\u00f3 la atenci\u00f3n en las juveniles de la selecci\u00f3n de los Estados Unidos,<\/strong> donde ya particip\u00f3 de varias convocatorias en los niveles Sub-15 y Sub-16. En mayo de este a\u00f1o particip\u00f3 de la International Dream Cup 2023 en Fukushima, Jap\u00f3n, en la que disput\u00f3 tres partidos, dos de ellos como titular y capit\u00e1n, y marc\u00f3 dos goles.<\/p>\n<\/div>\n<div class=\"custom-text \" readability=\"32.727272727273\">\n<p>Morales se convirti\u00f3 en el s\u00e9ptimo futbolista producto de las inferiores del Inter Miami que llega al primer equipo y el segundo que lo hace este mismo a\u00f1o. <strong>Es el mismo caso que <a href=\"https:\/\/www.ole.com.ar\/tema\/benjamin-cremaschi.html\" title=\"Benjam\u00edn Cremaschi\" alt=\"Benjam\u00edn Cremaschi\" class=\"slug\">Benjam\u00edn Cremaschi<\/a>, hijo de argentinos nacido en Estados Unidos que actualmente tira paredes con <a href=\"https:\/\/www.ole.com.ar\/tema\/lionel-messi.html\" title=\"Lionel Messi\" alt=\"Lionel Messi\" class=\"slug\">Lionel Messi<\/a>. <\/strong>\u00bfTendr\u00e1 la chance de compartir cancha con Leo?<\/p>\n<\/div>\n<div class=\"sc-e7b891c4-0 jPbnQF\"><img alt=\"Santi Morales, de 16 a\u00f1os, firm\u00f3 contrato con Inter Miami (@InterMiamiCF).\" src=\"http:\/\/hoycordobaweb.com\/wp-content\/uploads\/2023\/09\/santi-morales-la-nueva-joyita-de-raices-argentas-que-firmo-contrato-con-inter-miami-3.jpg\" width=\"720\" height=\"100\" decoding=\"async\" data-nimg=\"future\" loading=\"lazy\"><span class=\"epigraphe\">Santi Morales, de 16 a\u00f1os, firm\u00f3 contrato con Inter Miami (@InterMiamiCF).<\/span><\/div>\n<p><h2><strong>\u00abMessi es su \u00eddolo\u00bb y la chance de la Selecci\u00f3n Argentina<\/strong><\/h2>\n<\/p>\n<div class=\"custom-text \" readability=\"38\">\n<p>Javier Morales, padre de Santiago, realiz\u00f3 buena parte de su carrera en el Real Salt Lake de los Estados Unidos y se radic\u00f3 all\u00ed junto a su familia. Lleg\u00f3 al Inter Miami como entrenador en las inferiores y con \u00e9l lo hizo tambi\u00e9n Santi, que seg\u00fan parece <strong>deber\u00e1 decidir en alg\u00fan momento si representa a los Estados Unidos o espera por un llamado de la Selecci\u00f3n Argentina.<\/strong><\/p>\n<\/div>\n<div class=\"custom-text \" readability=\"40\">\n<p>En 2022, cuando la llegada de Messi a Miami era todav\u00eda una expresi\u00f3n de deseo, Javier Morales contaba sobre Santi: \u00abDe mis dos hijos, es el que se siente m\u00e1s argentino porque cuando era chiquito por ah\u00ed pas\u00e1bamos tres meses all\u00e1. Messi es su \u00eddolo, pero yo le digo que vaya tranquilo y que se fije en las opciones que tiene. <strong>Obvio que tiene cari\u00f1o y respeto por los Estados Unidos, pero no te voy a negar que la Selecci\u00f3n Argentina tambi\u00e9n le tira\u00bb.<\/strong><\/p>\n<\/div>\n<div class=\"custom-text \" readability=\"38\">\n<p>En una charla con TyC Sports, se animaba a so\u00f1ar con Santi junto a Leo: \u00abQue Messi venga a la MLS y encima al Inter de Miami ser\u00eda espectacular. Ser\u00eda un sue\u00f1o para los que estamos ac\u00e1, porque yo soy hincha de esta liga ya que me abri\u00f3 las puertas, me dio la posibilidad de crecer y hoy trabajo para que a la MLS le vaya bien. <strong>Y que mi hijo Santi tenga primero la posibilidad de ser profesional y despu\u00e9s la chance de jugar con alguien como Messi seria incre\u00edble\u00bb. <\/strong>El primer paso ya est\u00e1 dado.<\/p>\n<\/div>\n<div class=\"sc-e7b891c4-0 jPbnQF\"><img alt=\"Santi Morales junto a pap\u00e1 Javier, su mam\u00e1 y su hermano (@InterMiamiCF).\" src=\"http:\/\/hoycordobaweb.com\/wp-content\/uploads\/2023\/09\/santi-morales-la-nueva-joyita-de-raices-argentas-que-firmo-contrato-con-inter-miami-4.jpg\" width=\"720\" height=\"100\" decoding=\"async\" data-nimg=\"future\" loading=\"lazy\"><span class=\"epigraphe\">Santi Morales junto a pap\u00e1 Javier, su mam\u00e1 y su hermano (@InterMiamiCF).<\/span><\/div>\n<div class=\"sc-a7166897-0 exHLBh\" readability=\"6\">\n<section readability=\"2\"><picture><img alt=\"Bolivia - Argentina y un d\u00eda que puede ser hist\u00f3rico para Garnacho y la Selecci\u00f3n\" src=\"http:\/\/hoycordobaweb.com\/wp-content\/uploads\/2023\/09\/santi-morales-la-nueva-joyita-de-raices-argentas-que-firmo-contrato-con-inter-miami-5.jpg\" width=\"290\" height=\"290\" decoding=\"async\" data-nimg=\"future\" loading=\"lazy\"><\/picture>\n<p><span>Mir\u00e1 tambi\u00e9n<\/span><\/p>\n<hr>\n<h3>Bolivia &#8211; Argentina y un d\u00eda que puede ser hist\u00f3rico para Garnacho y la Selecci\u00f3n<\/h3>\n<\/p>\n<\/section>\n<\/div>\n<div class=\"sc-a7166897-0 exHLBh\" readability=\"6.5\">\n<section readability=\"3\"><picture><img alt=\"Messi, a lo sumo al banco contra Bolivia\" src=\"http:\/\/hoycordobaweb.com\/wp-content\/uploads\/2023\/09\/santi-morales-la-nueva-joyita-de-raices-argentas-que-firmo-contrato-con-inter-miami-6.jpg\" width=\"290\" height=\"290\" decoding=\"async\" data-nimg=\"future\" loading=\"lazy\"><\/picture>\n<p><span>Mir\u00e1 tambi\u00e9n<\/span><\/p>\n<hr>\n<h3>Messi, a lo sumo al banco contra Bolivia<\/h3>\n<\/p>\n<\/section>\n<\/div>\n<div class=\"sc-a7166897-0 exHLBh\" readability=\"6.5\">\n<section readability=\"3\"><picture><img alt=\"La calentura de Moreno Martins por el aliento a Messi y c\u00eda: &quot;No se puede apoyar a dos selecciones&quot;\" src=\"http:\/\/hoycordobaweb.com\/wp-content\/uploads\/2023\/09\/santi-morales-la-nueva-joyita-de-raices-argentas-que-firmo-contrato-con-inter-miami-7.jpg\" width=\"290\" height=\"290\" decoding=\"async\" data-nimg=\"future\" loading=\"lazy\"><\/picture>\n<p><span>Mir\u00e1 tambi\u00e9n<\/span><\/p>\n<hr>\n<h3>La calentura de Moreno Martins por el aliento a Messi y c\u00eda: \u00abNo se puede apoyar a dos selecciones\u00bb<\/h3>\n<\/p>\n<\/section>\n<\/div>\n<div class=\"sc-a7166897-0 exHLBh\" readability=\"6\">\n<section readability=\"2\"><picture><img alt=\"Venta r\u00e9cord para el partido entre Bolivia y Argentina: la impresionante cifra\" src=\"http:\/\/hoycordobaweb.com\/wp-content\/uploads\/2023\/09\/santi-morales-la-nueva-joyita-de-raices-argentas-que-firmo-contrato-con-inter-miami-8.jpg\" width=\"290\" height=\"290\" decoding=\"async\" data-nimg=\"future\" loading=\"lazy\"><\/picture>\n<p><span>Mir\u00e1 tambi\u00e9n<\/span><\/p>\n<hr>\n<h3>Venta r\u00e9cord para el partido entre Bolivia y Argentina: la impresionante cifra<\/h3>\n<\/p>\n<\/section>\n<\/div>\n<\/div>\n","protected":false},"excerpt":{"rendered":"<p>12\/09\/2023 11:40hs. Actualizado al 12\/09\/2023 11:43hs. Inter Miami anunci\u00f3 este martes la contrataci\u00f3n de Santiago Morales, de padres argentinos y nacido en Espa\u00f1a, quien llega al primer equipo despu\u00e9s de haber realizado divisiones inferiores en la Academia del club. Tiene 16 a\u00f1os, juega de volante y firm\u00f3 un contrato que se extender\u00e1 hasta la temporada [&hellip;]<\/p>\n","protected":false},"author":1,"featured_media":66465,"comment_status":"open","ping_status":"closed","sticky":false,"template":"","format":"standard","meta":[],"categories":[16],"tags":[],"_links":{"self":[{"href":"http:\/\/hoycordobaweb.com\/index.php\/wp-json\/wp\/v2\/posts\/66464"}],"collection":[{"href":"http:\/\/hoycordobaweb.com\/index.php\/wp-json\/wp\/v2\/posts"}],"about":[{"href":"http:\/\/hoycordobaweb.com\/index.php\/wp-json\/wp\/v2\/types\/post"}],"author":[{"embeddable":true,"href":"http:\/\/hoycordobaweb.com\/index.php\/wp-json\/wp\/v2\/users\/1"}],"replies":[{"embeddable":true,"href":"http:\/\/hoycordobaweb.com\/index.php\/wp-json\/wp\/v2\/comments?post=66464"}],"version-history":[{"count":0,"href":"http:\/\/hoycordobaweb.com\/index.php\/wp-json\/wp\/v2\/posts\/66464\/revisions"}],"wp:featuredmedia":[{"embeddable":true,"href":"http:\/\/hoycordobaweb.com\/index.php\/wp-json\/wp\/v2\/media\/66465"}],"wp:attachment":[{"href":"http:\/\/hoycordobaweb.com\/index.php\/wp-json\/wp\/v2\/media?parent=66464"}],"wp:term":[{"taxonomy":"category","embeddable":true,"href":"http:\/\/hoycordobaweb.com\/index.php\/wp-json\/wp\/v2\/categories?post=66464"},{"taxonomy":"post_tag","embeddable":true,"href":"http:\/\/hoycordobaweb.com\/index.php\/wp-json\/wp\/v2\/tags?post=66464"}],"curies":[{"name":"wp","href":"https:\/\/api.w.org\/{rel}","templated":true}]}}