{"id":66432,"date":"2023-09-11T16:27:00","date_gmt":"2023-09-11T16:27:00","guid":{"rendered":"http:\/\/hoycordobaweb.com\/index.php\/2023\/09\/11\/enriquez-ominami-a-50-anos-del-golpe-chile-enfrenta-desafios-nuevos-y-muy-dificiles\/"},"modified":"2023-09-11T16:27:00","modified_gmt":"2023-09-11T16:27:00","slug":"enriquez-ominami-a-50-anos-del-golpe-chile-enfrenta-desafios-nuevos-y-muy-dificiles","status":"publish","type":"post","link":"http:\/\/hoycordobaweb.com\/index.php\/2023\/09\/11\/enriquez-ominami-a-50-anos-del-golpe-chile-enfrenta-desafios-nuevos-y-muy-dificiles\/","title":{"rendered":"Enr\u00edquez Ominami: \u00abA 50 a\u00f1os del golpe, Chile enfrenta desaf\u00edos nuevos y muy dif\u00edciles\u00bb"},"content":{"rendered":"<p><img src=\"http:\/\/hoycordobaweb.com\/wp-content\/uploads\/2023\/09\/enriquez-ominami-a-50-anos-del-golpe-chile-enfrenta-desafios-nuevos-y-muy-dificiles.jpg\"><\/p>\n<figure class=\"mb-3\"><img loading=\"lazy\" data-src=\"http:\/\/hoycordobaweb.com\/wp-content\/uploads\/2023\/09\/enriquez-ominami-a-50-anos-del-golpe-chile-enfrenta-desafios-nuevos-y-muy-dificiles-2.jpg\" src=\"https:\/\/www.telam.com.ar\/assets\/img\/not_image.png\" class=\" lazy \" width=\"100%\" height=\"100%\" alt=\"Ominami lament que este aniversario no logra convencer a una gran mayora de chilenos de la trascendencia de la fecha\"><figcaption> Ominami lament\u00f3 que este aniversario \u201cno logra convencer a una gran mayor\u00eda de chilenos de la trascendencia de la fecha\u00bb. <\/figcaption><\/figure>\n<p>El excandidato a presidente de Chile y uno de los fundadores del Grupo de Puebla,<strong> Marco Enr\u00edquez Ominami<\/strong>, alert\u00f3 que a 50 a\u00f1os del <strong>golpe militar<\/strong> que derroc\u00f3 a <strong>Salvador Allende<\/strong>, su pa\u00eds se encuentra \u201cno solamente en un clima antip\u00e1tico, sino sobre todo en un \u00e1nimo confrontativo, sin m\u00ednimos consensos democr\u00e1ticos\u201d.<\/p>\n<p>En declaraciones a T\u00e9lam Radio, el dirigente pol\u00edtico sostuvo que Chile \u201cva a tener que avanzar en la contradicci\u00f3n con nuestros demonios\u201d ya que enfrenta ahora \u201cdesaf\u00edos nuevos, muy dif\u00edciles, complejos\u201d en relaci\u00f3n a una \u201cola de inseguridad\u201d y a una econom\u00eda \u201cque no logra crear el empleo suficiente\u201d.<\/p>\n<blockquote class><p>\u00abChile va a tener que avanzar en la contradicci\u00f3n con nuestros demonios ya que enfrenta ahora desaf\u00edos nuevos, muy dif\u00edciles, complejos y a una econom\u00eda que no logra crear el empleo suficiente\u00bb<cite class=\"author\">Marco Enr\u00edquez Ominami<\/cite><\/p><\/blockquote>\n<p>En referencia a la jornada de este lunes, en que se cumple un nuevo aniversario del golpe impulsado por Augusto Pinochet, Ominami <strong>consider\u00f3 que una fecha \u201cque estaba llamada a ser un momento de un alto simbolismo\u201d se transform\u00f3 en \u201cun peque\u00f1o debate de la pol\u00edtica cotidiana\u201d<\/strong>.<\/p>\n<p><strong>Marco Enr\u00edquez Ominami<\/strong><\/p>\n<p>En este sentido,<strong> lament\u00f3 que este aniversario \u201cno logra convencer a una gran mayor\u00eda de chilenos de la trascendencia de la fecha<\/strong>, del gesto \u00e9tico del presidente Allende y de la barbarie que encabez\u00f3 la derecha en Chile\u201d.<\/p>\n<figure class=\"mb-3\"><img loading=\"lazy\" data-src=\"http:\/\/hoycordobaweb.com\/wp-content\/uploads\/2023\/09\/enriquez-ominami-a-50-anos-del-golpe-chile-enfrenta-desafios-nuevos-y-muy-dificiles-3.jpg\" src=\"https:\/\/www.telam.com.ar\/assets\/img\/not_image.png\" class=\" lazy \" width=\"100%\" height=\"100%\" alt=\"Segn una encuesta de Pulso Ciudadano 565 de la poblacin est nada o poco interesada en el aniversario \"><figcaption> Seg\u00fan una encuesta de Pulso Ciudadano, 56,5% de la poblaci\u00f3n est\u00e1 \u00abnada o poco interesada\u00bb en el aniversario . <\/figcaption><\/figure>\n<p>Al respecto,<strong> seg\u00fan una encuesta de Pulso Ciudadano, 56,5% de la poblaci\u00f3n est\u00e1 \u00abnada o poco interesada\u00bb en el aniversario<\/strong> y los eventos que se celebran, public\u00f3 el diario El Mercurio, que incluy\u00f3 otros sondeos con resultados similares.<\/p>\n<p>\u201cEstamos en un momento cr\u00edtico de nuestra econom\u00eda, de nuestro modelo de desarrollo y de nuestra convivencia, y esta fecha pudo haber sido una oportunidad y es una oportunidad perdida\u201d, se\u00f1al\u00f3.<\/p>\n<blockquote class><p>\u201cEstamos en un momento cr\u00edtico de nuestra econom\u00eda, de nuestro modelo de desarrollo y de nuestra convivencia, y esta fecha pudo haber sido una oportunidad y es una oportunidad perdida\u201d<cite class=\"author\">Marco Enr\u00edquez Ominami<\/cite><\/p><\/blockquote>\n<p>Tambi\u00e9n <strong>indic\u00f3 que el gobierno encabezado por el presidente Gabriel Boric intenta, \u201csin talento\u201d, recuperar la agenda \u201cen este d\u00eda tan importante\u201d<\/strong>.<\/p>\n<p><strong>\u201cLa presencia de l\u00edderes sociales en las calles ha sido muy emocionante y aun as\u00ed la gran mayor\u00eda de los chilenos ha expresado apat\u00eda y poco inter\u00e9s en este d\u00eda\u201d<\/strong>, afirm\u00f3 Enr\u00edquez Ominami.<\/p>\n<p><strong>El excandidato a presidente y fundador del Grupo Puebla public\u00f3 un mensaje a los chilenos con el t\u00edtulo \u201cCarta abierta a mis compatriotas\u201d<\/strong>, en la que manifiesta la necesidad de \u201cvivir sin rencor en una sociedad en que no hubo justicia\u201d, pero que debe avanzar \u201cante peligrosos desaf\u00edos\u00bb.<\/p>\n<p>\u201cEn esas condiciones, vamos a tener que avanzar en la contradicci\u00f3n\u201d, concluy\u00f3. <\/p>\n","protected":false},"excerpt":{"rendered":"<p>Ominami lament\u00f3 que este aniversario \u201cno logra convencer a una gran mayor\u00eda de chilenos de la trascendencia de la fecha\u00bb. El excandidato a presidente de Chile y uno de los fundadores del Grupo de Puebla, Marco Enr\u00edquez Ominami, alert\u00f3 que a 50 a\u00f1os del golpe militar que derroc\u00f3 a Salvador Allende, su pa\u00eds se encuentra [&hellip;]<\/p>\n","protected":false},"author":1,"featured_media":66433,"comment_status":"open","ping_status":"closed","sticky":false,"template":"","format":"standard","meta":[],"categories":[19],"tags":[],"_links":{"self":[{"href":"http:\/\/hoycordobaweb.com\/index.php\/wp-json\/wp\/v2\/posts\/66432"}],"collection":[{"href":"http:\/\/hoycordobaweb.com\/index.php\/wp-json\/wp\/v2\/posts"}],"about":[{"href":"http:\/\/hoycordobaweb.com\/index.php\/wp-json\/wp\/v2\/types\/post"}],"author":[{"embeddable":true,"href":"http:\/\/hoycordobaweb.com\/index.php\/wp-json\/wp\/v2\/users\/1"}],"replies":[{"embeddable":true,"href":"http:\/\/hoycordobaweb.com\/index.php\/wp-json\/wp\/v2\/comments?post=66432"}],"version-history":[{"count":0,"href":"http:\/\/hoycordobaweb.com\/index.php\/wp-json\/wp\/v2\/posts\/66432\/revisions"}],"wp:featuredmedia":[{"embeddable":true,"href":"http:\/\/hoycordobaweb.com\/index.php\/wp-json\/wp\/v2\/media\/66433"}],"wp:attachment":[{"href":"http:\/\/hoycordobaweb.com\/index.php\/wp-json\/wp\/v2\/media?parent=66432"}],"wp:term":[{"taxonomy":"category","embeddable":true,"href":"http:\/\/hoycordobaweb.com\/index.php\/wp-json\/wp\/v2\/categories?post=66432"},{"taxonomy":"post_tag","embeddable":true,"href":"http:\/\/hoycordobaweb.com\/index.php\/wp-json\/wp\/v2\/tags?post=66432"}],"curies":[{"name":"wp","href":"https:\/\/api.w.org\/{rel}","templated":true}]}}