{"id":6642,"date":"2020-12-03T22:00:00","date_gmt":"2020-12-03T22:00:00","guid":{"rendered":"https:\/\/www.perfil.com\/noticias\/politica\/boudou-y-ciccone-un-fallo-que-ensancha-la-grieta-entre-alberto-f-y-cristina-kirchner.phtml"},"modified":"2020-12-03T22:00:00","modified_gmt":"2020-12-03T22:00:00","slug":"ciccone-un-fallo-que-trae-otra-vez-a-rafecas-y-ensancha-la-grieta-entre-alberto-y-cristina","status":"publish","type":"post","link":"http:\/\/hoycordobaweb.com\/index.php\/2020\/12\/03\/ciccone-un-fallo-que-trae-otra-vez-a-rafecas-y-ensancha-la-grieta-entre-alberto-y-cristina\/","title":{"rendered":"Ciccone: un fallo que trae otra vez a Rafecas y ensancha la grieta entre Alberto y Cristina"},"content":{"rendered":"<p><img src=\"http:\/\/hoycordobaweb.com\/wp-content\/uploads\/2020\/12\/ciccone-un-fallo-que-trae-otra-vez-a-rafecas-y-ensancha-la-grieta-entre-alberto-y-cristina.jpg\"><\/p>\n<aside class=\"relatedPost\">\n<h3>Noticias Relacionadas<\/h3>\n<\/aside>\n<p><a target=\"_blank\" href=\"https:\/\/www.perfil.com\/noticias\/politica\/la-corte-suprema-confirmo-la-condena-a-amado-boudou-por-ciccone.phtml\" rel=\"noopener noreferrer\"><strong>La confirmaci\u00f3n de la condena al ex vicepresidente Amado Boudou<\/strong><\/a> <strong>llega con un escenario pol\u00edtico y judicial muy similar al de 2012, cuando el caso sali\u00f3 a la luz p\u00fablica. La situaci\u00f3n procesal de Boudou <a target=\"_blank\" href=\"https:\/\/www.perfil.com\/noticias\/reperfilar\/tenembaum-la-relacion-entre-alberto-fernandez-y-cristina-no-fluye.phtml\" rel=\"noopener noreferrer\">ensancha la grieta<\/a> interna entre Cristina Kirchner y Alberto Fern\u00e1ndez<\/strong>. Se miran con desconfianza. Ella cree que \u00e9l no avanza con una verdadera reforma judicial por algo m\u00e1s que la necesidad de no confrontar con ciertos sectores. Cree, en definitiva, que tiene alg\u00fan grado de acuerdo con el estatus quo imperante.<\/p>\n<p>Pide que se avance contra los jueces que fueron responsables de lo que ella llama Lawfare durante los cuatro a\u00f1os del macrismo, pero mira como en pocas semanas varios fallos produjeron el efecto contrario. Acusa -ella y varios dirigentes del kirchnerismo- a Fern\u00e1ndez y a la ministra de Justicia de inacci\u00f3n deliberada.<\/p>\n<p>El presidente en p\u00fablico se muestra en sinton\u00eda con Cristina y cuestiona, por ejemplo, la figura del arrepentido. Pero la reforma judicial no avanza al ritmo que el kirchnerismo quisiera.<\/p>\n<h2>El origen de Ciccone<\/h2>\n<p>Uno de los&nbsp;nombres en la lista negra del kirchnerismo&nbsp;es el de <a target=\"_blank\" href=\"https:\/\/www.google.com\/search?q=rafecas+site%3Aperfil.com&amp;oq=rafecas+site%3Aperfil.com&amp;aqs=chrome..69i57.3592j0j1&amp;sourceid=chrome&amp;ie=UTF-8\" rel=\"noopener noreferrer\"><strong>Daniel Rafecas<\/strong><\/a>. Fue el juez federal que desat\u00f3 hace ocho a\u00f1os el torbellino judicial sobre Boudou, cuando <strong>orden\u00f3 un allanamiento en su departamento de Puerto Madero<\/strong> por considerar que hab\u00eda elementos s\u00f3lidos en su contra en el caso Ciccone.<\/p>\n<p><strong>Rafecas es el candidato de Alberto Fern\u00e1ndez para la Procuraci\u00f3n<\/strong>. Cristina Kirchner, que declar\u00f3 que la reforma judicial que present\u00f3 Alberto no es una reforma integral, cambi\u00f3 desde el Senado el m\u00e9todo para la designaci\u00f3n del jefe de los fiscales. Rafecas anticip\u00f3 que no aceptar\u00e1 ser electo con ese m\u00e9todo.<\/p>\n<p>El juez fue apartado de la causa Ciccone por la Sala I de la C\u00e1mara Federal cuando el propio Boudou filtr\u00f3 chats entre el magistrado y uno de sus abogados, donde le daba consejos de c\u00f3mo, en teor\u00eda, esquivar las esquirlas del caso.<\/p>\n<p>Uno de los fragmentos, que luego se reprodujo en la prensa, aconsejaba a Ignacio Danuzzo Iturraspe \u201ccuidarse las espaldas\u201d porque hab\u00eda gente en el gobierno \u201cque se quiere despegar\u201d.&nbsp;<\/p>\n<div>\n<figure class=\"image\"><img alt=\"Boudou \" src=\"http:\/\/hoycordobaweb.com\/wp-content\/uploads\/2020\/12\/ciccone-un-fallo-que-trae-otra-vez-a-rafecas-y-ensancha-la-grieta-entre-alberto-y-cristina-2.jpg\"><figcaption>Boudou denuncia desde el Senado a Rafecas y Righi.<\/figcaption><\/figure>\n<\/div>\n<p>Aquella Sala que separ\u00f3 a Rafecas estaba integrada por tres camaristas, dos de los cu\u00e1les ya no est\u00e1n en el Poder Judicial. <a target=\"_blank\" href=\"https:\/\/www.perfil.com\/noticias\/actualidad\/el-jury-de-enjuiciamiento-define-si-destituye-al-juez-freiler.phtml\" rel=\"noopener noreferrer\"><strong>Eduardo Freiler<\/strong><\/a> fue destituido en 2017 por mal desempe\u00f1o, Eduardo Farah fue trasladado por el macrismo y Jorge Ballestero renunci\u00f3 en 2018, cuando el Consejo de la Magistratura lo investigaba e impulsaba su destituci\u00f3n por el fallo que liber\u00f3 a Crist\u00f3bal L\u00f3pez.<\/p>\n<p><strong>La condena a Boudou la imparti\u00f3 ese mismo a\u00f1o el Tribunal Oral Federal n\u00famero 4 a cargo de <a target=\"_blank\" href=\"https:\/\/www.perfil.com\/tags\/Pablo-Bertuzzi\" rel=\"noopener noreferrer\">Pablo Bertuzzi<\/a>.<\/strong> Luego de ello, Bertuzzi fue trasladado a la C\u00e1mara Federal. Para Boudou fue \u201cun premio\u201d de Macri al juez por haberlo condenado. &nbsp;<\/p>\n<p>El traslado de Bertuzzi<strong><a target=\"_blank\" href=\"https:\/\/www.perfil.com\/noticias\/politica\/la-corte-avalo-que-los-jueces-trasladados-sigan-en-sus-cargos-hasta-que-se-cubran-las-vacantes.phtml\" rel=\"noopener noreferrer\"> fue confirmado provisoriamente por la Corte Suprema<\/a><\/strong> de Justicia hace exactamente un mes, el 3 de noviembre de 2020. Deber\u00e1 rendir un concurso y ganarlo si quiere quedarse.&nbsp;<\/p>\n<p>Cristina Kirchner se refiri\u00f3 varias veces al tema. Una, precisamente, cuando el Senado que ella conduce quiso revocar los traslados de Bruglia y Bertuzzi. <strong>\u201c\u00bfSe dan cuenta que han convertido al Poder Judicial en un instrumento para atacar al peronismo y a los gobiernos populares y darle impunidad a los poderosos que siempre manejan los hilos de la econom\u00eda y la comunicaci\u00f3n en nuestro pa\u00eds?\u201d, escribi\u00f3 en sus redes.<\/strong><\/p>\n<p>El kirchnerismo cree que los responsables de ese \u201cLawfare\u201d o guerra jur\u00eddica deben ser removidos. <strong>Este mismo 3 de diciembre varios referentes se pronunciaron sobre el tema, uno de ellos fue Gregorio Dalb\u00f3n, uno de los abogados de Cristina Kirchner. Escribi\u00f3 en Twitter: \u201c\u00a1Y seguimos mirando c\u00f3mo nos llevan por delante sin hacer NADA!\u201d. Resume lo que cree Cristina Kirchner<\/strong>, <strong>que Alberto no se mueve para modificar la situaci\u00f3n de un Poder Judicial que, para ella, necesita una reforma de ra\u00edz.&nbsp;<\/strong><\/p>\n<p><strong>MC<\/strong><br \/>&nbsp;<\/p>\n","protected":false},"excerpt":{"rendered":"<p>Noticias Relacionadas La confirmaci\u00f3n de la condena al ex vicepresidente Amado Boudou llega con un escenario pol\u00edtico y judicial muy similar al de 2012, cuando el caso sali\u00f3 a la luz p\u00fablica. La situaci\u00f3n procesal de Boudou ensancha la grieta interna entre Cristina Kirchner y Alberto Fern\u00e1ndez. Se miran con desconfianza. Ella cree que \u00e9l [&hellip;]<\/p>\n","protected":false},"author":1,"featured_media":6643,"comment_status":"closed","ping_status":"closed","sticky":false,"template":"","format":"standard","meta":[],"categories":[1],"tags":[],"_links":{"self":[{"href":"http:\/\/hoycordobaweb.com\/index.php\/wp-json\/wp\/v2\/posts\/6642"}],"collection":[{"href":"http:\/\/hoycordobaweb.com\/index.php\/wp-json\/wp\/v2\/posts"}],"about":[{"href":"http:\/\/hoycordobaweb.com\/index.php\/wp-json\/wp\/v2\/types\/post"}],"author":[{"embeddable":true,"href":"http:\/\/hoycordobaweb.com\/index.php\/wp-json\/wp\/v2\/users\/1"}],"replies":[{"embeddable":true,"href":"http:\/\/hoycordobaweb.com\/index.php\/wp-json\/wp\/v2\/comments?post=6642"}],"version-history":[{"count":0,"href":"http:\/\/hoycordobaweb.com\/index.php\/wp-json\/wp\/v2\/posts\/6642\/revisions"}],"wp:featuredmedia":[{"embeddable":true,"href":"http:\/\/hoycordobaweb.com\/index.php\/wp-json\/wp\/v2\/media\/6643"}],"wp:attachment":[{"href":"http:\/\/hoycordobaweb.com\/index.php\/wp-json\/wp\/v2\/media?parent=6642"}],"wp:term":[{"taxonomy":"category","embeddable":true,"href":"http:\/\/hoycordobaweb.com\/index.php\/wp-json\/wp\/v2\/categories?post=6642"},{"taxonomy":"post_tag","embeddable":true,"href":"http:\/\/hoycordobaweb.com\/index.php\/wp-json\/wp\/v2\/tags?post=6642"}],"curies":[{"name":"wp","href":"https:\/\/api.w.org\/{rel}","templated":true}]}}