{"id":66299,"date":"2023-09-08T22:31:31","date_gmt":"2023-09-08T22:31:31","guid":{"rendered":"https:\/\/ladecimaweb.com\/?p=19551"},"modified":"2023-09-08T22:31:31","modified_gmt":"2023-09-08T22:31:31","slug":"un-exito-la-feria-popular-de-oficios-en-santa-isabel-ii","status":"publish","type":"post","link":"http:\/\/hoycordobaweb.com\/index.php\/2023\/09\/08\/un-exito-la-feria-popular-de-oficios-en-santa-isabel-ii\/","title":{"rendered":"Un \u00e9xito la feria popular de oficios en Santa Isabel II"},"content":{"rendered":"<div class=\"boldgrid-section\">\n<div class=\"container\">\n<div class=\"row\">\n<div class=\"col-md-12 col-xs-12 col-sm-12\">\n<p class=\"\">Result\u00f3 un \u00e9xito la feria popular de oficios C\u00e1mpoli desarrollada hoy en Santa Isabel II Secci\u00f3n.&nbsp;<\/p>\n<p class=\"\">La feria tuvo como escenario las instalaciones del Centro Integral de Formaci\u00f3n Salvador C\u00e1mpoli por Cajamarca y Colorado. De la feria tambi\u00e9n particip\u00f3 en la organizaci\u00f3n la escuela Jorge Osvaldo Le\u00f3n.&nbsp;<\/p>\n<p>Los organizadores quedaron contentos por la decena de expositores que exhibieron sus productos (desde plantas hasta comestibles) y la buena concurrencia de p\u00fablico.&nbsp;<\/p>\n<p class=\"\">Descuentan que se repetir\u00e1 en el tiempo.&nbsp;<\/p>\n<p class=\"\"><img loading=\"lazy\" class=\"alignnone wp-image-19552\" src=\"http:\/\/hoycordobaweb.com\/wp-content\/uploads\/2023\/09\/un-exito-la-feria-popular-de-oficios-en-santa-isabel-ii.jpg\" alt=\"\" width=\"244\" height=\"434\" srcset=\"http:\/\/hoycordobaweb.com\/wp-content\/uploads\/2023\/09\/un-exito-la-feria-popular-de-oficios-en-santa-isabel-ii.jpg 648w, http:\/\/hoycordobaweb.com\/wp-content\/uploads\/2023\/09\/un-exito-la-feria-popular-de-oficios-en-santa-isabel-ii-5.jpg 250w\" sizes=\"(max-width: 244px) 100vw, 244px\" \/>&nbsp;<\/p>\n<p class=\"\"><img loading=\"lazy\" class=\"alignnone wp-image-19553\" src=\"http:\/\/hoycordobaweb.com\/wp-content\/uploads\/2023\/09\/un-exito-la-feria-popular-de-oficios-en-santa-isabel-ii-1.jpg\" alt=\"\" width=\"243\" height=\"432\" srcset=\"http:\/\/hoycordobaweb.com\/wp-content\/uploads\/2023\/09\/un-exito-la-feria-popular-de-oficios-en-santa-isabel-ii-6.jpg 648w, http:\/\/hoycordobaweb.com\/wp-content\/uploads\/2023\/09\/un-exito-la-feria-popular-de-oficios-en-santa-isabel-ii-7.jpg 250w\" sizes=\"(max-width: 243px) 100vw, 243px\" \/><\/p>\n<p class=\"\"><img loading=\"lazy\" class=\"alignnone wp-image-19554\" src=\"http:\/\/hoycordobaweb.com\/wp-content\/uploads\/2023\/09\/un-exito-la-feria-popular-de-oficios-en-santa-isabel-ii-2.jpg\" alt=\"\" width=\"259\" height=\"461\" srcset=\"http:\/\/hoycordobaweb.com\/wp-content\/uploads\/2023\/09\/un-exito-la-feria-popular-de-oficios-en-santa-isabel-ii-8.jpg 648w, http:\/\/hoycordobaweb.com\/wp-content\/uploads\/2023\/09\/un-exito-la-feria-popular-de-oficios-en-santa-isabel-ii-9.jpg 250w\" sizes=\"(max-width: 259px) 100vw, 259px\" \/><\/p>\n<p class=\"\"><img loading=\"lazy\" class=\"alignnone wp-image-19555\" src=\"http:\/\/hoycordobaweb.com\/wp-content\/uploads\/2023\/09\/un-exito-la-feria-popular-de-oficios-en-santa-isabel-ii-3.jpg\" alt=\"\" width=\"281\" height=\"499\" srcset=\"http:\/\/hoycordobaweb.com\/wp-content\/uploads\/2023\/09\/un-exito-la-feria-popular-de-oficios-en-santa-isabel-ii-10.jpg 648w, http:\/\/hoycordobaweb.com\/wp-content\/uploads\/2023\/09\/un-exito-la-feria-popular-de-oficios-en-santa-isabel-ii-11.jpg 250w\" sizes=\"(max-width: 281px) 100vw, 281px\" \/><\/p>\n<p class=\"\"><img loading=\"lazy\" class=\"alignnone wp-image-19556\" src=\"http:\/\/hoycordobaweb.com\/wp-content\/uploads\/2023\/09\/un-exito-la-feria-popular-de-oficios-en-santa-isabel-ii-4.jpg\" alt=\"\" width=\"286\" height=\"509\" srcset=\"http:\/\/hoycordobaweb.com\/wp-content\/uploads\/2023\/09\/un-exito-la-feria-popular-de-oficios-en-santa-isabel-ii-12.jpg 648w, http:\/\/hoycordobaweb.com\/wp-content\/uploads\/2023\/09\/un-exito-la-feria-popular-de-oficios-en-santa-isabel-ii-13.jpg 250w\" sizes=\"(max-width: 286px) 100vw, 286px\" \/><\/p>\n<p>&nbsp;<\/p>\n<p>&nbsp;<\/p>\n<div class=\"ubm_banner\"><a href=\"http:\/\/www.cba.gov.ar\/prevencion-incendios\" target=\"_blank\" rel=\"dofollow noopener noreferrer\"><img src=\"http:\/\/hoycordobaweb.com\/wp-content\/uploads\/2023\/09\/un-exito-la-feria-popular-de-oficios-en-santa-isabel-ii.gif\" alt=\"\"><\/a><\/div>\n<\/div>\n<\/div>\n<\/div>\n<\/div>\n<p>La entrada <a rel=\"nofollow\" href=\"https:\/\/ladecimaweb.com\/un-exito-la-feria-popular-de-oficios-en-santa-isabel-ii\/\">Un \u00e9xito la feria popular de oficios en Santa Isabel II<\/a> se public\u00f3 primero en <a rel=\"nofollow\" href=\"https:\/\/ladecimaweb.com\">LaDecima<\/a>.<\/p>\n","protected":false},"excerpt":{"rendered":"<p>Result\u00f3 un \u00e9xito la feria popular de oficios C\u00e1mpoli desarrollada hoy en Santa Isabel II Secci\u00f3n.&nbsp; La feria tuvo como escenario las instalaciones del Centro Integral de Formaci\u00f3n Salvador C\u00e1mpoli por Cajamarca y Colorado. De la feria tambi\u00e9n particip\u00f3 en la organizaci\u00f3n la escuela Jorge Osvaldo Le\u00f3n.&nbsp; Los organizadores quedaron contentos por la decena de [&hellip;]<\/p>\n","protected":false},"author":1,"featured_media":66300,"comment_status":"closed","ping_status":"closed","sticky":false,"template":"","format":"standard","meta":[],"categories":[19],"tags":[],"_links":{"self":[{"href":"http:\/\/hoycordobaweb.com\/index.php\/wp-json\/wp\/v2\/posts\/66299"}],"collection":[{"href":"http:\/\/hoycordobaweb.com\/index.php\/wp-json\/wp\/v2\/posts"}],"about":[{"href":"http:\/\/hoycordobaweb.com\/index.php\/wp-json\/wp\/v2\/types\/post"}],"author":[{"embeddable":true,"href":"http:\/\/hoycordobaweb.com\/index.php\/wp-json\/wp\/v2\/users\/1"}],"replies":[{"embeddable":true,"href":"http:\/\/hoycordobaweb.com\/index.php\/wp-json\/wp\/v2\/comments?post=66299"}],"version-history":[{"count":0,"href":"http:\/\/hoycordobaweb.com\/index.php\/wp-json\/wp\/v2\/posts\/66299\/revisions"}],"wp:featuredmedia":[{"embeddable":true,"href":"http:\/\/hoycordobaweb.com\/index.php\/wp-json\/wp\/v2\/media\/66300"}],"wp:attachment":[{"href":"http:\/\/hoycordobaweb.com\/index.php\/wp-json\/wp\/v2\/media?parent=66299"}],"wp:term":[{"taxonomy":"category","embeddable":true,"href":"http:\/\/hoycordobaweb.com\/index.php\/wp-json\/wp\/v2\/categories?post=66299"},{"taxonomy":"post_tag","embeddable":true,"href":"http:\/\/hoycordobaweb.com\/index.php\/wp-json\/wp\/v2\/tags?post=66299"}],"curies":[{"name":"wp","href":"https:\/\/api.w.org\/{rel}","templated":true}]}}