{"id":66294,"date":"2023-09-09T11:10:00","date_gmt":"2023-09-09T11:10:00","guid":{"rendered":"http:\/\/hoycordobaweb.com\/index.php\/2023\/09\/09\/lula-en-el-g20-estamos-ante-una-emergencia-climatica-sin-precedentes\/"},"modified":"2023-09-09T11:10:00","modified_gmt":"2023-09-09T11:10:00","slug":"lula-en-el-g20-estamos-ante-una-emergencia-climatica-sin-precedentes","status":"publish","type":"post","link":"http:\/\/hoycordobaweb.com\/index.php\/2023\/09\/09\/lula-en-el-g20-estamos-ante-una-emergencia-climatica-sin-precedentes\/","title":{"rendered":"Lula, en el G20: \u00abEstamos ante una emergencia clim\u00e1tica sin precedentes\u00bb"},"content":{"rendered":"<p><img src=\"http:\/\/hoycordobaweb.com\/wp-content\/uploads\/2023\/09\/lula-en-el-g20-estamos-ante-una-emergencia-climatica-sin-precedentes.jpg\"><\/p>\n<figure class=\"mb-3\"><img loading=\"lazy\" data-src=\"http:\/\/hoycordobaweb.com\/wp-content\/uploads\/2023\/09\/lula-en-el-g20-estamos-ante-una-emergencia-climatica-sin-precedentes-2.jpg\" src=\"https:\/\/www.telam.com.ar\/assets\/img\/not_image.png\" class=\" lazy \" width=\"100%\" height=\"100%\" alt=\"Luiz Inacio Lula da Silva habl ante sus pares del G20 Foto AFP\"><figcaption> Luiz Inacio Lula da Silva habl\u00f3 ante sus pares del G20. Foto: AFP. <\/figcaption><\/figure>\n<p>El presidente de Brasil, Luiz Inacio Lula da Silva, advirti\u00f3 este s\u00e1bado ante sus pares del G20 que <strong>el planeta vive \u00abuna emergencia clim\u00e1tica sin precedentes\u00bb<\/strong> y se\u00f1al\u00f3 que si los l\u00edderes del mundo no act\u00faan con \u00absentido de urgencia\u00bb los impactos ser\u00e1n \u00abirreversibles\u00bb.<\/p>\n<p>\u00abLa falta de compromiso con el medio ambiente nos lleva a una emergencia clim\u00e1tica sin precedentes. El calentamiento global cambia los patrones de lluvia y eleva el nivel del mar. Las sequ\u00edas, inundaciones, tormentas e incendios son cada vez m\u00e1s frecuentes y socavan la seguridad alimentaria y energ\u00e9tica\u00bb, enumer\u00f3 Lula en su intervenci\u00f3n en la primera sesi\u00f3n plenaria del G20 denominada \u00abUna tierra\u00bb, que se desarrolla en la ciudad de Nueva Delhi, India.<\/p>\n<p>El mandatario brasile\u00f1o <strong>se refiri\u00f3 concretamente al cicl\u00f3n <\/strong>que afect\u00f3 en las \u00faltimas horas al estado de Rio Grande do Sul, que dej\u00f3 miles de personas sin hogar y decenas de v\u00edctimas mortales.<\/p>\n<blockquote class><p>\u00abQuienes hist\u00f3ricamente han contribuido m\u00e1s al calentamiento global deben soportar los mayores costos de combatirlo\u00bb<\/p><\/blockquote>\n<p>\u00abSi no actuamos con sentido de urgencia, estos impactos ser\u00e1n irreversibles\u00bb, advirti\u00f3 en tono dram\u00e1tico el presidente de Brasil y reflexion\u00f3 que \u00ablos m\u00e1s afectados son los m\u00e1s pobres, las mujeres, los ind\u00edgenas, los ancianos, los ni\u00f1os, los j\u00f3venes y los migrantes\u00bb.<\/p>\n<p>En esa l\u00ednea, el l\u00edder brasile\u00f1o indic\u00f3 que \u00abquienes hist\u00f3ricamente han contribuido m\u00e1s al calentamiento global deben soportar los mayores costos de combatirlo\u00bb y afirm\u00f3 que <strong>\u00abse trata de una deuda acumulada durante dos siglos\u00bb.<\/strong><\/p>\n<p>Desde la COP de Copenhague, se ha exigido a los pa\u00edses ricos que proporcionen 100.000 millones de d\u00f3lares al a\u00f1o en financiaci\u00f3n clim\u00e1tica nueva y adicional a los pa\u00edses en desarrollo. Esa promesa nunca se cumpli\u00f3\u00bb, sentenci\u00f3 Lula.<\/p>\n<p>Asimismo, indic\u00f3 que \u00abno tendr\u00e1 sentido que el mundo rico llegue a futuras COP alardeando de sus reducciones en las emisiones de carbono si se contin\u00faan transfiriendo responsabilidades al Sur Global\u00bb.<\/p>\n<p>\u00abNo hay escasez de recursos. <strong>El a\u00f1o pasado, el mundo gast\u00f3 2,24 billones de d\u00f3lares en armas<\/strong>. Esta monta\u00f1a de dinero podr\u00eda canalizarse hacia el desarrollo sostenible y la acci\u00f3n clim\u00e1tica\u00bb, asever\u00f3 en su discurso ante los l\u00edderes del G20.<\/p>\n<blockquote class><p>Lula destac\u00f3 que Brasil est\u00e1 haciendo su \u00abparte\u00bb y remarc\u00f3 que \u00abla protecci\u00f3n del bosque y el desarrollo sostenible de la Amazon\u00eda est\u00e1n entre las prioridades\u00bb de su gobierno<\/p><\/blockquote>\n<p>Lula destac\u00f3 que Brasil est\u00e1 haciendo su \u00abparte\u00bb y remarc\u00f3 que \u00abla protecci\u00f3n del bosque y el desarrollo sostenible de la Amazon\u00eda est\u00e1n entre las prioridades\u00bb de su gobierno.<\/p>\n<p>En su discurso, <strong>el presidente llam\u00f3 al G20 a \u00abimpulsar este esfuerzo<\/strong>, respetando el concepto de responsabilidades comunes pero diferenciadas y valorando las tres convenciones de R\u00edo 92: clima, biodiversidad y desertificaci\u00f3n\u00bb.<\/p>\n<p>\u00abLa mejor manera de ser ambicioso es asegurar el \u00e9xito del Ejercicio de Evaluaci\u00f3n Global del Acuerdo de Par\u00eds, en la COP28, y la negociaci\u00f3n de nuevos objetivos cuantitativos\u00bb, dijo y anunci\u00f3 que para \u00abcomplementar este esfuerzo\u00bb lanzar\u00e1 durante su presidencia del G20 el a\u00f1o que viene un grupo de trabajo para la Movilizaci\u00f3n Global contra el Cambio Clim\u00e1tico.<\/p>\n<p><strong>\u00abQueremos llegar a la COP 30, en 2025, con una agenda clim\u00e1tica equilibrada<\/strong> entre mitigaci\u00f3n, adaptaci\u00f3n, p\u00e9rdidas y da\u00f1os y financiaci\u00f3n, asegurando la sostenibilidad del planeta y la dignidad de las personas\u00bb, finaliz\u00f3 su discurso.<\/p>\n","protected":false},"excerpt":{"rendered":"<p>Luiz Inacio Lula da Silva habl\u00f3 ante sus pares del G20. Foto: AFP. El presidente de Brasil, Luiz Inacio Lula da Silva, advirti\u00f3 este s\u00e1bado ante sus pares del G20 que el planeta vive \u00abuna emergencia clim\u00e1tica sin precedentes\u00bb y se\u00f1al\u00f3 que si los l\u00edderes del mundo no act\u00faan con \u00absentido de urgencia\u00bb los impactos [&hellip;]<\/p>\n","protected":false},"author":1,"featured_media":66295,"comment_status":"open","ping_status":"closed","sticky":false,"template":"","format":"standard","meta":[],"categories":[24],"tags":[],"_links":{"self":[{"href":"http:\/\/hoycordobaweb.com\/index.php\/wp-json\/wp\/v2\/posts\/66294"}],"collection":[{"href":"http:\/\/hoycordobaweb.com\/index.php\/wp-json\/wp\/v2\/posts"}],"about":[{"href":"http:\/\/hoycordobaweb.com\/index.php\/wp-json\/wp\/v2\/types\/post"}],"author":[{"embeddable":true,"href":"http:\/\/hoycordobaweb.com\/index.php\/wp-json\/wp\/v2\/users\/1"}],"replies":[{"embeddable":true,"href":"http:\/\/hoycordobaweb.com\/index.php\/wp-json\/wp\/v2\/comments?post=66294"}],"version-history":[{"count":0,"href":"http:\/\/hoycordobaweb.com\/index.php\/wp-json\/wp\/v2\/posts\/66294\/revisions"}],"wp:featuredmedia":[{"embeddable":true,"href":"http:\/\/hoycordobaweb.com\/index.php\/wp-json\/wp\/v2\/media\/66295"}],"wp:attachment":[{"href":"http:\/\/hoycordobaweb.com\/index.php\/wp-json\/wp\/v2\/media?parent=66294"}],"wp:term":[{"taxonomy":"category","embeddable":true,"href":"http:\/\/hoycordobaweb.com\/index.php\/wp-json\/wp\/v2\/categories?post=66294"},{"taxonomy":"post_tag","embeddable":true,"href":"http:\/\/hoycordobaweb.com\/index.php\/wp-json\/wp\/v2\/tags?post=66294"}],"curies":[{"name":"wp","href":"https:\/\/api.w.org\/{rel}","templated":true}]}}