{"id":66253,"date":"2023-09-08T13:17:46","date_gmt":"2023-09-08T13:17:46","guid":{"rendered":"https:\/\/www.ole.com.ar\/futbol-internacional\/eliminatorias\/brasil-bolivia-eliminatorias-formaciones-neymar_0_IvhZwT9k4x.html"},"modified":"2023-09-08T13:17:46","modified_gmt":"2023-09-08T13:17:46","slug":"el-estreno-de-brasil-sera-con-tecnico-interino-y-un-debut-absoluto-en-la-defensa-titular","status":"publish","type":"post","link":"http:\/\/hoycordobaweb.com\/index.php\/2023\/09\/08\/el-estreno-de-brasil-sera-con-tecnico-interino-y-un-debut-absoluto-en-la-defensa-titular\/","title":{"rendered":"El estreno de Brasil ser\u00e1 con t\u00e9cnico interino y un debut absoluto en la defensa titular"},"content":{"rendered":"<p><img src=\"http:\/\/hoycordobaweb.com\/wp-content\/uploads\/2023\/09\/el-estreno-de-brasil-sera-con-tecnico-interino-y-un-debut-absoluto-en-la-defensa-titular.jpg\"><\/p>\n<p><time class=\"createDate\" datetime=\"2023-09-08T10:17:46-03:00\">08\/09\/2023 10:17hs.<\/time><time class=\"modificatedDate\" datetime=\"2023-09-08T10:17:46-03:00\"><\/time><\/p>\n<div id=\"storyBody\">\n<div class=\"custom-text \" readability=\"41.567753001715\">\n<p><strong>El seleccionado de <a href=\"https:\/\/www.ole.com.ar\/tema\/brasil.html\" title=\"Brasil\" alt=\"Brasil\" class=\"slug\">Brasil<\/a>, uno de los hist\u00f3ricos protagonistas de las Eliminatorias Sudamericanas, cerrar\u00e1 este viernes la primera fecha cuando reciba a Bolivia,<\/strong> del entrenador argentino Gustavo Costas, con el objetivo de conseguir su primera victoria en el camino hacia el Mundial 2026. El partido se jugar\u00e1 desde las 21.45 (hora de la Argentina) en el estadio Mangueir\u00e3o, ubicado en la ciudad brasile\u00f1a de Bel\u00e9m, contar\u00e1 con el arbitraje del paraguayo Juan Gabriel Ben\u00edtez, en el VAR estar\u00e1 su compatriota Carlos Ben\u00edtez y la transmisi\u00f3n ser\u00e1 de la se\u00f1al TyC Sports 2.<\/p>\n<\/div>\n<div class=\"custom-text \" readability=\"35\">\n<p>El Scratch finaliz\u00f3 las pasadas eliminatorias para el <a href=\"https:\/\/www.ole.com.ar\/tema\/mundial-de-qatar-2022.html\" title=\"Mundial de Qatar 2022\" alt=\"Mundial de Qatar 2022\" class=\"slug\">Mundial de Qatar 2022<\/a> en la primera posici\u00f3n con 45 unidades, escoltado por Argentina con 39, competencia en la que en los \u00faltimos tres encuentros gole\u00f3 por 4 a 0 a Paraguay, Chile y Bolivia, respectivamente.<\/p>\n<\/div>\n<div class=\"custom-text \" readability=\"35.447028423773\">\n<p><strong>El representativo brasile\u00f1o tendr\u00e1 un arranque bastante particular,<\/strong> ya que contar\u00e1 de forma interina en el banco con el t\u00e9cnico <strong>Fernando Diniz, actualmente en el Fluminense,<\/strong> quien estar\u00e1 en el cargo hasta la Copa Am\u00e9rica de 2024 cuando la Confederaci\u00f3n Brasile\u00f1a de F\u00fatbol (CBF) oficialice la llegada del italiano <a href=\"https:\/\/www.ole.com.ar\/tema\/carlo-ancelotti.html\" title=\"Carlo Ancelotti\" alt=\"Carlo Ancelotti\" class=\"slug\">Carlo Ancelotti<\/a> una vez que finalice su contrato en<a href=\"https:\/\/www.ole.com.ar\/tema\/real-madrid.html\" title=\"Real Madrid\" alt=\"Real Madrid\" class=\"slug\"> Real Madrid<\/a>.<\/p>\n<\/div>\n<div class=\"custom-text \" readability=\"37\">\n<p>Ancelotti, de 64 a\u00f1os, reemplazar\u00e1 a Tite, DT que manej\u00f3 los hilos del equipo en el pasado Mundial de Qatar, en el que qued\u00f3 eliminado por penales en cuartos de final ante Croacia.<\/p>\n<\/div>\n<div class=\"custom-text \" readability=\"42\">\n<p>En cuanto a la formaci\u00f3n, Diniz propone un esquema bastante particular donde se apoyar\u00e1 en cuatro defensores m\u00e1s dos hombres de recuperaci\u00f3n en el medio como Casemiro y Bruno Guimar\u00e3es, mientras que el resto del equipo ser\u00e1n puramente delanteros netos: <strong>Raphinha ir\u00e1 de puntero derecho, Rodrygo se parar\u00e1 por izquierda, Richarlison ser\u00e1 la referencia en el \u00e1rea y finalmente Neymar estar\u00e1 unos metros m\u00e1s atr\u00e1s, por el centro.<\/strong> Claro, del otro lado estar\u00e1 Bolivia, una selecci\u00f3n que probablemente no busque atacar demasiado. <\/p>\n<\/div>\n<div class=\"custom-text \" readability=\"38\">\n<p>Otro dato particular es que el entrenador decidi\u00f3 abrir las Eliminatorias con un jugador que no s\u00f3lo debutar\u00e1 en la selecci\u00f3n de Brasil, sino que lo har\u00e1 como titular. <strong>Se trata de Gabriel Magalh\u00e3es, el defensor central de 25 a\u00f1os del Arsenal de Inglaterra, que har\u00e1 dupla abajo con el experimentado Marquinhos.<\/strong> Danilo y Renan Lodi ser\u00e1n los laterales mientras que Ederson estar\u00e1 en el arco. <\/p>\n<\/div>\n<div class=\"custom-text \" readability=\"41\">\n<p>De esta forma, los once de Brasil para el debut ser\u00e1n los siguientes: Ederson; Danilo, Marquinhos, Gabriel Magalh\u00e3es, Renan Lodi; Casemiro, Bruno Guimar\u00e3es; Rodrygo, Neymar, Raphinha y Richarlison.<\/p>\n<\/div>\n<div class=\"sc-e7b891c4-0 jPbnQF\"><img alt=\"Diniz y las indicaciones para Neymar y Richarlison. \" src=\"http:\/\/hoycordobaweb.com\/wp-content\/uploads\/2023\/09\/el-estreno-de-brasil-sera-con-tecnico-interino-y-un-debut-absoluto-en-la-defensa-titular-2.jpg\" width=\"720\" height=\"100\" decoding=\"async\" data-nimg=\"future\" loading=\"lazy\"><span class=\"epigraphe\">Diniz y las indicaciones para Neymar y Richarlison. <\/span><\/div>\n<p><h2><strong>C\u00f3mo viene Bolivia<\/strong><\/h2>\n<\/p>\n<div class=\"custom-text \" readability=\"41\">\n<p>El seleccionado de Bolivia, rival de la Argentina el martes pr\u00f3ximo en La Paz, tiene en el banco de suplentes al entrenador argentino Gustavo Adolfo Costas, \u00eddolo hist\u00f3rico de Racing Club, que tendr\u00e1 como principal objetivo intentar clasificarlo al cuarto mundial de su historia, tras las participaciones en Uruguay 1930, Brasil 1950 y Estados Unidos 1994.<\/p>\n<\/div>\n<div class=\"custom-text \" readability=\"36\">\n<p>La Verde termin\u00f3 la pasada clasificatoria mundialista en la pen\u00faltima posici\u00f3n con 15 unidades, cinco m\u00e1s que el \u00faltimo, Venezuela, con cuatro derrotas consecutivas en el tramo final.<\/p>\n<\/div>\n<div class=\"custom-text \" readability=\"42\">\n<p>Bolivia tendr\u00e1 a su m\u00e1xima figura, el delantero Marcelo Moreno Martins, m\u00e1ximo artillero de la historia de su seleccionado que lograr\u00e1 el r\u00e9cord de presencias con 103 partidos disputados, uno m\u00e1s que el defensor Ronald Raldes. \u00c9stos ser\u00e1n los once: Carlos Lampe; Diego Bejarano, Luis Haqu\u00edn, Adri\u00e1n Jusino, Marcelo Su\u00e1rez y Carlos Roca; Boris C\u00e9spedes, Fernando Saucedo y Luciano Ursino; Marcelo Moreno Martins y Carmelo Algara\u00f1az. DT: Gustavo Costas.<\/p>\n<\/div>\n<div class=\"custom-text \" readability=\"37\">\n<p>El historial entre Brasil y Bolivia registra un total de 32 enfrentamientos, entre Eliminatorias, Copa Am\u00e9rica y amistosos, con 23 victorias de la Canarinha, cinco de la Verde y cuatro empates.<\/p>\n<\/div>\n<div class=\"sc-e7b891c4-0 jPbnQF\"><img alt=\"Marcelo Moreno Martins, la referencia de ataque de Bolivia. \" src=\"http:\/\/hoycordobaweb.com\/wp-content\/uploads\/2023\/09\/el-estreno-de-brasil-sera-con-tecnico-interino-y-un-debut-absoluto-en-la-defensa-titular-3.jpg\" width=\"720\" height=\"100\" decoding=\"async\" data-nimg=\"future\" loading=\"lazy\"><span class=\"epigraphe\">Marcelo Moreno Martins, la referencia de ataque de Bolivia. <\/span><\/div>\n<div class=\"sc-a7166897-0 exHLBh\" readability=\"6\">\n<section readability=\"2\"><picture><img alt=\"Neymar picante: &quot;No s\u00e9 si la liga saud\u00ed no es mejor que el campeonato franc\u00e9s&quot;\" src=\"http:\/\/hoycordobaweb.com\/wp-content\/uploads\/2023\/09\/el-estreno-de-brasil-sera-con-tecnico-interino-y-un-debut-absoluto-en-la-defensa-titular-4.jpg\" width=\"290\" height=\"290\" decoding=\"async\" data-nimg=\"future\" loading=\"lazy\"><\/picture>\n<p><span>Mir\u00e1 tambi\u00e9n<\/span><\/p>\n<hr>\n<h3>Neymar picante: \u00abNo s\u00e9 si la liga saud\u00ed no es mejor que el campeonato franc\u00e9s\u00bb<\/h3>\n<\/p>\n<\/section>\n<\/div>\n<div class=\"sc-a7166897-0 exHLBh\" readability=\"6\">\n<section readability=\"2\"><picture><img alt=\"Boca en alerta: la aplastante racha de Palmeiras en su estadio con c\u00e9sped sint\u00e9tico\" src=\"http:\/\/hoycordobaweb.com\/wp-content\/uploads\/2023\/09\/el-estreno-de-brasil-sera-con-tecnico-interino-y-un-debut-absoluto-en-la-defensa-titular-5.jpg\" width=\"290\" height=\"290\" decoding=\"async\" data-nimg=\"future\" loading=\"lazy\"><\/picture>\n<p><span>Mir\u00e1 tambi\u00e9n<\/span><\/p>\n<hr>\n<h3>Boca en alerta: la aplastante racha de Palmeiras en su estadio con c\u00e9sped sint\u00e9tico<\/h3>\n<\/p>\n<\/section>\n<\/div>\n<div class=\"sc-a7166897-0 exHLBh\" readability=\"6\">\n<section readability=\"2\"><picture><img alt=\"Video: Ronaldinho se sac\u00f3 un hombre de encima con un movimiento de cintura\" src=\"http:\/\/hoycordobaweb.com\/wp-content\/uploads\/2023\/09\/el-estreno-de-brasil-sera-con-tecnico-interino-y-un-debut-absoluto-en-la-defensa-titular-6.jpg\" width=\"290\" height=\"290\" decoding=\"async\" data-nimg=\"future\" loading=\"lazy\"><\/picture>\n<p><span>Mir\u00e1 tambi\u00e9n<\/span><\/p>\n<hr>\n<h3>Video: Ronaldinho se sac\u00f3 un hombre de encima con un movimiento de cintura<\/h3>\n<\/p>\n<\/section>\n<\/div>\n<\/div>\n","protected":false},"excerpt":{"rendered":"<p>08\/09\/2023 10:17hs. El seleccionado de Brasil, uno de los hist\u00f3ricos protagonistas de las Eliminatorias Sudamericanas, cerrar\u00e1 este viernes la primera fecha cuando reciba a Bolivia, del entrenador argentino Gustavo Costas, con el objetivo de conseguir su primera victoria en el camino hacia el Mundial 2026. El partido se jugar\u00e1 desde las 21.45 (hora de la [&hellip;]<\/p>\n","protected":false},"author":1,"featured_media":66254,"comment_status":"open","ping_status":"closed","sticky":false,"template":"","format":"standard","meta":[],"categories":[16],"tags":[],"_links":{"self":[{"href":"http:\/\/hoycordobaweb.com\/index.php\/wp-json\/wp\/v2\/posts\/66253"}],"collection":[{"href":"http:\/\/hoycordobaweb.com\/index.php\/wp-json\/wp\/v2\/posts"}],"about":[{"href":"http:\/\/hoycordobaweb.com\/index.php\/wp-json\/wp\/v2\/types\/post"}],"author":[{"embeddable":true,"href":"http:\/\/hoycordobaweb.com\/index.php\/wp-json\/wp\/v2\/users\/1"}],"replies":[{"embeddable":true,"href":"http:\/\/hoycordobaweb.com\/index.php\/wp-json\/wp\/v2\/comments?post=66253"}],"version-history":[{"count":0,"href":"http:\/\/hoycordobaweb.com\/index.php\/wp-json\/wp\/v2\/posts\/66253\/revisions"}],"wp:featuredmedia":[{"embeddable":true,"href":"http:\/\/hoycordobaweb.com\/index.php\/wp-json\/wp\/v2\/media\/66254"}],"wp:attachment":[{"href":"http:\/\/hoycordobaweb.com\/index.php\/wp-json\/wp\/v2\/media?parent=66253"}],"wp:term":[{"taxonomy":"category","embeddable":true,"href":"http:\/\/hoycordobaweb.com\/index.php\/wp-json\/wp\/v2\/categories?post=66253"},{"taxonomy":"post_tag","embeddable":true,"href":"http:\/\/hoycordobaweb.com\/index.php\/wp-json\/wp\/v2\/tags?post=66253"}],"curies":[{"name":"wp","href":"https:\/\/api.w.org\/{rel}","templated":true}]}}