{"id":66232,"date":"2023-09-08T01:38:11","date_gmt":"2023-09-08T01:38:11","guid":{"rendered":"http:\/\/hoycordobaweb.com\/index.php\/2023\/09\/08\/emocion-argentina-la-nueva-version-del-himno-nacional-argentino-por-abel-pintos\/"},"modified":"2023-09-08T01:38:11","modified_gmt":"2023-09-08T01:38:11","slug":"emocion-argentina-la-nueva-version-del-himno-nacional-argentino-por-abel-pintos","status":"publish","type":"post","link":"http:\/\/hoycordobaweb.com\/index.php\/2023\/09\/08\/emocion-argentina-la-nueva-version-del-himno-nacional-argentino-por-abel-pintos\/","title":{"rendered":"Emoci\u00f3n <b>Argentina<\/b>: la nueva versi\u00f3n del Himno Nacional <b>Argentino<\/b> por Abel Pintos"},"content":{"rendered":"<p>07 de septiembre de 2023 \u00b7 21:28 hs. Abel Pintos fue el int\u00e9rprete elegido por la Asociaci\u00f3n del <b>F\u00fatbol Argentino<\/b> para cantar el Himno Nacional&nbsp;&#8230; <\/p>\n","protected":false},"excerpt":{"rendered":"<p>07 de septiembre de 2023 \u00b7 21:28 hs. Abel Pintos fue el int\u00e9rprete elegido por la Asociaci\u00f3n del F\u00fatbol Argentino para cantar el Himno Nacional&nbsp;&#8230;<\/p>\n","protected":false},"author":1,"featured_media":0,"comment_status":"closed","ping_status":"closed","sticky":false,"template":"","format":"standard","meta":[],"categories":[22],"tags":[],"_links":{"self":[{"href":"http:\/\/hoycordobaweb.com\/index.php\/wp-json\/wp\/v2\/posts\/66232"}],"collection":[{"href":"http:\/\/hoycordobaweb.com\/index.php\/wp-json\/wp\/v2\/posts"}],"about":[{"href":"http:\/\/hoycordobaweb.com\/index.php\/wp-json\/wp\/v2\/types\/post"}],"author":[{"embeddable":true,"href":"http:\/\/hoycordobaweb.com\/index.php\/wp-json\/wp\/v2\/users\/1"}],"replies":[{"embeddable":true,"href":"http:\/\/hoycordobaweb.com\/index.php\/wp-json\/wp\/v2\/comments?post=66232"}],"version-history":[{"count":0,"href":"http:\/\/hoycordobaweb.com\/index.php\/wp-json\/wp\/v2\/posts\/66232\/revisions"}],"wp:attachment":[{"href":"http:\/\/hoycordobaweb.com\/index.php\/wp-json\/wp\/v2\/media?parent=66232"}],"wp:term":[{"taxonomy":"category","embeddable":true,"href":"http:\/\/hoycordobaweb.com\/index.php\/wp-json\/wp\/v2\/categories?post=66232"},{"taxonomy":"post_tag","embeddable":true,"href":"http:\/\/hoycordobaweb.com\/index.php\/wp-json\/wp\/v2\/tags?post=66232"}],"curies":[{"name":"wp","href":"https:\/\/api.w.org\/{rel}","templated":true}]}}