{"id":66221,"date":"2023-09-07T18:08:54","date_gmt":"2023-09-07T18:08:54","guid":{"rendered":"https:\/\/fono.fcm.unc.edu.ar\/?p=11136"},"modified":"2023-09-07T18:08:54","modified_gmt":"2023-09-07T18:08:54","slug":"60-aniversario-encuentro-interuniversitario-en-fonoaudiologia-declarado-de-interes-academico-por-la-fcm-de-la-unr","status":"publish","type":"post","link":"http:\/\/hoycordobaweb.com\/index.php\/2023\/09\/07\/60-aniversario-encuentro-interuniversitario-en-fonoaudiologia-declarado-de-interes-academico-por-la-fcm-de-la-unr\/","title":{"rendered":"60\u00b0 Aniversario \u2013 Encuentro Interuniversitario en Fonoaudiolog\u00eda declarado de inter\u00e9s acad\u00e9mico por la FCM de la UNR"},"content":{"rendered":"<div class=\"post-content\" readability=\"39.515837104072\">\n<p><img loading=\"lazy\" class=\"alignright size-fusion-400 wp-image-11091\" src=\"https:\/\/fono.fcm.unc.edu.ar\/wp-content\/uploads\/sites\/14\/2023\/09\/WhatsApp-Image-2023-08-31-at-20.53.11-400x400.jpeg\" alt width=\"400\" height=\"400\" srcset=\"https:\/\/fono.fcm.unc.edu.ar\/wp-content\/uploads\/sites\/14\/2023\/09\/WhatsApp-Image-2023-08-31-at-20.53.11-66x66.jpeg 66w, https:\/\/fono.fcm.unc.edu.ar\/wp-content\/uploads\/sites\/14\/2023\/09\/WhatsApp-Image-2023-08-31-at-20.53.11-150x150.jpeg 150w, https:\/\/fono.fcm.unc.edu.ar\/wp-content\/uploads\/sites\/14\/2023\/09\/WhatsApp-Image-2023-08-31-at-20.53.11-200x200.jpeg 200w, https:\/\/fono.fcm.unc.edu.ar\/wp-content\/uploads\/sites\/14\/2023\/09\/WhatsApp-Image-2023-08-31-at-20.53.11-300x300.jpeg 300w, https:\/\/fono.fcm.unc.edu.ar\/wp-content\/uploads\/sites\/14\/2023\/09\/WhatsApp-Image-2023-08-31-at-20.53.11-400x400.jpeg 400w, https:\/\/fono.fcm.unc.edu.ar\/wp-content\/uploads\/sites\/14\/2023\/09\/WhatsApp-Image-2023-08-31-at-20.53.11-600x600.jpeg 600w, https:\/\/fono.fcm.unc.edu.ar\/wp-content\/uploads\/sites\/14\/2023\/09\/WhatsApp-Image-2023-08-31-at-20.53.11-768x768.jpeg 768w, https:\/\/fono.fcm.unc.edu.ar\/wp-content\/uploads\/sites\/14\/2023\/09\/WhatsApp-Image-2023-08-31-at-20.53.11-800x800.jpeg 800w, https:\/\/fono.fcm.unc.edu.ar\/wp-content\/uploads\/sites\/14\/2023\/09\/WhatsApp-Image-2023-08-31-at-20.53.11-1024x1024.jpeg 1024w, https:\/\/fono.fcm.unc.edu.ar\/wp-content\/uploads\/sites\/14\/2023\/09\/WhatsApp-Image-2023-08-31-at-20.53.11.jpeg 1080w\" sizes=\"(max-width: 400px) 100vw, 400px\">A partir de las actuaciones mediante la cual la Directora de la Escuela de Fonoaudiolog\u00eda de la Universidad Nacional de Rosario (UNR), Lic. Mar\u00eda C. Campra, comunica la asistencia y participaci\u00f3n de dicha Escuela en el Encuentro Interuniversitario en Fonoaudiolog\u00eda a desarrollarse en la UNC de la ciudad de C\u00f3rdoba los d\u00edas 9, 10 y 11 de noviembre de 2023 &nbsp;, el Decano de la FCM de la UNR, Prof. Dr. Jorge Molinas, seg\u00fan&nbsp;<a href=\"https:\/\/fono.fcm.unc.edu.ar\/wp-content\/uploads\/sites\/14\/2023\/09\/511-23.pdf\" target=\"_blank\" rel=\"noopener noreferrer\">Resoluci\u00f3n N\u00b0 511\/2023<\/a>&nbsp; declara de <em>inter\u00e9s acad\u00e9mico la asistencia y participaci\u00f3n de la Escuela de Fonoaudiolog\u00eda de mencionada Facultad y dem\u00e1s colaboradores<\/em> en relaci\u00f3n al Encuentro Interuniversitario en Fonoaudiolog\u00eda.<\/p>\n<\/p><\/div>\n","protected":false},"excerpt":{"rendered":"<p>A partir de las actuaciones mediante la cual la Directora de la Escuela de Fonoaudiolog\u00eda de la Universidad Nacional de Rosario (UNR), Lic. Mar\u00eda C. Campra, comunica la asistencia y participaci\u00f3n de dicha Escuela en el Encuentro Interuniversitario en Fonoaudiolog\u00eda a desarrollarse en la UNC de la ciudad de C\u00f3rdoba los d\u00edas 9, 10 y [&hellip;]<\/p>\n","protected":false},"author":1,"featured_media":0,"comment_status":"closed","ping_status":"closed","sticky":false,"template":"","format":"standard","meta":[],"categories":[1],"tags":[],"_links":{"self":[{"href":"http:\/\/hoycordobaweb.com\/index.php\/wp-json\/wp\/v2\/posts\/66221"}],"collection":[{"href":"http:\/\/hoycordobaweb.com\/index.php\/wp-json\/wp\/v2\/posts"}],"about":[{"href":"http:\/\/hoycordobaweb.com\/index.php\/wp-json\/wp\/v2\/types\/post"}],"author":[{"embeddable":true,"href":"http:\/\/hoycordobaweb.com\/index.php\/wp-json\/wp\/v2\/users\/1"}],"replies":[{"embeddable":true,"href":"http:\/\/hoycordobaweb.com\/index.php\/wp-json\/wp\/v2\/comments?post=66221"}],"version-history":[{"count":0,"href":"http:\/\/hoycordobaweb.com\/index.php\/wp-json\/wp\/v2\/posts\/66221\/revisions"}],"wp:attachment":[{"href":"http:\/\/hoycordobaweb.com\/index.php\/wp-json\/wp\/v2\/media?parent=66221"}],"wp:term":[{"taxonomy":"category","embeddable":true,"href":"http:\/\/hoycordobaweb.com\/index.php\/wp-json\/wp\/v2\/categories?post=66221"},{"taxonomy":"post_tag","embeddable":true,"href":"http:\/\/hoycordobaweb.com\/index.php\/wp-json\/wp\/v2\/tags?post=66221"}],"curies":[{"name":"wp","href":"https:\/\/api.w.org\/{rel}","templated":true}]}}