{"id":66195,"date":"2023-09-07T14:32:23","date_gmt":"2023-09-07T14:32:23","guid":{"rendered":"https:\/\/www.ole.com.ar\/futbol-internacional\/eliminatorias\/eliminatorias-seleccion-uruguay-renuncia-doctor-marcelo-bielsa-eliminatorias_0_8RFRpjnWsB.html"},"modified":"2023-09-07T14:32:23","modified_gmt":"2023-09-07T14:32:23","slug":"bielsa-sufrio-una-renuncia-inesperada-en-uruguay","status":"publish","type":"post","link":"http:\/\/hoycordobaweb.com\/index.php\/2023\/09\/07\/bielsa-sufrio-una-renuncia-inesperada-en-uruguay\/","title":{"rendered":"Bielsa sufri\u00f3 una renuncia inesperada en Uruguay"},"content":{"rendered":"<p><img src=\"http:\/\/hoycordobaweb.com\/wp-content\/uploads\/2023\/09\/bielsa-sufrio-una-renuncia-inesperada-en-uruguay.jpg\"><\/p>\n<p><time class=\"createDate\" datetime=\"2023-09-07T11:32:23-03:00\">07\/09\/2023 11:32hs.<\/time><time class=\"modificatedDate\" datetime=\"2023-09-07T11:32:23-03:00\"><\/time><\/p>\n<div id=\"storyBody\">\n<div class=\"custom-text \" readability=\"39.867403314917\">\n<p><strong><a href=\"https:\/\/www.ole.com.ar\/tema\/seleccion-de-uruguay.html\" title=\"Selecci\u00f3n de Uruguay\" alt=\"Selecci\u00f3n de Uruguay\" class=\"slug\">La selecci\u00f3n de Uruguay<\/a><\/strong> se est\u00e1 preparando para el debut por la<strong><a href=\"https:\/\/www.ole.com.ar\/tema\/eliminatorias-sudamericanas.html\" title=\"Eliminatorias Sudamericanas\" alt=\"Eliminatorias Sudamericanas\" class=\"slug\"> Eliminatorias<\/a><\/strong> de cara a lo que ser\u00e1 la b\u00fasqueda de la clasificaci\u00f3n al Mundial 2026, pero antes del partido de este viernes ante Chile en Montevideo, la Celeste ya sufri\u00f3 su primera baja. Se trata del m\u00e9dico del plantel, <strong>Alberto Pan<\/strong>, quien trabaj\u00f3 junto a los charr\u00faas durante 17 a\u00f1os. Su salida inesperada de la AUF se debi\u00f3, seg\u00fan trascendi\u00f3, a que <strong><a href=\"https:\/\/www.ole.com.ar\/tema\/marcelo-bielsa.html\" title=\"Marcelo Bielsa\" alt=\"Marcelo Bielsa\" class=\"slug\">Marcelo Bielsa<\/a><\/strong>, DT de la Celeste, <strong>le exig\u00eda estar todos los d\u00edas en el predio, algo que el Doc no pod\u00eda cumplir.<\/strong><\/p>\n<\/div>\n<p><h2><strong>Su figura clave en el plantel<\/strong><\/h2>\n<\/p>\n<div class=\"custom-text \" readability=\"37\">\n<p>Alberto asumi\u00f3 en su cargo a mediados de 2006 cuando el Maestro Washington Tab\u00e1rez era el seleccionador de Uruguay y permaneci\u00f3 durante el proceso en el que la Garra lleg\u00f3 a las semifinales del Mundial Sud\u00e1frica 2010 y la obtenci\u00f3n de la Copa Am\u00e9rica. Adem\u00e1s, acompa\u00f1\u00f3 al plantel en los las Copas del Mundo de Brasil 2014, Rusia 2018 y Qatar 2022.<\/p>\n<\/div>\n<div class=\"sc-e7b891c4-0 jPbnQF\"><img alt=\"Alberto Pan dej\u00f3 su lugar en Uruguay. (Twitter)\" src=\"http:\/\/hoycordobaweb.com\/wp-content\/uploads\/2023\/09\/bielsa-sufrio-una-renuncia-inesperada-en-uruguay-2.jpg\" width=\"720\" height=\"100\" decoding=\"async\" data-nimg=\"future\" loading=\"lazy\"><span class=\"epigraphe\">Alberto Pan dej\u00f3 su lugar en Uruguay. (Twitter)<\/span><\/div>\n<div class=\"custom-text \" readability=\"34.658385093168\">\n<p>En Brasil fue clave en la recuperaci\u00f3n de <strong><a href=\"https:\/\/www.ole.com.ar\/tema\/luis-suarez.html\" title=\"Luis Su\u00e1rez\" alt=\"Luis Su\u00e1rez\" class=\"slug\">Luis Su\u00e1rez<\/a><\/strong>, quien ten\u00eda una lesi\u00f3n complicada en los meniscos a solo tres semanas del inicio de la cita mundialista. Pan puso manos a la obra y logr\u00f3 recuperar al delantero que jug\u00f3 casi sin problemas. Ese trabajo quir\u00fargico fue considerado por muchos como algo milagroso.<\/p>\n<\/div>\n<div class=\"custom-text \" readability=\"37\">\n<p>\u201cAquella situaci\u00f3n la definir\u00eda como la inmediatez de la soluci\u00f3n. Luis se lastima y queda coordinada la resonancia y la artroscopia. Se lastim\u00f3 y a las horas se le retir\u00f3 el fragmento de menisco, y antes de las 24 horas estaba iniciando la rehabilitaci\u00f3n. \u00bfSe pudo haber intentado hacer fisioterapia en ese momento para ver si se recuperaba? No. Por esa raz\u00f3n qued\u00f3 planteado quir\u00fargicamente de resolverlo en forma inmediata\u201d, cont\u00f3 en su momento el m\u00e9dico.<\/p>\n<\/div>\n<p><h2><strong>Lo que se viene para Bielsa y compa\u00f1\u00eda<\/strong><\/h2>\n<\/p>\n<div class=\"custom-text \" readability=\"43.59375\">\n<p>Ya sin Luis Su\u00e1rez y <strong><a href=\"https:\/\/www.ole.com.ar\/tema\/edinson-cavani.html\" title=\"Edinson Cavani\" alt=\"Edinson Cavani\" class=\"slug\">Edinson Cavani<\/a><\/strong>, situaci\u00f3n que gener\u00f3, genera y va a generar mucho ruido en Montevideo y alrededores, el Loco empez\u00f3 a probar con el plantel completo y arm\u00f3 una formaci\u00f3n flexible en lo t\u00e1ctico, que estuvo integrada por estos jugadores: Nahitan N\u00e1ndez, Sebasti\u00e1n C\u00e1ceres, Mat\u00edas Vi\u00f1a, Joaqu\u00edn Piquerez; Federico Valverde, Manuel Ugarte; Federico Pellistri, Nicol\u00e1s de la Cruz, Maximiliano Araujo; y Darwin N\u00fa\u00f1ez.<\/p>\n<\/div>\n<div class=\"sc-e7b891c4-0 jPbnQF\"><img alt=\"El Loco piensa en Chile. (EFE)\" src=\"http:\/\/hoycordobaweb.com\/wp-content\/uploads\/2023\/09\/bielsa-sufrio-una-renuncia-inesperada-en-uruguay-3.jpg\" width=\"720\" height=\"100\" decoding=\"async\" data-nimg=\"future\" loading=\"lazy\"><span class=\"epigraphe\">El Loco piensa en Chile. (EFE)<\/span><\/div>\n<div class=\"custom-text \" readability=\"36.951724137931\">\n<p>El debut de Uruguay en las Eliminatorias es este viernes a las 20, en el Centenario ante la selecci\u00f3n chilena que dirige otro hombre surgido en <strong><a href=\"https:\/\/www.ole.com.ar\/tema\/newells-old-boys.html\" title=\"Newell's Old Boys\" alt=\"Newell's Old Boys\" class=\"slug\">Newell&#8217;s<\/a><\/strong> como es Eduardo Berizzo. Despu\u00e9s, por la segunda fecha, la Celeste viajar\u00e1 a Ecuador, rival de Argentina este jueves en el Monumental.<\/p>\n<\/div>\n<div class=\"sc-a7166897-0 exHLBh\" readability=\"8\">\n<section readability=\"6\"><picture><img alt=\"Cavani, \u00edntimo: su nueva casa en Buenos Aires, por qu\u00e9 la eligi\u00f3, sus salidas a pasear y &quot;la grandeza de Boca&quot;\" src=\"http:\/\/hoycordobaweb.com\/wp-content\/uploads\/2023\/09\/bielsa-sufrio-una-renuncia-inesperada-en-uruguay-4.jpg\" width=\"290\" height=\"290\" decoding=\"async\" data-nimg=\"future\" loading=\"lazy\"><\/picture>\n<p><span>Mir\u00e1 tambi\u00e9n<\/span><\/p>\n<hr>\n<h3>Cavani, \u00edntimo: su nueva casa en Buenos Aires, por qu\u00e9 la eligi\u00f3, sus salidas a pasear y \u00abla grandeza de Boca\u00bb<\/h3>\n<\/p>\n<\/section>\n<\/div>\n<div class=\"sc-a7166897-0 exHLBh\" readability=\"6\">\n<section readability=\"2\"><picture><img alt=\"\u00bfA qu\u00e9 hora juegan Argentina vs. Ecuador por las Eliminatorias?\" src=\"http:\/\/hoycordobaweb.com\/wp-content\/uploads\/2023\/09\/bielsa-sufrio-una-renuncia-inesperada-en-uruguay-5.jpg\" width=\"290\" height=\"290\" decoding=\"async\" data-nimg=\"future\" loading=\"lazy\"><\/picture>\n<p><span>Mir\u00e1 tambi\u00e9n<\/span><\/p>\n<hr>\n<h3>\u00bfA qu\u00e9 hora juegan Argentina vs. Ecuador por las Eliminatorias?<\/h3>\n<\/p>\n<\/section>\n<\/div>\n<div class=\"sc-a7166897-0 exHLBh\" readability=\"7\">\n<section readability=\"4\"><picture><img alt=\"Cavani, sobre su no convocatoria a Uruguay: &quot;Si no estoy a la altura, perfecto&quot;\" src=\"http:\/\/hoycordobaweb.com\/wp-content\/uploads\/2023\/09\/bielsa-sufrio-una-renuncia-inesperada-en-uruguay-6.jpg\" width=\"290\" height=\"290\" decoding=\"async\" data-nimg=\"future\" loading=\"lazy\"><\/picture>\n<p><span>Mir\u00e1 tambi\u00e9n<\/span><\/p>\n<hr>\n<h3>Cavani, sobre su no convocatoria a Uruguay: \u00abSi no estoy a la altura, perfecto\u00bb<\/h3>\n<\/p>\n<\/section>\n<\/div>\n<\/div>\n","protected":false},"excerpt":{"rendered":"<p>07\/09\/2023 11:32hs. La selecci\u00f3n de Uruguay se est\u00e1 preparando para el debut por la Eliminatorias de cara a lo que ser\u00e1 la b\u00fasqueda de la clasificaci\u00f3n al Mundial 2026, pero antes del partido de este viernes ante Chile en Montevideo, la Celeste ya sufri\u00f3 su primera baja. Se trata del m\u00e9dico del plantel, Alberto Pan, [&hellip;]<\/p>\n","protected":false},"author":1,"featured_media":66196,"comment_status":"open","ping_status":"closed","sticky":false,"template":"","format":"standard","meta":[],"categories":[16],"tags":[],"_links":{"self":[{"href":"http:\/\/hoycordobaweb.com\/index.php\/wp-json\/wp\/v2\/posts\/66195"}],"collection":[{"href":"http:\/\/hoycordobaweb.com\/index.php\/wp-json\/wp\/v2\/posts"}],"about":[{"href":"http:\/\/hoycordobaweb.com\/index.php\/wp-json\/wp\/v2\/types\/post"}],"author":[{"embeddable":true,"href":"http:\/\/hoycordobaweb.com\/index.php\/wp-json\/wp\/v2\/users\/1"}],"replies":[{"embeddable":true,"href":"http:\/\/hoycordobaweb.com\/index.php\/wp-json\/wp\/v2\/comments?post=66195"}],"version-history":[{"count":0,"href":"http:\/\/hoycordobaweb.com\/index.php\/wp-json\/wp\/v2\/posts\/66195\/revisions"}],"wp:featuredmedia":[{"embeddable":true,"href":"http:\/\/hoycordobaweb.com\/index.php\/wp-json\/wp\/v2\/media\/66196"}],"wp:attachment":[{"href":"http:\/\/hoycordobaweb.com\/index.php\/wp-json\/wp\/v2\/media?parent=66195"}],"wp:term":[{"taxonomy":"category","embeddable":true,"href":"http:\/\/hoycordobaweb.com\/index.php\/wp-json\/wp\/v2\/categories?post=66195"},{"taxonomy":"post_tag","embeddable":true,"href":"http:\/\/hoycordobaweb.com\/index.php\/wp-json\/wp\/v2\/tags?post=66195"}],"curies":[{"name":"wp","href":"https:\/\/api.w.org\/{rel}","templated":true}]}}