{"id":66128,"date":"2023-09-06T11:18:14","date_gmt":"2023-09-06T11:18:14","guid":{"rendered":"https:\/\/ladecimaweb.com\/?p=19454"},"modified":"2023-09-06T11:18:14","modified_gmt":"2023-09-06T11:18:14","slug":"le-tiraron-a-matar-para-robarle-el-celular-y-esta-grave","status":"publish","type":"post","link":"http:\/\/hoycordobaweb.com\/index.php\/2023\/09\/06\/le-tiraron-a-matar-para-robarle-el-celular-y-esta-grave\/","title":{"rendered":"Le tiraron a matar para robarle el celular y est\u00e1 grave"},"content":{"rendered":"<div class=\"boldgrid-section\">\n<div class=\"container\">\n<div class=\"row\">\n<div class=\"col-md-12 col-xs-12 col-sm-12\">\n<p class=\"\">Tres delincuentes asaltaron a un joven de 18 a\u00f1os y lo<span>&nbsp;<\/span><strong>balearon<span>&nbsp;<\/span><\/strong>para robarle el celular en barrio Ituzaing\u00f3 Anexo.<\/p>\n<p class=\"\"><strong>Noelia<\/strong>, mam\u00e1 de la v\u00edctima, cont\u00f3 en<span>&nbsp;<\/span><em><strong>Arriba C\u00f3rdoba<\/strong><\/em><span> que <\/span>el chico volv\u00eda de acompa\u00f1ar a otro amigo del gimnasio cuando fue abordado por los<span>&nbsp;<\/span><strong>ladrones<\/strong>. Circulaban en una moto blanca.<\/p>\n<p>\u201cLa<span>&nbsp;<\/span><strong>bala<span>&nbsp;<\/span><\/strong>le roz\u00f3 el coraz\u00f3n\u201d, explic\u00f3 y sigui\u00f3: \u201cQued\u00f3 alojada ah\u00ed y lo tuvieron que operar en una cirug\u00eda a coraz\u00f3n abierto\u201d.&nbsp;<\/p>\n<p class=\"\">Seg\u00fan el <a href=\"https:\/\/eldoce.tv\/sociedad\/dispararon-para-robarle-cuando-volvia-gimnasio-fue-operado-esta-grave-cordoba-inseguridad_154386\">portal de eldoce.tv<\/a>, el joven fue intervenido en el Hospital de Urgencias de C\u00f3rdoba. Los m\u00e9dicos le explicaron a la familia que la bala hizo un recorrido poco com\u00fan, con una direcci\u00f3n ascendente y por eso qued\u00f3 detr\u00e1s del<span>&nbsp;<\/span><strong>coraz\u00f3n<\/strong>.&nbsp;<\/p>\n<p class=\"\">\u201cCuando llegu\u00e9 al lugar, a dos cuadras de mi casa, ten\u00eda el celular y la billetera. No le llegaron a robar,<span>&nbsp;<\/span><strong>le tiraron a matar\u201d<\/strong>, asegur\u00f3 Noelia sobre el episodio. Tambi\u00e9n coment\u00f3 que desconoce si su hijo se resisti\u00f3 pero coment\u00f3 que el joven \u201csali\u00f3 corriendo y cay\u00f3 frente a la casa de un vecino\u201d.<\/p>\n<p class=\"\">Testigos dijeron que escucharon<span>&nbsp;<\/span><strong>dos disparos,<\/strong><span>&nbsp;<\/span>pero solo impact\u00f3 uno. Los ladrones siguen pr\u00f3fugos y habr\u00edan hu\u00eddo hacia Ciudad de Mis Sue\u00f1os.&nbsp;<\/p>\n<p class=\"\">Por \u00faltimo, la mam\u00e1 de la v\u00edctima cont\u00f3 que su hijo ingres\u00f3 consciente al Hospital de Urgencias y fue intervenido. \u201cNo afect\u00f3 ning\u00fan otro \u00f3rgano, los m\u00e9dicos nos dijeron que est\u00e1 estable pero<strong><span>&nbsp;<\/span>hay que esperar<\/strong><span>&nbsp;<\/span>48 horas\u201d, se\u00f1al\u00f3 esperanzada.<\/p>\n<p class=\"\">&nbsp;<\/p>\n<p class=\"\">\n<div class=\"ubm_banner\"><a href=\"http:\/\/www.cba.gov.ar\/prevencion-incendios\" target=\"_blank\" rel=\"dofollow noopener noreferrer\"><img src=\"http:\/\/hoycordobaweb.com\/wp-content\/uploads\/2023\/09\/le-tiraron-a-matar-para-robarle-el-celular-y-esta-grave.gif\" alt=\"\"><\/a><\/div>\n<\/div>\n<\/div>\n<\/div>\n<\/div>\n<p>La entrada <a rel=\"nofollow\" href=\"https:\/\/ladecimaweb.com\/le-tiraron-a-matar-para-robarle-el-celular-y-esta-grave\/\">Le tiraron a matar para robarle el celular y est\u00e1 grave<\/a> se public\u00f3 primero en <a rel=\"nofollow\" href=\"https:\/\/ladecimaweb.com\">LaDecima<\/a>.<\/p>\n","protected":false},"excerpt":{"rendered":"<p>Tres delincuentes asaltaron a un joven de 18 a\u00f1os y lo&nbsp;balearon&nbsp;para robarle el celular en barrio Ituzaing\u00f3 Anexo. Noelia, mam\u00e1 de la v\u00edctima, cont\u00f3 en&nbsp;Arriba C\u00f3rdoba que el chico volv\u00eda de acompa\u00f1ar a otro amigo del gimnasio cuando fue abordado por los&nbsp;ladrones. Circulaban en una moto blanca. \u201cLa&nbsp;bala&nbsp;le roz\u00f3 el coraz\u00f3n\u201d, explic\u00f3 y sigui\u00f3: \u201cQued\u00f3 [&hellip;]<\/p>\n","protected":false},"author":1,"featured_media":66129,"comment_status":"closed","ping_status":"closed","sticky":false,"template":"","format":"standard","meta":[],"categories":[19],"tags":[],"_links":{"self":[{"href":"http:\/\/hoycordobaweb.com\/index.php\/wp-json\/wp\/v2\/posts\/66128"}],"collection":[{"href":"http:\/\/hoycordobaweb.com\/index.php\/wp-json\/wp\/v2\/posts"}],"about":[{"href":"http:\/\/hoycordobaweb.com\/index.php\/wp-json\/wp\/v2\/types\/post"}],"author":[{"embeddable":true,"href":"http:\/\/hoycordobaweb.com\/index.php\/wp-json\/wp\/v2\/users\/1"}],"replies":[{"embeddable":true,"href":"http:\/\/hoycordobaweb.com\/index.php\/wp-json\/wp\/v2\/comments?post=66128"}],"version-history":[{"count":0,"href":"http:\/\/hoycordobaweb.com\/index.php\/wp-json\/wp\/v2\/posts\/66128\/revisions"}],"wp:featuredmedia":[{"embeddable":true,"href":"http:\/\/hoycordobaweb.com\/index.php\/wp-json\/wp\/v2\/media\/66129"}],"wp:attachment":[{"href":"http:\/\/hoycordobaweb.com\/index.php\/wp-json\/wp\/v2\/media?parent=66128"}],"wp:term":[{"taxonomy":"category","embeddable":true,"href":"http:\/\/hoycordobaweb.com\/index.php\/wp-json\/wp\/v2\/categories?post=66128"},{"taxonomy":"post_tag","embeddable":true,"href":"http:\/\/hoycordobaweb.com\/index.php\/wp-json\/wp\/v2\/tags?post=66128"}],"curies":[{"name":"wp","href":"https:\/\/api.w.org\/{rel}","templated":true}]}}