{"id":66092,"date":"2023-09-05T12:26:05","date_gmt":"2023-09-05T12:26:05","guid":{"rendered":"https:\/\/www.mujerhoy.com\/moda\/no-te-pierdas\/bailarinas-elegantes-made-spain-popa-mary-jane-20230905142553-nt.html"},"modified":"2023-09-05T12:26:05","modified_gmt":"2023-09-05T12:26:05","slug":"las-bailarinas-mas-elegantes-que-podras-llevar-con-looks-diarios-son-made-in-spain","status":"publish","type":"post","link":"http:\/\/hoycordobaweb.com\/index.php\/2023\/09\/05\/las-bailarinas-mas-elegantes-que-podras-llevar-con-looks-diarios-son-made-in-spain\/","title":{"rendered":"Las bailarinas m\u00e1s elegantes que podr\u00e1s llevar con looks diarios son made in Spain"},"content":{"rendered":"<p><!-- AUTHOR --><\/p>\n<div class=\"voc-author-timesocial \"><!-- AUTHOR --><\/p>\n<div class=\"voc-author-timesocial__signature\"><!-- IMAGE AUTHOR --><picture class=\"voc-image-signature\"><img class=\"voc-image-signature__img\" src=\"http:\/\/hoycordobaweb.com\/wp-content\/uploads\/2023\/09\/las-bailarinas-mas-elegantes-que-podras-llevar-con-looks-diarios-son-made-in-spain.jpg\" alt=\"Carla Dom\u00ednguez\"><\/picture><!-- INFO AUTHOR --><\/div>\n<\/div>\n<p><!-- COMPONENTS --><\/p>\n<p class=\"voc-paragraph\">Antes de pasar directamente de las sandalias a las <a data-voc-vtm-id=\"in-text-traffic\" href=\"https:\/\/www.mujerhoy.com\/moda\/no-te-pierdas\/botas-altas-mejor-inversion-temporada-otono-20230818135510-nt.html\" title=\"www.mujerhoy.com\">botas altas<\/a>, hay otro zapato intermedio con el que puedes sentirte c\u00f3moda y estilosa durante la temporada de entretiempo. Nos referimos a <strong>las bailarinas<\/strong>, un calzado que triunfa a\u00f1o tras a\u00f1o y que este oto\u00f1o regresa en su versi\u00f3n m\u00e1s tendencia.\n<\/p>\n<p class=\"voc-paragraph\">Y es que antes, las bailarinas solo las utilizaban las chicas m\u00e1s cl\u00e1sicas. Sin embargo, esto ahora ha cambiado y mucho. En 2023, v<br \/>\n<strong>er\u00e1s este calzado en todas su versiones:<\/strong> desde metalizadas, con tejido de terciopelo y al m\u00e1s puro estilo veneciano, o <a data-voc-vtm-id=\"in-text-traffic\" href=\"https:\/\/www.mujerhoy.com\/moda\/tendencias\/bailarinas-lentejuelas-tendencia-20230820144911-nt.html\">con lentejuelas.<\/a><\/p>\n<p class=\"voc-paragraph\">Una de las bailarinas que regresa a nuestros armarios son las de <a data-voc-vtm-id=\"in-text-traffic\" href=\"https:\/\/www.mujerhoy.com\/moda\/no-te-pierdas\/zapatos-mary-jane-merceditas-esparto-mujer-comodas-primavera-entretiempo-20230513125440-nt.html\">estilo Mary Jane<\/a>. Seguramente te sonar\u00e1n porque las vimos el a\u00f1o por todas partes. Fueron el calzado estrella de la temporada que vimos llevar incluso hasta invierno a muchas <i>celebrities<\/i> e <i>influencers.<\/i><\/p>\n<p class=\"voc-paragraph\">Pues bien, ahora regresa y si no tienes unas en tu armario, o simplemente te apetece renovarlas; sabemos d\u00f3nde puedes encontrar un modelo que sea c\u00f3modo y tendencia al mismo tiempo. Lo hemos fichado en una de nuestras <strong>marcas favoritas de calzado, Popa.<\/strong><\/p>\n<p class=\"voc-paragraph\">La firma espa\u00f1ola est\u00e1 especializada en calzado desde hace muchos a\u00f1os y se nota en el confort de su plantilla. Por eso, si te recomendamos que si vas a elegir <a data-voc-vtm-id=\"in-text-traffic\" href=\"https:\/\/www.mujerhoy.com\/moda\/no-te-pierdas\/bailarinas-tachuelas-hebillas-zapatos-comodos-tendencia-otono-20230806132157-nt.html\">una bailarina,<\/a> al ser algo m\u00e1s plana, apuestes por una firma que cuente con una suela confortable.\n<\/p>\n<p class=\"voc-paragraph\">La firma es una de las m\u00e1s conocidas por sus alpargatas y sandalias. Eso s\u00ed, su <strong>calzado de oto\u00f1o-invierno<\/strong> tambi\u00e9n es uno de los m\u00e1s favorecedores. Este a\u00f1o sacar\u00e1n muchas opciones perfectas tanto para el d\u00eda a d\u00eda, como para eventos especiales.\n<\/p>\n<p><h3 class=\"voc-detail__title\"> Las bailarinas tendencia del oto\u00f1o est\u00e1n en Popa<br \/>\n<\/h3>\n<\/p>\n<p class=\"voc-paragraph\">En su colecci\u00f3n, hemos encontrado estas bailarinas de terciopelo ideales disponibles en tres colores: gris, rosa y negro. Es una bailarina nueva y es el <strong>modelo Doris<\/strong>. Se trata de un calzado muy delicado, totalmente plano y que nos recuerda mucho a los que llev\u00e1vamos en nuestra infancia.\n<\/p>\n<div class=\"voc-detail-photo-zoom\"><picture data-toggle=\"modal\" data-target=\"#photoZoomModal-839\" target=\"modal\">\n<div class=\"voc-img-icon-link\"><img loading=\"lazy\" data-original=\"\/\/static3.mujerhoy.com\/www\/multimedia\/202308\/31\/media\/cortadas\/bailarinas-negras-popa-coleccion-otono-invierno-kG3F--460x637@MujerHoy.jpg\" class=\"lazy adsviu_analyse\" alt=\"Bailarina serraje con hebilla de Popa. Foto: Popa.\"><noscript><img src=\"http:\/\/hoycordobaweb.com\/wp-content\/uploads\/2023\/09\/las-bailarinas-mas-elegantes-que-podras-llevar-con-looks-diarios-son-made-in-spain-1.jpg\" alt=\"Bailarina serraje con hebilla de Popa. Foto: Popa.\"><\/noscript><i class=\"voc-icons zoom voc-multimedia-box voc-ico-l\"><\/i><\/div><figcaption class=\"figure-caption\">Bailarina serraje con hebilla de Popa. Foto: Popa.<\/figcaption><\/picture><\/div>\n<div id=\"photoZoomModal-839\" class=\"voc-lightbox modal fade voc-lightbox--photo-zoom\" role=\"dialog\" data-voc-photozoom-lightbox>\n<div class=\"voc-lightbox__dialog\" role=\"document\">\n<div class=\"voc-lightbox__content\"><!-- Modal header --><!-- Modal content --><\/p>\n<div class=\"voc-lightbox__photo-container\"><picture class><img loading=\"lazy\" data-original=\"\/\/static3.mujerhoy.com\/www\/multimedia\/202308\/31\/media\/cortadas\/bailarinas-negras-popa-coleccion-otono-invierno-kG3F--460x637@MujerHoy.jpg\" alt=\"Bailarina serraje con hebilla de Popa. Foto: Popa.\" class=\"lazy\"><noscript><img src=\"http:\/\/hoycordobaweb.com\/wp-content\/uploads\/2023\/09\/las-bailarinas-mas-elegantes-que-podras-llevar-con-looks-diarios-son-made-in-spain-1.jpg\" alt=\"Bailarina serraje con hebilla de Popa. Foto: Popa.\"><\/noscript><\/picture><\/div>\n<\/div>\n<\/div>\n<\/div>\n<p class=\"voc-paragraph\">Es una bailarina muy elegante fabricada en serraje y piel en la zona de la puntera lo que ayuda a dar un toque de constraste al calzado. Adem\u00e1s, cuenta con una tira en la zona del empeine para mayor sujecci\u00f3n que acaba con una peque\u00f1a hebilla.\n<\/p>\n<div class=\"voc-detail-photo-zoom\"><picture data-toggle=\"modal\" data-target=\"#photoZoomModal-995\" target=\"modal\">\n<div class=\"voc-img-icon-link\"><img loading=\"lazy\" data-original=\"\/\/static.mujerhoy.com\/www\/multimedia\/202308\/31\/media\/cortadas\/bailarinas-terciopelo-negro-popa-kG3F--460x637@MujerHoy.jpg\" class=\"lazy adsviu_analyse\" alt=\"Una mujer con bailarinas negras de Popa. Foto: Popa.\"><noscript><img src=\"http:\/\/hoycordobaweb.com\/wp-content\/uploads\/2023\/09\/las-bailarinas-mas-elegantes-que-podras-llevar-con-looks-diarios-son-made-in-spain-2.jpg\" alt=\"Una mujer con bailarinas negras de Popa. Foto: Popa.\"><\/noscript><i class=\"voc-icons zoom voc-multimedia-box voc-ico-l\"><\/i><\/div><figcaption class=\"figure-caption\">Una mujer con bailarinas negras de Popa. Foto: Popa.<\/figcaption><\/picture><\/div>\n<div id=\"photoZoomModal-995\" class=\"voc-lightbox modal fade voc-lightbox--photo-zoom\" role=\"dialog\" data-voc-photozoom-lightbox>\n<div class=\"voc-lightbox__dialog\" role=\"document\">\n<div class=\"voc-lightbox__content\"><!-- Modal header --><!-- Modal content --><\/p>\n<div class=\"voc-lightbox__photo-container\"><picture class><img loading=\"lazy\" data-original=\"\/\/static.mujerhoy.com\/www\/multimedia\/202308\/31\/media\/cortadas\/bailarinas-terciopelo-negro-popa-kG3F--460x637@MujerHoy.jpg\" alt=\"Una mujer con bailarinas negras de Popa. Foto: Popa.\" class=\"lazy\"><noscript><img src=\"http:\/\/hoycordobaweb.com\/wp-content\/uploads\/2023\/09\/las-bailarinas-mas-elegantes-que-podras-llevar-con-looks-diarios-son-made-in-spain-2.jpg\" alt=\"Una mujer con bailarinas negras de Popa. Foto: Popa.\"><\/noscript><\/picture><\/div>\n<\/div>\n<\/div>\n<\/div>\n<p class=\"voc-paragraph\">Todos los zapatos de Popa son hechos a mano y eso es lo que m\u00e1s nos gusta. Se cuida mucho cada detalle para que los zapatos no molesten. En cuanto a este modelo, es probable de que se agote en poco tiempo. Eso s\u00ed, de momento est\u00e1 disponible en todas las tallas y cuesta <strong>75,95 euros.<\/strong><\/p>\n<p><!-- TOPICS --><\/p>\n","protected":false},"excerpt":{"rendered":"<p>Antes de pasar directamente de las sandalias a las botas altas, hay otro zapato intermedio con el que puedes sentirte c\u00f3moda y estilosa durante la temporada de entretiempo. Nos referimos a las bailarinas, un calzado que triunfa a\u00f1o tras a\u00f1o y que este oto\u00f1o regresa en su versi\u00f3n m\u00e1s tendencia. Y es que antes, las [&hellip;]<\/p>\n","protected":false},"author":1,"featured_media":66093,"comment_status":"closed","ping_status":"closed","sticky":false,"template":"","format":"standard","meta":[],"categories":[1],"tags":[],"_links":{"self":[{"href":"http:\/\/hoycordobaweb.com\/index.php\/wp-json\/wp\/v2\/posts\/66092"}],"collection":[{"href":"http:\/\/hoycordobaweb.com\/index.php\/wp-json\/wp\/v2\/posts"}],"about":[{"href":"http:\/\/hoycordobaweb.com\/index.php\/wp-json\/wp\/v2\/types\/post"}],"author":[{"embeddable":true,"href":"http:\/\/hoycordobaweb.com\/index.php\/wp-json\/wp\/v2\/users\/1"}],"replies":[{"embeddable":true,"href":"http:\/\/hoycordobaweb.com\/index.php\/wp-json\/wp\/v2\/comments?post=66092"}],"version-history":[{"count":0,"href":"http:\/\/hoycordobaweb.com\/index.php\/wp-json\/wp\/v2\/posts\/66092\/revisions"}],"wp:featuredmedia":[{"embeddable":true,"href":"http:\/\/hoycordobaweb.com\/index.php\/wp-json\/wp\/v2\/media\/66093"}],"wp:attachment":[{"href":"http:\/\/hoycordobaweb.com\/index.php\/wp-json\/wp\/v2\/media?parent=66092"}],"wp:term":[{"taxonomy":"category","embeddable":true,"href":"http:\/\/hoycordobaweb.com\/index.php\/wp-json\/wp\/v2\/categories?post=66092"},{"taxonomy":"post_tag","embeddable":true,"href":"http:\/\/hoycordobaweb.com\/index.php\/wp-json\/wp\/v2\/tags?post=66092"}],"curies":[{"name":"wp","href":"https:\/\/api.w.org\/{rel}","templated":true}]}}