{"id":66086,"date":"2023-09-05T13:37:34","date_gmt":"2023-09-05T13:37:34","guid":{"rendered":"https:\/\/www.ole.com.ar\/ecuador\/la-tri\/argentina-ecuador-recorrida-nuevo-estadio-monumenta-video-obras-remodelacion_0_W9lpQaBZMs.html"},"modified":"2023-09-05T13:37:34","modified_gmt":"2023-09-05T13:37:34","slug":"exclusivo-ole-el-nuevo-monumental-para-argentina-vs-ecuador-por-las-eliminatorias","status":"publish","type":"post","link":"http:\/\/hoycordobaweb.com\/index.php\/2023\/09\/05\/exclusivo-ole-el-nuevo-monumental-para-argentina-vs-ecuador-por-las-eliminatorias\/","title":{"rendered":"Exclusivo Ol\u00e9: el nuevo Monumental para Argentina vs Ecuador por las Eliminatorias"},"content":{"rendered":"<p><img src=\"http:\/\/hoycordobaweb.com\/wp-content\/uploads\/2023\/09\/exclusivo-ole-el-nuevo-monumental-para-argentina-vs-ecuador-por-las-eliminatorias.jpg\"><\/p>\n<p><time class=\"createDate\" datetime=\"2023-09-05T10:37:34-03:00\">05\/09\/2023 10:37hs.<\/time><time class=\"modificatedDate\" datetime=\"2023-09-05T10:37:34-03:00\"><\/time><\/p>\n<div id=\"storyBody\">\n<div class=\"custom-text \" readability=\"35.38003502627\">\n<p>Este jueves 7 de septiembre, cuando la <strong><a href=\"https:\/\/www.ole.com.ar\/tema\/seleccion-de-ecuador.html\" title=\"Selecci\u00f3n de Ecuador\" alt=\"Selecci\u00f3n de Ecuador\" class=\"slug\">Selecci\u00f3n de Ecuador<\/a><\/strong> (y los hinchas) arribe al <strong>estadio Monumental,<\/strong> para debutar en las <strong><a href=\"https:\/\/www.ole.com.ar\/tema\/eliminatorias-sudamericanas.html\" title=\"Eliminatorias Sudamericanas\" alt=\"Eliminatorias Sudamericanas\" class=\"slug\">Eliminatorias Sudamericanas<\/a><\/strong> contra la <strong><a href=\"https:\/\/www.ole.com.ar\/tema\/seleccion-argentina.html\" title=\"Selecci\u00f3n Argentina\" alt=\"Selecci\u00f3n Argentina\" class=\"slug\">Selecci\u00f3n Argentina<\/a><\/strong>, no notar\u00e1 grandes cambios respecto a su \u00faltima visita, en 2015. Sin embargo, en su interior,<strong> la casa de <a href=\"https:\/\/www.ole.com.ar\/tema\/river-plate.html\" title=\"River Plate\" alt=\"River Plate\" class=\"slug\">River Plate<\/a> se renov\u00f3<\/strong>. Se ampli\u00f3. Creci\u00f3. Tuvo <strong>la remodelaci\u00f3n m\u00e1s importante e imponente que haya tenido una cancha de f\u00fatbol en Sudam\u00e9rica, <\/strong>para pasar a ser el escenario de mayor capacidad en el continente:<strong> 84.567 espectadores. Y <a href=\"https:\/\/www.ole.com.ar\/ecuador\" target=\"_blank\" rel=\"noopener noreferrer\">Diario Ol\u00e9<\/a> te lo muestra el exclusiva.<\/strong><\/p>\n<\/div>\n<div class=\"custom-text \" readability=\"36\">\n<p><strong>\u00bfPista ol\u00edmpica? <\/strong>No est\u00e1 m\u00e1s. <strong>\u00bfTribunas lejos del campo?<\/strong> Ya no existen. <strong>\u00bfSalida de los equipos alejada?<\/strong> Eso ya no corre tampoco&#8230; <strong>\u00bfT\u00e9cnicos que deben saltar carteles para dar indicaciones?<\/strong> Mucho menos. Van tres a\u00f1os de trabajo&#8230; Cinceles. Taladros. Tachos de pintura. Butacas para colocar. Todo eso se mezcla en la recorrida de Ol\u00e9. El trabajo de obra a\u00fan no termin\u00f3, aunque e<strong>ntrar\u00e1 en una pausa para que el campe\u00f3n del Mundo y La Tri comiencen su camino hacia el Mundial 2026. \u00a1A jugar!<\/strong><\/p>\n<\/div>\n<p><h2><strong>Nuevo campo de juego<\/strong><\/h2>\n<\/p>\n<div class=\"custom-text \" readability=\"39\">\n<p>Hoy el Monumental (llamado M\u00e1s Monumental desde su sponsorizaci\u00f3n en 2022) es el estadio con mayor capacidad en suelo sudamericano, por delante del <strong>Monumental de Lima, con 80.093<\/strong> lugares, lo siguen el m\u00edtico <strong>Maracan\u00e1, con 78.838<\/strong>, y el <strong>Man\u00e9 Garrincha de Brasilia (72.800).<\/strong><\/p>\n<\/div>\n<div class=\"sc-e7b891c4-0 jPbnQF\"><img alt=\"El Monumental colmado, con 84 mil personas. (Prensa River)\" src=\"http:\/\/hoycordobaweb.com\/wp-content\/uploads\/2023\/09\/exclusivo-ole-el-nuevo-monumental-para-argentina-vs-ecuador-por-las-eliminatorias-2.jpg\" width=\"720\" height=\"100\" decoding=\"async\" data-nimg=\"future\" loading=\"lazy\"><span class=\"epigraphe\">El Monumental colmado, con 84 mil personas. (Prensa River)<\/span><\/div>\n<div class=\"custom-text \" readability=\"39\">\n<p>Para que esto fuera posible, <strong>semejante obra arranc\u00f3 en 2020<\/strong>, durante la pandemia. Lo primero que se hizo fue <strong>levantar todo el campo de juego, eliminar la pista de atletismo y el foso que la rodeaba<\/strong> y bajar el nivel del piso en 1,80 metro para hacer espacio para <strong>acercar a las nuevas tribunas al per\u00edmetro del terreno.<\/strong><\/p>\n<\/div>\n<div class=\"custom-text \" readability=\"39\">\n<p>Se instal\u00f3 un moderno sistema de drenaje que solucion\u00f3 el problema de inundaci\u00f3n que mostraba la cancha cada vez que ca\u00eda una lluvia fuerte. En tanto, el nuevo campo de juego est\u00e1 instalado bajo el sistema SISGrass,<strong> un h\u00edbrido con 95% de c\u00e9sped natural, mezclado con fibras de polietileno de alto rendimiento,<\/strong> que tiene una vida \u00fatil de 15 a\u00f1os.<\/p>\n<\/div>\n<div class=\"sc-e7b891c4-0 jPbnQF\"><img alt=\"Vista \u00e1rea del Monumental iluminado de noche.\" src=\"http:\/\/hoycordobaweb.com\/wp-content\/uploads\/2023\/09\/exclusivo-ole-el-nuevo-monumental-para-argentina-vs-ecuador-por-las-eliminatorias-3.jpg\" width=\"720\" height=\"100\" decoding=\"async\" data-nimg=\"future\" loading=\"lazy\"><span class=\"epigraphe\">Vista \u00e1rea del Monumental iluminado de noche.<\/span><\/div>\n<p><h2><strong>Populares bien detr\u00e1s de los arcos<\/strong><\/h2>\n<\/p>\n<div class=\"custom-text \" readability=\"39\">\n<p>La principal novedad es la <strong>ubicaci\u00f3n de las tribunas populares. <\/strong>Si bien siguen en las cabeceras (S\u00edvori y Centenario), pasaron a estar en las <strong>bandejas bajas, mientras que en las altas se colocar\u00e1n butacas<\/strong> (no est\u00e1n a\u00fan). De esta manera, las tres cuartas partes de la capacidad del estadio (60 mil lugares) ser\u00e1 para plateas y la cuarta parte restante (24 mil localidades), para populares.<\/p>\n<\/div>\n<div class=\"custom-text \" readability=\"36\">\n<p>De esta manera, l<strong>os hinchas terminan estando m\u00e1s cerca del campo de juego:<\/strong> pas\u00f3 de 35 metros de distancia -cuando exist\u00eda la pista de atletismo-<strong> a 12 metros, en su tramo m\u00e1s largo<\/strong>. Lo que <strong>modific\u00f3 totalmente el ambiente y la atm\u00f3sfera del estadio por la cercan\u00eda.<\/strong><\/p>\n<\/div>\n<div class=\"sc-e7b891c4-0 jPbnQF\"><img alt=\"Una imagen del Monumental, desde la cabecera S\u00edvori, con la popular en la parte baja..\" src=\"http:\/\/hoycordobaweb.com\/wp-content\/uploads\/2023\/09\/exclusivo-ole-el-nuevo-monumental-para-argentina-vs-ecuador-por-las-eliminatorias-4.jpg\" width=\"720\" height=\"100\" decoding=\"async\" data-nimg=\"future\" loading=\"lazy\"><span class=\"epigraphe\">Una imagen del Monumental, desde la cabecera S\u00edvori, con la popular en la parte baja..<\/span><\/div>\n<p><h2><strong>Nuevas plateas<\/strong><\/h2>\n<\/p>\n<div class=\"custom-text \" readability=\"39\">\n<p>Lo mismo ocurre con <strong>las plateas laterales, San Mart\u00edn y Belgrano, que crecieron en su parte baja y ahora llegan hasta el borde del campo<\/strong>. Adem\u00e1s, se reemplazaron las hist\u00f3ricas butacas de madera (la mayor\u00eda eran originales, de 1938) por <strong>asientos nuevos y rebatibles<\/strong> (de color gris y antivand\u00e1licos).<\/p>\n<\/div>\n<div class=\"custom-text \" readability=\"35\">\n<p>Ahora, justamente, se est\u00e1 haciendo la <strong>impermeabilizaci\u00f3n en las plateas altas de ambos sectores para poder hacer el cambio de asientos all\u00ed tambi\u00e9n.<\/strong><\/p>\n<\/div>\n<div class=\"sc-e7b891c4-0 jPbnQF\"><img alt=\"Comenz\u00f3 el proceso de impermeabilizaci\u00f3n en las tribunas altas del Monumental.\" src=\"http:\/\/hoycordobaweb.com\/wp-content\/uploads\/2023\/09\/exclusivo-ole-el-nuevo-monumental-para-argentina-vs-ecuador-por-las-eliminatorias-5.jpg\" width=\"720\" height=\"100\" decoding=\"async\" data-nimg=\"future\" loading=\"lazy\"><span class=\"epigraphe\">Comenz\u00f3 el proceso de impermeabilizaci\u00f3n en las tribunas altas del Monumental.<\/span><\/div>\n<div class=\"custom-text \" readability=\"37\">\n<p>Con el cambio de las butacas, en la Centenario se pint\u00f3 las siglas del Club Atl\u00e9tico River Plate mientras que la S\u00edvori el a\u00f1o de fundaci\u00f3n del club -1901-, adem\u00e1s ambas son blancas y a la altura de la Baja tienen una l\u00ednea roja que cruza de punta a punta. En la platea San Mart\u00edn baja las butacas blancas combinadas con los grises forman la leyenda River Plate.<\/p>\n<\/div>\n<div class=\"sc-e7b891c4-0 jPbnQF\"><img alt=\"As\u00ed se ven las las nuevas butacas rebatibles.\" src=\"http:\/\/hoycordobaweb.com\/wp-content\/uploads\/2023\/09\/exclusivo-ole-el-nuevo-monumental-para-argentina-vs-ecuador-por-las-eliminatorias-6.jpg\" width=\"720\" height=\"100\" decoding=\"async\" data-nimg=\"future\" loading=\"lazy\"><span class=\"epigraphe\">As\u00ed se ven las las nuevas butacas rebatibles.<\/span><\/div>\n<p><h2><strong>Banco de suplentes y t\u00fanel unificado<\/strong><\/h2>\n<\/p>\n<div class=\"custom-text \" readability=\"39\">\n<p>El lugar para los suplentes y cuerpo t\u00e9cnico fue modificado: con estilo europeo, <strong>est\u00e1n rasantes al nivel del suelo, m\u00e1s centralizados y cerca uno del otro, y cuentan con una sola fila de asientos rebatibles<\/strong>, y no dos, y recubiertos con un acr\u00edlico que no interrumpe la visi\u00f3n.<\/p>\n<\/div>\n<div class=\"custom-text \" readability=\"38\">\n<p>En el medio, se construy\u00f3 un<strong> nuevo t\u00fanel para la salida unificada de los equipos, que tiene comunicaci\u00f3n interna con el vestuario local, visitante y el de los \u00e1rbitros<\/strong> (como el la mayor\u00eda de los estadios modernos, hay una antesala en la que se juntan).<\/p>\n<\/div>\n<div class=\"sc-e7b891c4-0 jPbnQF\"><img alt=\"Plano corto del t\u00fanel de salida. A cada costado, los bancos de suplentes\" src=\"http:\/\/hoycordobaweb.com\/wp-content\/uploads\/2023\/09\/exclusivo-ole-el-nuevo-monumental-para-argentina-vs-ecuador-por-las-eliminatorias-7.jpg\" width=\"720\" height=\"100\" decoding=\"async\" data-nimg=\"future\" loading=\"lazy\"><span class=\"epigraphe\">Plano corto del t\u00fanel de salida. A cada costado, los bancos de suplentes<\/span><\/div>\n<div class=\"custom-text \" readability=\"39\">\n<p>Adem\u00e1s, en los pasillos internos del lado local, hay una pantalla led que pasa im\u00e1genes de video, dependiendo de qui\u00e9n juegue (River o Argentina). Y <strong>un novedoso sal\u00f3n Paddock, que funciona como Hospitality, tiene vista directa al t\u00fanel por donde pasan los jugadores.<\/strong><\/p>\n<\/div>\n<p><h2><strong>Alambrados<\/strong><\/h2>\n<\/p>\n<div class=\"custom-text \" readability=\"34\">\n<p>En las cabeceras hay alambrados para evitar que los hinchas ingresen al campo de juego pero son m\u00e1s bajos que lo habitual y en la punta tienen una y inclinaci\u00f3n de 45 grados hacia adentro para evitar que los fan\u00e1ticos se cuelguen.<\/p>\n<\/div>\n<div class=\"sc-e7b891c4-0 jPbnQF\"><img alt=\"As\u00ed eran las butacas viejas de madera: fueron restauradas y salieron a la venta\" src=\"http:\/\/hoycordobaweb.com\/wp-content\/uploads\/2023\/09\/exclusivo-ole-el-nuevo-monumental-para-argentina-vs-ecuador-por-las-eliminatorias-8.jpg\" width=\"720\" height=\"100\" decoding=\"async\" data-nimg=\"future\" loading=\"lazy\"><span class=\"epigraphe\">As\u00ed eran las butacas viejas de madera: fueron restauradas y salieron a la venta<\/span><\/div>\n<p><h2><strong>Palcos en la Centenario y restaurante<\/strong><\/h2>\n<\/p>\n<div class=\"custom-text \" readability=\"36\">\n<p><strong>River ya estren\u00f3 30 nuevos palcos en Centenario media, que se ubican en lo m\u00e1s alto de esa platea.<\/strong> Ahora est\u00e1n en construcci\u00f3n unos similares en la S\u00edvori media, y <strong>as\u00ed el Monumental tendr\u00e1 palcos en todas sus tribunas y una circulaci\u00f3n de 360 grados.<\/strong><\/p>\n<\/div>\n<div class=\"custom-text \" readability=\"40\">\n<p>Adem\u00e1s, <strong>desde la centenario media, se accede al restaurante: se llama Banda,<\/strong> de 700 metros cuadrados, inaugurado esta semana, que los d\u00edas de partido funciona como Hospitality (entradas que incluyen catering), con vistas al barrio River y al campo de juego.<\/p>\n<\/div>\n<div class=\"sc-e7b891c4-0 jPbnQF\"><img alt=\"El restaurant del Monumental.\" src=\"http:\/\/hoycordobaweb.com\/wp-content\/uploads\/2023\/09\/exclusivo-ole-el-nuevo-monumental-para-argentina-vs-ecuador-por-las-eliminatorias-9.jpg\" width=\"720\" height=\"100\" decoding=\"async\" data-nimg=\"future\" loading=\"lazy\"><span class=\"epigraphe\">El restaurant del Monumental.<\/span><\/div>\n<p><h2><strong>Ampliaci\u00f3n del estacionamiento<\/strong><\/h2>\n<\/p>\n<div class=\"custom-text \" readability=\"36\">\n<p>Por \u00faltimo, la novedad en el exterior del Monumentales que se colocaron cristales sobre la fachada que da a las avenidas Udaondo y Figueroa Alcorta y <strong>avanza la ampliaci\u00f3n del estacionamiento, que se comunicar\u00e1 con el estadio mediante un puente peatonal a nivel de los palcos.<\/strong><\/p>\n<\/div>\n<div class=\"sc-7ce6049-0 dwIKul\">\n<div class=\"sc-7ce6049-1 bdcBBS videoText\" id=\"contentTitleundefinedQ3nTswD7\"><svg fill=\"#ffffff\"><symbol id=\"play\" viewBox=\"0 0 512 512\"><path d=\"M512 256C512 397.4 397.4 512 256 512C114.6 512 0 397.4 0 256C0 114.6 114.6 0 256 0C397.4 0 512 114.6 512 256zM176 168V344C176 352.7 180.7 360.7 188.3 364.9C195.8 369.2 205.1 369 212.5 364.5L356.5 276.5C363.6 272.1 368 264.4 368 256C368 247.6 363.6 239.9 356.5 235.5L212.5 147.5C205.1 142.1 195.8 142.8 188.3 147.1C180.7 151.3 176 159.3 176 168V168z\" \/><\/symbol><use xlink:href=\"#play\" \/><\/svg><\/p>\n<div class=\"right\">\n<p>ecuador<!-- --> &#8211;<!-- --> <span>5-9-2023<\/span><\/p>\n<h2 class=\"title-vid\">As\u00ed est\u00e1 el estadio de Argentina para recibir a Ecuador por Eliminatorias<\/h2>\n<\/div>\n<\/div>\n<p><span class=\"back\" id=\"spanBackundefinedQ3nTswD7\"><\/span><\/div>\n<div class=\"sc-a7166897-0 exHLBh\" readability=\"6.5\">\n<section readability=\"3\"><picture><img alt=\"Ecuador y Argentina, \u201cbuenos vecinos\u201d durante la primera fecha de Eliminatorias\" src=\"http:\/\/hoycordobaweb.com\/wp-content\/uploads\/2023\/09\/exclusivo-ole-el-nuevo-monumental-para-argentina-vs-ecuador-por-las-eliminatorias-10.jpg\" width=\"290\" height=\"290\" decoding=\"async\" data-nimg=\"future\" loading=\"lazy\"><\/picture>\n<p><span>Mir\u00e1 tambi\u00e9n<\/span><\/p>\n<hr>\n<h3>Ecuador y Argentina, \u201cbuenos vecinos\u201d durante la primera fecha de Eliminatorias<\/h3>\n<\/p>\n<\/section>\n<\/div>\n<div class=\"sc-a7166897-0 exHLBh\" readability=\"6\">\n<section readability=\"2\"><picture><img alt=\"\u00bfC\u00f3mo siguen los trabajos de Ecuador para enfrentar a Argentina?\" src=\"http:\/\/hoycordobaweb.com\/wp-content\/uploads\/2023\/09\/exclusivo-ole-el-nuevo-monumental-para-argentina-vs-ecuador-por-las-eliminatorias-11.jpg\" width=\"290\" height=\"290\" decoding=\"async\" data-nimg=\"future\" loading=\"lazy\"><\/picture>\n<p><span>Mir\u00e1 tambi\u00e9n<\/span><\/p>\n<hr>\n<h3>\u00bfC\u00f3mo siguen los trabajos de Ecuador para enfrentar a Argentina?<\/h3>\n<\/p>\n<\/section>\n<\/div>\n<div class=\"sc-a7166897-0 exHLBh\" readability=\"6.5\">\n<section readability=\"3\"><picture><img alt=\"Kevin Rodr\u00edguez y el cruce con Argentina: &quot;Es un lindo partido que cualquier futbolista quiere jugar&quot;\" src=\"http:\/\/hoycordobaweb.com\/wp-content\/uploads\/2023\/09\/exclusivo-ole-el-nuevo-monumental-para-argentina-vs-ecuador-por-las-eliminatorias-12.jpg\" width=\"290\" height=\"290\" decoding=\"async\" data-nimg=\"future\" loading=\"lazy\"><\/picture>\n<p><span>Mir\u00e1 tambi\u00e9n<\/span><\/p>\n<hr>\n<h3>Kevin Rodr\u00edguez y el cruce con Argentina: \u00abEs un lindo partido que cualquier futbolista quiere jugar\u00bb<\/h3>\n<\/p>\n<\/section>\n<\/div>\n<div class=\"sc-a7166897-0 exHLBh\" readability=\"6\">\n<section readability=\"2\"><picture><img alt=\"Kendry P\u00e1ez: &quot;No le tenemos miedo a nada&quot;\" src=\"http:\/\/hoycordobaweb.com\/wp-content\/uploads\/2023\/09\/exclusivo-ole-el-nuevo-monumental-para-argentina-vs-ecuador-por-las-eliminatorias-13.jpg\" width=\"290\" height=\"290\" decoding=\"async\" data-nimg=\"future\" loading=\"lazy\"><\/picture>\n<p><span>Mir\u00e1 tambi\u00e9n<\/span><\/p>\n<hr>\n<h3>Kendry P\u00e1ez: \u00abNo le tenemos miedo a nada\u00bb<\/h3>\n<\/p>\n<\/section>\n<\/div>\n<div class=\"sc-a7166897-0 exHLBh\" readability=\"6\">\n<section readability=\"2\"><picture><img alt=\"Eliminatorias Mundial 2026: \u00bfc\u00f3mo se disputa la clasificaci\u00f3n en Conmebol?\" src=\"http:\/\/hoycordobaweb.com\/wp-content\/uploads\/2023\/09\/exclusivo-ole-el-nuevo-monumental-para-argentina-vs-ecuador-por-las-eliminatorias-14.jpg\" width=\"290\" height=\"290\" decoding=\"async\" data-nimg=\"future\" loading=\"lazy\"><\/picture>\n<p><span>Mir\u00e1 tambi\u00e9n<\/span><\/p>\n<hr>\n<h3>Eliminatorias Mundial 2026: \u00bfc\u00f3mo se disputa la clasificaci\u00f3n en Conmebol?<\/h3>\n<\/p>\n<\/section>\n<\/div>\n<div class=\"sc-a7166897-0 exHLBh\" readability=\"6\">\n<section readability=\"2\"><picture><img alt=\"\u00bfC\u00f3mo le fue a los jugadores ecuatorianos antes de la fecha de Eliminatorias?\" src=\"http:\/\/hoycordobaweb.com\/wp-content\/uploads\/2023\/09\/exclusivo-ole-el-nuevo-monumental-para-argentina-vs-ecuador-por-las-eliminatorias-15.jpg\" width=\"290\" height=\"290\" decoding=\"async\" data-nimg=\"future\" loading=\"lazy\"><\/picture>\n<p><span>Mir\u00e1 tambi\u00e9n<\/span><\/p>\n<hr>\n<h3>\u00bfC\u00f3mo le fue a los jugadores ecuatorianos antes de la fecha de Eliminatorias?<\/h3>\n<\/p>\n<\/section>\n<\/div>\n<div class=\"sc-a7166897-0 exHLBh\" readability=\"6\">\n<section readability=\"2\"><picture><img alt=\"La Selecci\u00f3n de Ecuador ya se entrena en Argentina\" src=\"http:\/\/hoycordobaweb.com\/wp-content\/uploads\/2023\/09\/exclusivo-ole-el-nuevo-monumental-para-argentina-vs-ecuador-por-las-eliminatorias-16.jpg\" width=\"290\" height=\"290\" decoding=\"async\" data-nimg=\"future\" loading=\"lazy\"><\/picture>\n<p><span>Mir\u00e1 tambi\u00e9n<\/span><\/p>\n<hr>\n<h3>La Selecci\u00f3n de Ecuador ya se entrena en Argentina<\/h3>\n<\/p>\n<\/section>\n<\/div>\n<div class=\"sc-a7166897-0 exHLBh\" readability=\"6\">\n<section readability=\"2\"><picture><img alt=\"Arranc\u00f3 el Ol\u00e9 Sports Leaders Summit\" src=\"http:\/\/hoycordobaweb.com\/wp-content\/uploads\/2023\/09\/exclusivo-ole-el-nuevo-monumental-para-argentina-vs-ecuador-por-las-eliminatorias-17.jpg\" width=\"290\" height=\"290\" decoding=\"async\" data-nimg=\"future\" loading=\"lazy\"><\/picture>\n<p><span>Mir\u00e1 tambi\u00e9n<\/span><\/p>\n<hr>\n<h3>Arranc\u00f3 el Ol\u00e9 Sports Leaders Summit<\/h3>\n<\/p>\n<\/section>\n<\/div>\n<\/div>\n","protected":false},"excerpt":{"rendered":"<p>05\/09\/2023 10:37hs. Este jueves 7 de septiembre, cuando la Selecci\u00f3n de Ecuador (y los hinchas) arribe al estadio Monumental, para debutar en las Eliminatorias Sudamericanas contra la Selecci\u00f3n Argentina, no notar\u00e1 grandes cambios respecto a su \u00faltima visita, en 2015. Sin embargo, en su interior, la casa de River Plate se renov\u00f3. Se ampli\u00f3. Creci\u00f3. [&hellip;]<\/p>\n","protected":false},"author":1,"featured_media":66087,"comment_status":"open","ping_status":"closed","sticky":false,"template":"","format":"standard","meta":[],"categories":[16],"tags":[],"_links":{"self":[{"href":"http:\/\/hoycordobaweb.com\/index.php\/wp-json\/wp\/v2\/posts\/66086"}],"collection":[{"href":"http:\/\/hoycordobaweb.com\/index.php\/wp-json\/wp\/v2\/posts"}],"about":[{"href":"http:\/\/hoycordobaweb.com\/index.php\/wp-json\/wp\/v2\/types\/post"}],"author":[{"embeddable":true,"href":"http:\/\/hoycordobaweb.com\/index.php\/wp-json\/wp\/v2\/users\/1"}],"replies":[{"embeddable":true,"href":"http:\/\/hoycordobaweb.com\/index.php\/wp-json\/wp\/v2\/comments?post=66086"}],"version-history":[{"count":0,"href":"http:\/\/hoycordobaweb.com\/index.php\/wp-json\/wp\/v2\/posts\/66086\/revisions"}],"wp:featuredmedia":[{"embeddable":true,"href":"http:\/\/hoycordobaweb.com\/index.php\/wp-json\/wp\/v2\/media\/66087"}],"wp:attachment":[{"href":"http:\/\/hoycordobaweb.com\/index.php\/wp-json\/wp\/v2\/media?parent=66086"}],"wp:term":[{"taxonomy":"category","embeddable":true,"href":"http:\/\/hoycordobaweb.com\/index.php\/wp-json\/wp\/v2\/categories?post=66086"},{"taxonomy":"post_tag","embeddable":true,"href":"http:\/\/hoycordobaweb.com\/index.php\/wp-json\/wp\/v2\/tags?post=66086"}],"curies":[{"name":"wp","href":"https:\/\/api.w.org\/{rel}","templated":true}]}}