{"id":66030,"date":"2023-09-04T15:16:23","date_gmt":"2023-09-04T15:16:23","guid":{"rendered":"https:\/\/www.ole.com.ar\/ecuador\/internacional\/angelo-preciado-presentado-sparta-praga-nuevo-club-ecuador_0_d9GlW6O7Q6.html"},"modified":"2023-09-04T15:16:23","modified_gmt":"2023-09-04T15:16:23","slug":"previo-a-sumarse-a-la-tri-angelo-preciado-fue-presentado-en-sparta-praga","status":"publish","type":"post","link":"http:\/\/hoycordobaweb.com\/index.php\/2023\/09\/04\/previo-a-sumarse-a-la-tri-angelo-preciado-fue-presentado-en-sparta-praga\/","title":{"rendered":"Previo a sumarse a La Tri, \u00c1ngelo Preciado fue presentado en Sparta Praga"},"content":{"rendered":"<p><img src=\"http:\/\/hoycordobaweb.com\/wp-content\/uploads\/2023\/09\/previo-a-sumarse-a-la-tri-angelo-preciado-fue-presentado-en-sparta-praga.jpg\"><\/p>\n<div><img src=\"http:\/\/hoycordobaweb.com\/wp-content\/uploads\/2023\/09\/previo-a-sumarse-a-la-tri-angelo-preciado-fue-presentado-en-sparta-praga.jpg\" class=\"ff-og-image-inserted\"><\/div>\n<div readability=\"35.232835820896\">\n<p>Fin de la novela de <strong><a href=\"https:\/\/www.ole.com.ar\/tema\/angelo-preciado.html\" title=\"\u00c1ngelo Preciado\" alt=\"\u00c1ngelo Preciado\" class=\"slug\">\u00c1ngelo Preciado<\/a><\/strong>: con pocas oportunidades en el Genk, el defensor ecuatoriano decidi\u00f3 cambiar de aires en busca de nuevas oportunidades. Sin embargo, una transferencia que parec\u00eda un hecho daba la sensaci\u00f3n de caerse con el cierre del mercado de pases y la falta de oficializaci\u00f3n. Pero era cuesti\u00f3n de tiempo.<\/p>\n<\/div>\n<div readability=\"36.290734824281\">\n<p>Mientras lo esperan en Buenos Aires para que se sume a la delegaci\u00f3n de <strong><a href=\"https:\/\/www.ole.com.ar\/tema\/la-tri.html\" title=\"La Tri\" alt=\"La Tri\" class=\"slug\">La Tri<\/a><\/strong>, que enfrentar\u00e1 a la Selecci\u00f3n Argentina este 7 de septiembre en el Monumental por el debut de las Eliminatorias Sudamericanas para el Mundial 2026, <strong>el lateral fue anunciado como nuevo refuerzo del Sparta Praga de Rep\u00fablica Checa.<\/strong><\/p>\n<\/div>\n<div readability=\"36\">\n<p><strong>\u00ab\u00a1Angelo Preciado es un nuevo jugador de Sparta! El representante ecuatoriano llega a Letna procedente de Genk, B\u00e9lgica. Bienvenido a Sparta\u00bb<\/strong>, escribieron desde el cuadro europeo en un posteo en redes sociales junto con una serie de im\u00e1genes del futbolista con la camiseta del equipo.<\/p>\n<\/div>\n<div readability=\"37\">\n<p>Debutar\u00e1 oficialmente luego de la fecha de Eliminatorias: Sparta Praga recibir\u00e1 a Slovacko el domingo 17 de septiembre por la fecha 8 del campeonato checo que actualmente lo tiene como l\u00edder con 19 puntos junto a su cl\u00e1sico rival Slavia Praga. Adem\u00e1s, disputar\u00e1n la fase de grupos de la Europa League donde comparten zona con el Rangers de Jos\u00e9 Cifuentes, el Betis y el Aris Limassol de Chipre.<\/p>\n<\/div>\n","protected":false},"excerpt":{"rendered":"<p>Fin de la novela de \u00c1ngelo Preciado: con pocas oportunidades en el Genk, el defensor ecuatoriano decidi\u00f3 cambiar de aires en busca de nuevas oportunidades. Sin embargo, una transferencia que parec\u00eda un hecho daba la sensaci\u00f3n de caerse con el cierre del mercado de pases y la falta de oficializaci\u00f3n. Pero era cuesti\u00f3n de tiempo. [&hellip;]<\/p>\n","protected":false},"author":1,"featured_media":66031,"comment_status":"open","ping_status":"closed","sticky":false,"template":"","format":"standard","meta":[],"categories":[16],"tags":[],"_links":{"self":[{"href":"http:\/\/hoycordobaweb.com\/index.php\/wp-json\/wp\/v2\/posts\/66030"}],"collection":[{"href":"http:\/\/hoycordobaweb.com\/index.php\/wp-json\/wp\/v2\/posts"}],"about":[{"href":"http:\/\/hoycordobaweb.com\/index.php\/wp-json\/wp\/v2\/types\/post"}],"author":[{"embeddable":true,"href":"http:\/\/hoycordobaweb.com\/index.php\/wp-json\/wp\/v2\/users\/1"}],"replies":[{"embeddable":true,"href":"http:\/\/hoycordobaweb.com\/index.php\/wp-json\/wp\/v2\/comments?post=66030"}],"version-history":[{"count":0,"href":"http:\/\/hoycordobaweb.com\/index.php\/wp-json\/wp\/v2\/posts\/66030\/revisions"}],"wp:featuredmedia":[{"embeddable":true,"href":"http:\/\/hoycordobaweb.com\/index.php\/wp-json\/wp\/v2\/media\/66031"}],"wp:attachment":[{"href":"http:\/\/hoycordobaweb.com\/index.php\/wp-json\/wp\/v2\/media?parent=66030"}],"wp:term":[{"taxonomy":"category","embeddable":true,"href":"http:\/\/hoycordobaweb.com\/index.php\/wp-json\/wp\/v2\/categories?post=66030"},{"taxonomy":"post_tag","embeddable":true,"href":"http:\/\/hoycordobaweb.com\/index.php\/wp-json\/wp\/v2\/tags?post=66030"}],"curies":[{"name":"wp","href":"https:\/\/api.w.org\/{rel}","templated":true}]}}