{"id":66005,"date":"2023-09-03T20:31:00","date_gmt":"2023-09-03T20:31:00","guid":{"rendered":"https:\/\/fm-comunicar.com.ar\/contenido\/20592\/la-expo-rural-de-jesus-maria-con-record-de-entradas-anticipadas"},"modified":"2023-09-03T20:31:00","modified_gmt":"2023-09-03T20:31:00","slug":"la-expo-rural-de-jesus-maria-con-record-de-entradas-anticipadas","status":"publish","type":"post","link":"http:\/\/hoycordobaweb.com\/index.php\/2023\/09\/03\/la-expo-rural-de-jesus-maria-con-record-de-entradas-anticipadas\/","title":{"rendered":"La Expo Rural de Jes\u00fas Mar\u00eda, con r\u00e9cord de entradas anticipadas"},"content":{"rendered":"<p>La muestra del agro m\u00e1s grande del Norte de C\u00f3rdoba se har\u00e1 del 8 al 10 de septiembre en el predio de B\u00ba Malabrigo. Los tickets est\u00e1n en venta a mil pesos.<img src=\"http:\/\/hoycordobaweb.com\/wp-content\/uploads\/2023\/09\/la-expo-rural-de-jesus-maria-con-record-de-entradas-anticipadas.jpg\"><\/p>\n","protected":false},"excerpt":{"rendered":"<p>La muestra del agro m\u00e1s grande del Norte de C\u00f3rdoba se har\u00e1 del 8 al 10 de septiembre en el predio de B\u00ba Malabrigo. Los tickets est\u00e1n en venta a mil pesos.<\/p>\n","protected":false},"author":1,"featured_media":66006,"comment_status":"closed","ping_status":"closed","sticky":false,"template":"","format":"standard","meta":[],"categories":[18],"tags":[],"_links":{"self":[{"href":"http:\/\/hoycordobaweb.com\/index.php\/wp-json\/wp\/v2\/posts\/66005"}],"collection":[{"href":"http:\/\/hoycordobaweb.com\/index.php\/wp-json\/wp\/v2\/posts"}],"about":[{"href":"http:\/\/hoycordobaweb.com\/index.php\/wp-json\/wp\/v2\/types\/post"}],"author":[{"embeddable":true,"href":"http:\/\/hoycordobaweb.com\/index.php\/wp-json\/wp\/v2\/users\/1"}],"replies":[{"embeddable":true,"href":"http:\/\/hoycordobaweb.com\/index.php\/wp-json\/wp\/v2\/comments?post=66005"}],"version-history":[{"count":0,"href":"http:\/\/hoycordobaweb.com\/index.php\/wp-json\/wp\/v2\/posts\/66005\/revisions"}],"wp:featuredmedia":[{"embeddable":true,"href":"http:\/\/hoycordobaweb.com\/index.php\/wp-json\/wp\/v2\/media\/66006"}],"wp:attachment":[{"href":"http:\/\/hoycordobaweb.com\/index.php\/wp-json\/wp\/v2\/media?parent=66005"}],"wp:term":[{"taxonomy":"category","embeddable":true,"href":"http:\/\/hoycordobaweb.com\/index.php\/wp-json\/wp\/v2\/categories?post=66005"},{"taxonomy":"post_tag","embeddable":true,"href":"http:\/\/hoycordobaweb.com\/index.php\/wp-json\/wp\/v2\/tags?post=66005"}],"curies":[{"name":"wp","href":"https:\/\/api.w.org\/{rel}","templated":true}]}}