{"id":65983,"date":"2023-09-03T12:39:24","date_gmt":"2023-09-03T12:39:24","guid":{"rendered":"https:\/\/www.mujerhoy.com\/moda\/no-te-pierdas\/conjunto-estampado-flores-viral-instagram-pullandbear-20230903130451-nt.html"},"modified":"2023-09-03T12:39:24","modified_gmt":"2023-09-03T12:39:24","slug":"el-precioso-conjunto-estampado-de-flores-con-el-que-arrasaras-en-la-vuelta-de-vacaciones","status":"publish","type":"post","link":"http:\/\/hoycordobaweb.com\/index.php\/2023\/09\/03\/el-precioso-conjunto-estampado-de-flores-con-el-que-arrasaras-en-la-vuelta-de-vacaciones\/","title":{"rendered":"El precioso conjunto estampado de flores con el que arrasar\u00e1s en la vuelta de vacaciones"},"content":{"rendered":"<p><!-- AUTHOR --><\/p>\n<div class=\"voc-author-timesocial \"><!-- AUTHOR --><\/p>\n<div class=\"voc-author-timesocial__signature\"><!-- IMAGE AUTHOR --><picture class=\"voc-image-signature\"><img class=\"voc-image-signature__img\" src=\"http:\/\/hoycordobaweb.com\/wp-content\/uploads\/2023\/09\/el-precioso-conjunto-estampado-de-flores-con-el-que-arrasaras-en-la-vuelta-de-vacaciones.jpg\" alt=\"Elena Olivero\"><\/picture><!-- INFO AUTHOR --><\/div>\n<\/div>\n<p><!-- COMPONENTS --><\/p>\n<p class=\"voc-paragraph\">Al llegar septiembre, no tenemos por qu\u00e9 desempolvar todos los jers\u00e9is y abrigos que estaban guardados al fondo del armario. Despu\u00e9s de tanto calor, estamos ansiosa de un clima m\u00e1s fresco e ilusionadas por empezar a llevar el <strong>vestuario de la nueva temporada<\/strong>. Pero, el fr\u00edo no va a venir de golpe, ni mucho menos. De hecho, muchas vamos a poder seguir aprovechando esos <a data-voc-vtm-id=\"in-text-traffic\" href=\"https:\/\/www.mujerhoy.com\/moda\/no-te-pierdas\/vestidos-largos-comodos-diario-mango-20230818142211-nt.html\">vestidos largos<\/a> tan c\u00f3modos que hemos usado todo el verano y que ahora tambi\u00e9n se amortizar\u00e1n a diario.\n<\/p>\n<p class=\"voc-paragraph\">El entretiempo solo necesita de llevar una chaqueta acompa\u00f1ando a tus looks, por si las temperaturas deciden bajar por la noche o nos encontramos con un d\u00eda de lluvia. Pero, por lo general, en este momento del a\u00f1o podemos vestir con prendas de manga corta o tirantes todav\u00eda. Pero, las influencers dicen que con lo que de verdad causar\u00e1s sensaci\u00f3n en tu vuelta de las vacaciones es con este <strong>conjunto estampado de flores<\/strong> que enamora a Instagram.\n<\/p>\n<p class=\"voc-paragraph\">Las influencers han confirmado que el <a data-voc-vtm-id=\"in-text-traffic\" href=\"https:\/\/www.mujerhoy.com\/moda\/no-te-pierdas\/novedades-maria-pombo-mejores-vestidos-zara-instagram-influencer-20230819133203-nt.html\">estampado de flores para oto\u00f1o<\/a> ser\u00e1 un must have esta temporada. Y, aunque todav\u00eda falta para el inicio de la nueva estaci\u00f3n, podemos ir luciendo mientras tanto <strong>entretiempo<\/strong>, aprovech\u00e1ndonos de esos d\u00edas soleados en las que a una le apetece ir m\u00e1s favorecida.\n<\/p>\n<p class=\"voc-paragraph\">Lo que es seguro es que el <strong>floral print<\/strong> es uno de los mejores partidos para sacarte partido, porque sienta de maravilla a todas. Femenino, coloridos y chic, cada vez que lo lleves te llover\u00e1n los cumplidos. \u00bfPor qu\u00e9 lo sabemos? Porque eso es justo lo que le ha pasado a Mar\u00eda Segarra al lucirlo en su \u00faltimo post.\n<\/p>\n<p class=\"voc-paragraph\">La espa\u00f1ola nos ha querido dar una idea de outfit para llevar en la ciudad a la <strong>vuelta de sus vacaciones<\/strong>, con todav\u00eda unas temperaturas c\u00e1lidas. Pero, que perfectamente se puede acompa\u00f1ar de una <a data-voc-vtm-id=\"in-text-traffic\" href=\"https:\/\/www.mujerhoy.com\/moda\/no-te-pierdas\/mejores-cazadoras-vaqueras-zara-massimo-dutti-20230819133701-nt.html\">cazadora vaquera<\/a> o una chaqueta de ante y unas botas cowboy para pon\u00e9rnoslo m\u00e1s de cara a los d\u00edas frescos o entrado el mes de septiembre. Y, seguramente ahora lo decidas combinar con sandalias.\n<\/p>\n<p class=\"voc-paragraph\">La cuesti\u00f3n es que su estilismo ha tardado horas en hacerse viral, con cientos de likes que respaldan lo bonito que es. Adem\u00e1s, tiene un precio super asequible al ser de una marca low cost, m\u00e1s concretamente <strong>Pull&amp;Bear<\/strong>. As\u00ed que, antes de que se agote, ve corriendo a la tienda o web a hacerte con este precioso look.\n<\/p>\n<div class=\"voc-detail-photo-zoom\"><picture data-toggle=\"modal\" data-target=\"#photoZoomModal-374\" target=\"modal\">\n<div class=\"voc-img-icon-link\"><img loading=\"lazy\" data-original=\"\/\/static2.mujerhoy.com\/www\/multimedia\/202308\/29\/media\/cortadas\/conjunto-estampado-flores-1-total-look-kUvG--460x637@MujerHoy.jpg\" class=\"lazy adsviu_analyse\" alt=\"Conjunto estampado de flores con top y falda\"><noscript><img src=\"http:\/\/hoycordobaweb.com\/wp-content\/uploads\/2023\/09\/el-precioso-conjunto-estampado-de-flores-con-el-que-arrasaras-en-la-vuelta-de-vacaciones-1.jpg\" alt=\"Conjunto estampado de flores con top y falda\"><\/noscript><i class=\"voc-icons zoom voc-multimedia-box voc-ico-l\"><\/i><\/div><figcaption class=\"figure-caption\">Conjunto estampado de flores con top y falda<\/figcaption><\/picture><\/div>\n<div id=\"photoZoomModal-374\" class=\"voc-lightbox modal fade voc-lightbox--photo-zoom\" role=\"dialog\" data-voc-photozoom-lightbox>\n<div class=\"voc-lightbox__dialog\" role=\"document\">\n<div class=\"voc-lightbox__content\"><!-- Modal header --><!-- Modal content --><\/p>\n<div class=\"voc-lightbox__photo-container\"><picture class><img loading=\"lazy\" data-original=\"\/\/static2.mujerhoy.com\/www\/multimedia\/202308\/29\/media\/cortadas\/conjunto-estampado-flores-1-total-look-kUvG--460x637@MujerHoy.jpg\" alt=\"Conjunto estampado de flores con top y falda\" class=\"lazy\"><noscript><img src=\"http:\/\/hoycordobaweb.com\/wp-content\/uploads\/2023\/09\/el-precioso-conjunto-estampado-de-flores-con-el-que-arrasaras-en-la-vuelta-de-vacaciones-1.jpg\" alt=\"Conjunto estampado de flores con top y falda\"><\/noscript><\/picture><\/div>\n<\/div>\n<\/div>\n<\/div>\n<p class=\"voc-paragraph\">Nos referimos a este <strong>conjunto estampado de flores<\/strong> multicolor, en una paleta crom\u00e1tica oto\u00f1al con tonos beige, marr\u00f3n, naranja, verde y rosa. Est\u00e1 confeccionado en tejido ligero y c\u00f3modo con detalle de bordado a rayas en hilo metalizado dorado. Y, se compone de dos piezas. La parte de arriba se trata de un <a data-voc-vtm-id=\"in-text-traffic\" href=\"https:\/\/www.mujerhoy.com\/moda\/no-te-pierdas\/tops-cuello-halter-estilizan-cuerpo-tendencia-influencers-zara-mango-sfera-20230517135001-nt.html\">top halter<\/a>.\n<\/p>\n<p class=\"voc-paragraph\">Cuenta con cuello subido con cierre de lazada en la parte de atr\u00e1s. Tiene abertura o detalle cut out en el escote. Incorpora espalda al descubierto. Incluye botones en el delantero. Y, el corte es fluido. Mientras que, en la parte de abajo, combina la <strong>prenda tendencia<\/strong> del momento, una falda larga con tiro alto, cintura el\u00e1stica y dise\u00f1o recto acomodado al cuerpo.\n<\/p>\n<div class=\"voc-detail-photo-zoom\"><picture data-toggle=\"modal\" data-target=\"#photoZoomModal-131\" target=\"modal\">\n<div class=\"voc-img-icon-link\"><img loading=\"lazy\" data-original=\"\/\/static2.mujerhoy.com\/www\/multimedia\/202308\/29\/media\/cortadas\/conjunto-estampado-flores-2-tip-kUvG--460x637@MujerHoy.jpg\" class=\"lazy adsviu_analyse\" alt=\"Conjunto con estampado de flores\"><noscript><img src=\"http:\/\/hoycordobaweb.com\/wp-content\/uploads\/2023\/09\/el-precioso-conjunto-estampado-de-flores-con-el-que-arrasaras-en-la-vuelta-de-vacaciones-2.jpg\" alt=\"Conjunto con estampado de flores\"><\/noscript><i class=\"voc-icons zoom voc-multimedia-box voc-ico-l\"><\/i><\/div><figcaption class=\"figure-caption\">Conjunto con estampado de flores<\/figcaption><\/picture><\/div>\n<div id=\"photoZoomModal-131\" class=\"voc-lightbox modal fade voc-lightbox--photo-zoom\" role=\"dialog\" data-voc-photozoom-lightbox>\n<div class=\"voc-lightbox__dialog\" role=\"document\">\n<div class=\"voc-lightbox__content\"><!-- Modal header --><!-- Modal content --><\/p>\n<div class=\"voc-lightbox__photo-container\"><picture class><img loading=\"lazy\" data-original=\"\/\/static2.mujerhoy.com\/www\/multimedia\/202308\/29\/media\/cortadas\/conjunto-estampado-flores-2-tip-kUvG--460x637@MujerHoy.jpg\" alt=\"Conjunto con estampado de flores\" class=\"lazy\"><noscript><img src=\"http:\/\/hoycordobaweb.com\/wp-content\/uploads\/2023\/09\/el-precioso-conjunto-estampado-de-flores-con-el-que-arrasaras-en-la-vuelta-de-vacaciones-2.jpg\" alt=\"Conjunto con estampado de flores\"><\/noscript><\/picture><\/div>\n<\/div>\n<\/div>\n<\/div>\n<p class=\"voc-paragraph\">Puedes encontrar ambas prendas por un <strong>precio de 19,99 euros y 22,99 euros<\/strong>, respectivamente. Aunque, al haberse hecho tan viral en redes sociales, muchas de las tallas (que en ambas piezas van de la XS a la XL), est\u00e1n agotados online. Por eso, tienes que darte prisa o intentar dar con ellas en tienda f\u00edsica para poder lucir tan favorecedor estilismo que no parar\u00e1s de ponerte todo septiembre y octubre.\n<\/p>\n<p><!-- TOPICS --><\/p>\n","protected":false},"excerpt":{"rendered":"<p>Al llegar septiembre, no tenemos por qu\u00e9 desempolvar todos los jers\u00e9is y abrigos que estaban guardados al fondo del armario. Despu\u00e9s de tanto calor, estamos ansiosa de un clima m\u00e1s fresco e ilusionadas por empezar a llevar el vestuario de la nueva temporada. Pero, el fr\u00edo no va a venir de golpe, ni mucho menos. [&hellip;]<\/p>\n","protected":false},"author":1,"featured_media":65984,"comment_status":"closed","ping_status":"closed","sticky":false,"template":"","format":"standard","meta":[],"categories":[1],"tags":[],"_links":{"self":[{"href":"http:\/\/hoycordobaweb.com\/index.php\/wp-json\/wp\/v2\/posts\/65983"}],"collection":[{"href":"http:\/\/hoycordobaweb.com\/index.php\/wp-json\/wp\/v2\/posts"}],"about":[{"href":"http:\/\/hoycordobaweb.com\/index.php\/wp-json\/wp\/v2\/types\/post"}],"author":[{"embeddable":true,"href":"http:\/\/hoycordobaweb.com\/index.php\/wp-json\/wp\/v2\/users\/1"}],"replies":[{"embeddable":true,"href":"http:\/\/hoycordobaweb.com\/index.php\/wp-json\/wp\/v2\/comments?post=65983"}],"version-history":[{"count":0,"href":"http:\/\/hoycordobaweb.com\/index.php\/wp-json\/wp\/v2\/posts\/65983\/revisions"}],"wp:featuredmedia":[{"embeddable":true,"href":"http:\/\/hoycordobaweb.com\/index.php\/wp-json\/wp\/v2\/media\/65984"}],"wp:attachment":[{"href":"http:\/\/hoycordobaweb.com\/index.php\/wp-json\/wp\/v2\/media?parent=65983"}],"wp:term":[{"taxonomy":"category","embeddable":true,"href":"http:\/\/hoycordobaweb.com\/index.php\/wp-json\/wp\/v2\/categories?post=65983"},{"taxonomy":"post_tag","embeddable":true,"href":"http:\/\/hoycordobaweb.com\/index.php\/wp-json\/wp\/v2\/tags?post=65983"}],"curies":[{"name":"wp","href":"https:\/\/api.w.org\/{rel}","templated":true}]}}