{"id":65975,"date":"2023-09-03T12:48:28","date_gmt":"2023-09-03T12:48:28","guid":{"rendered":"https:\/\/www.ole.com.ar\/futbol-internacional\/espana\/juan-mata-premier-league-seleccion-espana-japon_0_Enrr94z22N.html"},"modified":"2023-09-03T12:48:28","modified_gmt":"2023-09-03T12:48:28","slug":"una-figura-de-la-premier-league-y-la-seleccion-espanola-consiguio-club-en-japon","status":"publish","type":"post","link":"http:\/\/hoycordobaweb.com\/index.php\/2023\/09\/03\/una-figura-de-la-premier-league-y-la-seleccion-espanola-consiguio-club-en-japon\/","title":{"rendered":"Una figura de la Premier League y la selecci\u00f3n espa\u00f1ola consigui\u00f3 club en Jap\u00f3n"},"content":{"rendered":"<p><img src=\"http:\/\/hoycordobaweb.com\/wp-content\/uploads\/2023\/09\/una-figura-de-la-premier-league-y-la-seleccion-espanola-consiguio-club-en-japon.jpg\"><\/p>\n<p><time class=\"createDate\" datetime=\"2023-09-03T09:48:28-03:00\">03\/09\/2023 09:48hs.<\/time><time class=\"modificatedDate\" datetime=\"2023-09-03T09:53:22-03:00\"> Actualizado al 03\/09\/2023 09:53hs.<\/time><\/p>\n<div id=\"storyBody\">\n<div class=\"custom-text \" readability=\"34.629032258065\">\n<p>La rompi\u00f3 en el <a href=\"https:\/\/www.ole.com.ar\/tema\/chelsea.html\" title=\"Chelsea\" alt=\"Chelsea\" class=\"slug\">Chelsea<\/a> con la 10 en la espalda y tambi\u00e9n dej\u00f3 su huella en el <a href=\"https:\/\/www.ole.com.ar\/tema\/manchester-united.html\" title=\"Manchester United\" alt=\"Manchester United\" class=\"slug\">Manchester United<\/a>. De bajo perfil y de t\u00e9cnica envidiable. Un jugador a la antigua, de los que cada vez se ven menos en un f\u00fatbol que demanda mucho m\u00e1s desde lo f\u00edsico. <strong>Ese es <a href=\"https:\/\/www.ole.com.ar\/tema\/juan-mata.html\" title=\"Juan Mata\" alt=\"Juan Mata\" class=\"slug\">Juan Mata<\/a>, quien fue presentado este domingo en el Vissel Kobe, su nuevo club tras su paso por el Galatasaray.<\/strong><\/p>\n<\/div>\n<div class=\"custom-text \" readability=\"36\">\n<p>Lleg\u00f3 all\u00ed para cubrir la ausencia que dej\u00f3 Andr\u00e9s Iniesta, quien se march\u00f3 al f\u00fatbol de los Emiratos \u00c1rabes Unidos tras haber estado cinco a\u00f1os en el Vissel Kobe. Y en su presentaci\u00f3n, <strong>Mata dijo estar \u00aborgulloso\u00bb de seguir los pasos del volante y de David Villa en el equipo japon\u00e9s.<\/strong><\/p>\n<\/div>\n<div class=\"custom-text \" readability=\"37\">\n<p>Tambi\u00e9n hizo alusi\u00f3n a dos jugadores \u00aba los que admira mucho\u00bb y que son \u00abbuenos amigos\u00bb suyos, con los que comparti\u00f3 vestuario en la selecci\u00f3n espa\u00f1ola y que han pasado anteriormente por el club de Kobe, <strong>por el que el centrocampista acaba de firmar hasta el final de la presente temporada tras abandonar el Galatasaray turco.<\/strong><\/p>\n<\/div>\n<div class=\"custom-text \" readability=\"42\">\n<p>Mata tambi\u00e9n mencion\u00f3 a sus \u00abgrandes amigos\u00bb Bojan Krkic y Sergi Samper, quienes han formado parte del Vissel Kobe en los \u00faltimos a\u00f1os, y que \u00able han hablado muy bien del club y del pa\u00eds\u00bb, durante su presentaci\u00f3n ante los medios tras fichar por el club de Kobe. <strong>\u00abSiempre he sido un gran admirador de Jap\u00f3n y de su cultura, as\u00ed que es un gran honor estar aqu\u00ed\u00bb, dijo el volante,<\/strong> quien se marc\u00f3 como objetivo \u00abganar el torneo de la liga\u00bb, lo que ser\u00eda \u00abun nuevo t\u00edtulo en su carrera y ojal\u00e1 el primero de muchos en Jap\u00f3n\u00bb.<\/p>\n<\/div>\n<p><h2><strong>Su visi\u00f3n sobre la liga japonesa<\/strong><\/h2>\n<\/p>\n<div class=\"custom-text \" readability=\"43\">\n<p>Mata, de 35 a\u00f1os y quien ha jugado anteriormente en equipos como los mencionados Manchester United, Chelsea o Valencia,<strong> tiene \u00abmuy buenas primeras impresiones\u00bb de Jap\u00f3n y de su nuevo club, al que llega \u00abcon mucha humildad\u00bb, seg\u00fan dijo.<\/strong> \u00abCreo que en la liga japonesa hay jugadores muy fuertes y r\u00e1pidos, que hacen un juego muy intenso y duro f\u00edsicamente. Tambi\u00e9n creo que hay espacios para buscar buenos pases y asistir a los delanteros, <strong>y espero poder aportar lo mejor de m\u00ed mismo para ayudar a conseguir puntos al equipo\u00bb, se\u00f1al\u00f3 al ser preguntado sobre su opini\u00f3n de la competici\u00f3n japonesa.<\/strong><\/p>\n<\/div>\n<div class=\"custom-text \" readability=\"38\">\n<p>El centrocampista se une al Vissel Kobe hasta el final de la presente temporada, que concluir\u00e1 el pr\u00f3ximo mes de diciembre. El club se encuentra actualmente como l\u00edder del campeonato tras 25 jornadas disputadas, <strong>con 52 puntos, dos m\u00e1s que su m\u00e1ximo perseguidor, Yokohama Marinos.<\/strong><\/p>\n<\/div>\n<div class=\"sc-e7b891c4-0 jPbnQF\"><img alt=\"Mata en su presentaci\u00f3n en el Vissel Kobe. (Foto: @visselkobe)\" src=\"http:\/\/hoycordobaweb.com\/wp-content\/uploads\/2023\/09\/una-figura-de-la-premier-league-y-la-seleccion-espanola-consiguio-club-en-japon-2.jpg\" width=\"720\" height=\"100\" decoding=\"async\" data-nimg=\"future\" loading=\"lazy\"><span class=\"epigraphe\">Mata en su presentaci\u00f3n en el Vissel Kobe. (Foto: @visselkobe)<\/span><\/div>\n<div class=\"sc-a7166897-0 exHLBh\" readability=\"7\">\n<section readability=\"4\"><picture><img alt=\"Partidos de hoy y agenda del d\u00eda, domingo 3 de septiembre: hora y c\u00f3mo ver en vivo por tv \" src=\"http:\/\/hoycordobaweb.com\/wp-content\/uploads\/2023\/09\/una-figura-de-la-premier-league-y-la-seleccion-espanola-consiguio-club-en-japon-3.jpg\" width=\"290\" height=\"290\" decoding=\"async\" data-nimg=\"future\" loading=\"lazy\"><\/picture>\n<p><span>Mir\u00e1 tambi\u00e9n<\/span><\/p>\n<hr>\n<h3>Partidos de hoy y agenda del d\u00eda, domingo 3 de septiembre: hora y c\u00f3mo ver en vivo por tv <\/h3>\n<\/p>\n<\/section>\n<\/div>\n<div class=\"sc-a7166897-0 exHLBh\" readability=\"6\">\n<section readability=\"2\"><picture><img alt=\"Video: doblete de Chancalay y golazo de Rigoni en la MLS\" src=\"http:\/\/hoycordobaweb.com\/wp-content\/uploads\/2023\/09\/una-figura-de-la-premier-league-y-la-seleccion-espanola-consiguio-club-en-japon-4.jpg\" width=\"290\" height=\"290\" decoding=\"async\" data-nimg=\"future\" loading=\"lazy\"><\/picture>\n<p><span>Mir\u00e1 tambi\u00e9n<\/span><\/p>\n<hr>\n<h3>Video: doblete de Chancalay y golazo de Rigoni en la MLS<\/h3>\n<\/p>\n<\/section>\n<\/div>\n<div class=\"sc-a7166897-0 exHLBh\" readability=\"6.5\">\n<section readability=\"3\"><picture><img alt=\"Lucas Zelaray\u00e1n convirti\u00f3 su primer gol en Arabia Saudita y lo celebr\u00f3 emulando a la Mona Jim\u00e9nez\" src=\"http:\/\/hoycordobaweb.com\/wp-content\/uploads\/2023\/09\/una-figura-de-la-premier-league-y-la-seleccion-espanola-consiguio-club-en-japon-5.jpg\" width=\"290\" height=\"290\" decoding=\"async\" data-nimg=\"future\" loading=\"lazy\"><\/picture>\n<p><span>Mir\u00e1 tambi\u00e9n<\/span><\/p>\n<hr>\n<h3>Lucas Zelaray\u00e1n convirti\u00f3 su primer gol en Arabia Saudita y lo celebr\u00f3 emulando a la Mona Jim\u00e9nez<\/h3>\n<\/p>\n<\/section>\n<\/div>\n<\/div>\n","protected":false},"excerpt":{"rendered":"<p>03\/09\/2023 09:48hs. Actualizado al 03\/09\/2023 09:53hs. La rompi\u00f3 en el Chelsea con la 10 en la espalda y tambi\u00e9n dej\u00f3 su huella en el Manchester United. De bajo perfil y de t\u00e9cnica envidiable. Un jugador a la antigua, de los que cada vez se ven menos en un f\u00fatbol que demanda mucho m\u00e1s desde lo [&hellip;]<\/p>\n","protected":false},"author":1,"featured_media":65976,"comment_status":"open","ping_status":"closed","sticky":false,"template":"","format":"standard","meta":[],"categories":[16],"tags":[],"_links":{"self":[{"href":"http:\/\/hoycordobaweb.com\/index.php\/wp-json\/wp\/v2\/posts\/65975"}],"collection":[{"href":"http:\/\/hoycordobaweb.com\/index.php\/wp-json\/wp\/v2\/posts"}],"about":[{"href":"http:\/\/hoycordobaweb.com\/index.php\/wp-json\/wp\/v2\/types\/post"}],"author":[{"embeddable":true,"href":"http:\/\/hoycordobaweb.com\/index.php\/wp-json\/wp\/v2\/users\/1"}],"replies":[{"embeddable":true,"href":"http:\/\/hoycordobaweb.com\/index.php\/wp-json\/wp\/v2\/comments?post=65975"}],"version-history":[{"count":0,"href":"http:\/\/hoycordobaweb.com\/index.php\/wp-json\/wp\/v2\/posts\/65975\/revisions"}],"wp:featuredmedia":[{"embeddable":true,"href":"http:\/\/hoycordobaweb.com\/index.php\/wp-json\/wp\/v2\/media\/65976"}],"wp:attachment":[{"href":"http:\/\/hoycordobaweb.com\/index.php\/wp-json\/wp\/v2\/media?parent=65975"}],"wp:term":[{"taxonomy":"category","embeddable":true,"href":"http:\/\/hoycordobaweb.com\/index.php\/wp-json\/wp\/v2\/categories?post=65975"},{"taxonomy":"post_tag","embeddable":true,"href":"http:\/\/hoycordobaweb.com\/index.php\/wp-json\/wp\/v2\/tags?post=65975"}],"curies":[{"name":"wp","href":"https:\/\/api.w.org\/{rel}","templated":true}]}}