{"id":65940,"date":"2023-09-02T14:21:00","date_gmt":"2023-09-02T14:21:00","guid":{"rendered":"http:\/\/hoycordobaweb.com\/index.php\/2023\/09\/02\/a-50-dias-de-las-elecciones-empieza-formalmente-la-campana\/"},"modified":"2023-09-02T14:21:00","modified_gmt":"2023-09-02T14:21:00","slug":"a-50-dias-de-las-elecciones-empieza-formalmente-la-campana","status":"publish","type":"post","link":"http:\/\/hoycordobaweb.com\/index.php\/2023\/09\/02\/a-50-dias-de-las-elecciones-empieza-formalmente-la-campana\/","title":{"rendered":"A 50 d\u00edas de las elecciones, empieza formalmente la campa\u00f1a"},"content":{"rendered":"<p><img src=\"http:\/\/hoycordobaweb.com\/wp-content\/uploads\/2023\/09\/a-50-dias-de-las-elecciones-empieza-formalmente-la-campana.jpg\"><\/p>\n<figure class=\"mb-3\"><img loading=\"lazy\" data-src=\"http:\/\/hoycordobaweb.com\/wp-content\/uploads\/2023\/09\/a-50-dias-de-las-elecciones-empieza-formalmente-la-campana-2.jpg\" src=\"https:\/\/www.telam.com.ar\/assets\/img\/not_image.png\" class=\" lazy \" width=\"100%\" height=\"100%\" alt=\"Foto Natalia Daz\"><figcaption> Foto: Natalia D\u00edaz. <\/figcaption><\/figure>\n<p>A 50 d\u00edas de la elecci\u00f3n presidencial del 22 de octubre, <strong>el cronograma establecido por la C\u00e1mara Nacional Electoral <\/strong>(CNE) indica que este s\u00e1bado comienza formalmente la campa\u00f1a con vistas a esos comicios.<\/p>\n<p>Seg\u00fan el calendario electoral, tambi\u00e9n vence el plazo para el registro de candidatos proclamados en las PASO y el pedido de oficializaci\u00f3n de listas.<\/p>\n<p>Asimismo concluye el plazo para la designaci\u00f3n de dos responsables econ\u00f3mico-financieros por agrupaci\u00f3n pol\u00edtica as\u00ed como el plazo para la presentaci\u00f3n del informe final por lista ante ese responsable.<\/p>\n<blockquote class><p>El 27 de septiembre es la fecha establecida a partir de la cual se prohibir\u00e1 la realizaci\u00f3n de actos p\u00fablicos que busquen captar el voto<\/p><\/blockquote>\n<p>En tanto, <strong>el pr\u00f3ximo 17 de setiembre<\/strong> -35 d\u00edas antes de las elecciones- <strong>se dar\u00e1 inicio a la campa\u00f1a electoral en los medios de comunicaci\u00f3n<\/strong>, con una nueva tanda de spots de los cinco candidatos presidenciales que sortearon las PASO y quedaron en carrera para la elecci\u00f3n nacional.&nbsp;Cinco d\u00edas m\u00e1s tarde, el 22 de este mes, se proceder\u00e1 a la publicaci\u00f3n oficial del padr\u00f3n definitivo.<\/p>\n<p>En tanto, el 27 de septiembre es la fecha establecida a partir de la cual se prohibir\u00e1 la realizaci\u00f3n de actos p\u00fablicos que busquen captar el voto.&nbsp;Pero la fecha que m\u00e1s atraer\u00e1 a los votantes ser\u00e1 la del<strong> 1 de octubre, d\u00eda en que se realizar\u00e1 el primer debate presidencial<\/strong> obligatorio.&nbsp;Una semana m\u00e1s tarde, el 8 de octubre, se realizar\u00e1 el segundo debate.<\/p>\n<figure class=\"mb-3\"><img loading=\"lazy\" data-src=\"http:\/\/hoycordobaweb.com\/wp-content\/uploads\/2023\/09\/a-50-dias-de-las-elecciones-empieza-formalmente-la-campana-3.jpg\" src=\"https:\/\/www.telam.com.ar\/assets\/img\/not_image.png\" class=\" lazy \" width=\"100%\" height=\"100%\" alt=\"Foto Natalia Guerrero\"><figcaption> Foto: Natalia Guerrero. <\/figcaption><\/figure>\n<p>Por otra parte,<strong> la campa\u00f1a terminar\u00e1 el 20 de octubre<\/strong>, fecha en que comienza la veda electoral de cara a las elecciones generales que ser\u00e1n el 22.<\/p>\n<p>En caso de que exista una segunda vuelta, el 12 de noviembre se organizar\u00e1 el debate presidencial obligatorio; y el 19 de ese mes el balotaje.<\/p>\n<p>Para ser electo Presidente en primera vuelta, <strong>el candidato m\u00e1s votado debe obtener el 45% de los votos o el 40% y una diferencia de 10 puntos<\/strong> con el segundo postulante.<\/p>\n<p>Caso contrario habr\u00e1 balotaje, que seg\u00fan la Ley debe realizarse dentro de los 30 d\u00edas de realizada la elecci\u00f3n general.<\/p>\n","protected":false},"excerpt":{"rendered":"<p>Foto: Natalia D\u00edaz. A 50 d\u00edas de la elecci\u00f3n presidencial del 22 de octubre, el cronograma establecido por la C\u00e1mara Nacional Electoral (CNE) indica que este s\u00e1bado comienza formalmente la campa\u00f1a con vistas a esos comicios. Seg\u00fan el calendario electoral, tambi\u00e9n vence el plazo para el registro de candidatos proclamados en las PASO y el [&hellip;]<\/p>\n","protected":false},"author":1,"featured_media":65941,"comment_status":"open","ping_status":"closed","sticky":false,"template":"","format":"standard","meta":[],"categories":[19],"tags":[],"_links":{"self":[{"href":"http:\/\/hoycordobaweb.com\/index.php\/wp-json\/wp\/v2\/posts\/65940"}],"collection":[{"href":"http:\/\/hoycordobaweb.com\/index.php\/wp-json\/wp\/v2\/posts"}],"about":[{"href":"http:\/\/hoycordobaweb.com\/index.php\/wp-json\/wp\/v2\/types\/post"}],"author":[{"embeddable":true,"href":"http:\/\/hoycordobaweb.com\/index.php\/wp-json\/wp\/v2\/users\/1"}],"replies":[{"embeddable":true,"href":"http:\/\/hoycordobaweb.com\/index.php\/wp-json\/wp\/v2\/comments?post=65940"}],"version-history":[{"count":0,"href":"http:\/\/hoycordobaweb.com\/index.php\/wp-json\/wp\/v2\/posts\/65940\/revisions"}],"wp:featuredmedia":[{"embeddable":true,"href":"http:\/\/hoycordobaweb.com\/index.php\/wp-json\/wp\/v2\/media\/65941"}],"wp:attachment":[{"href":"http:\/\/hoycordobaweb.com\/index.php\/wp-json\/wp\/v2\/media?parent=65940"}],"wp:term":[{"taxonomy":"category","embeddable":true,"href":"http:\/\/hoycordobaweb.com\/index.php\/wp-json\/wp\/v2\/categories?post=65940"},{"taxonomy":"post_tag","embeddable":true,"href":"http:\/\/hoycordobaweb.com\/index.php\/wp-json\/wp\/v2\/tags?post=65940"}],"curies":[{"name":"wp","href":"https:\/\/api.w.org\/{rel}","templated":true}]}}