{"id":65934,"date":"2023-09-02T15:15:37","date_gmt":"2023-09-02T15:15:37","guid":{"rendered":"https:\/\/www.trendencias.com\/shopping\/lidl-estanteria-que-pondra-orden-nuestra-casa-a-partir-septiembre-20-euros"},"modified":"2023-09-02T15:15:37","modified_gmt":"2023-09-02T15:15:37","slug":"lidl-y-la-estanteria-que-pondra-orden-en-nuestra-casa-a-partir-de-septiembre-por-menos-de-20-euros","status":"publish","type":"post","link":"http:\/\/hoycordobaweb.com\/index.php\/2023\/09\/02\/lidl-y-la-estanteria-que-pondra-orden-en-nuestra-casa-a-partir-de-septiembre-por-menos-de-20-euros\/","title":{"rendered":"Lidl y la estanter\u00eda que pondr\u00e1 orden en nuestra casa a partir de septiembre por menos de 20 euros"},"content":{"rendered":"<p>Una estanter\u00eda es un mueble que nos puede <strong>solucionar muchos problemas de almacenamiento<\/strong>. Adem\u00e1s, existen muchos tipos que se integran perfectamente en nuestra decoraci\u00f3n dejando un resultado magn\u00edfico y que combina a la perfecci\u00f3n con todos los <a href=\"https:\/\/www.trendencias.com\/diseno\/19-basicos-zara-home-para-decorar-salon\">b\u00e1sicos de Zara Home<\/a> en cuanto a decoraci\u00f3n. Igualmente, transforma nuestro espacio y podremos organizarla como m\u00e1s nos apetezca con nuestrs <a href=\"https:\/\/www.trendencias.com\/propuestas-y-consejos\/15-mejores-libros-historia-que-te-engancharan-principio-a-fin\">mejores libros<\/a> u otros objetos.<\/p>\n<p><!-- BREAK 1 --> <!-- PIVOT START --><\/p>\n<div class=\"pivot-ecommerce-container \">\n<div class=\"pivot-ecommerce\">\n<div class=\"pivot-ecommerce-figure\"> <a rel=\"nofollow noopener noreferrer\" target=\"_blank\" href=\"https:\/\/www.trendencias.com\/redirect?url=https%3A%2F%2Fwww.lidl.es%2Fes%2Festanteria-de-cubos%2Fp44652&amp;category=shopping&amp;pivot=1&amp;ecomPostExpiration=perish&amp;postId=451287\"> <img alt=\"Estanter\u00eda de cubo\" src=\"http:\/\/hoycordobaweb.com\/wp-content\/uploads\/2023\/09\/lidl-y-la-estanteria-que-pondra-orden-en-nuestra-casa-a-partir-de-septiembre-por-menos-de-20-euros.png\"> <\/a> <\/div>\n<div class=\"pivot-ecommerce-summary\">\n<p class=\"pivot-ecommerce-desc\">Estanter\u00eda de cubo<\/p>\n<\/p><\/div><\/div><\/div>\n<p><!-- PIVOT END --><\/p>\n<p>Con una amplia gama de estilos, tama\u00f1os y materiales disponibles, las estanter\u00edas se adaptan a cualquier decoraci\u00f3n y necesidad. <strong>Desde las cl\u00e1sicas estanter\u00edas de madera <\/strong>que aportan calidez y elegancia<strong>, hasta las modernas estanter\u00edas met\u00e1licas <\/strong>que agregan un toque industrial, siempre hay una opci\u00f3n que se ajusta a tu estilo y espacio.<\/p>\n<p><!-- BREAK 2 --><\/p>\n<div class=\"article-asset-image article-asset-normal article-asset-center\">\n<div class=\"asset-content\">\n<div class=\"base-wrapper-image\"> <a class=\"js-ecommerce\" href=\"https:\/\/www.trendencias.com\/redirect?url=https%3A%2F%2Fwww.lidl.es%2Fes%2Festanteria-de-cubos%2Fp44652&amp;category=shopping&amp;ecomPostExpiration=perish&amp;postId=451287\" data-vars-affiliate-url=\"https:\/\/www.trendencias.com\/redirect?url=https%3A%2F%2Fwww.lidl.es%2Fes%2Festanteria-de-cubos%2Fp44652&amp;category=shopping&amp;ecomPostExpiration=perish&amp;postId=451287\"> <img class=\"sf-lazy centro_sinmarco\" data-sf-srcset=\"http:\/\/hoycordobaweb.com\/wp-content\/uploads\/2023\/09\/lidl-y-la-estanteria-que-pondra-orden-en-nuestra-casa-a-partir-de-septiembre-por-menos-de-20-euros-1.png 450w, http:\/\/hoycordobaweb.com\/wp-content\/uploads\/2023\/09\/lidl-y-la-estanteria-que-pondra-orden-en-nuestra-casa-a-partir-de-septiembre-por-menos-de-20-euros-3.png 681w,http:\/\/hoycordobaweb.com\/wp-content\/uploads\/2023\/09\/lidl-y-la-estanteria-que-pondra-orden-en-nuestra-casa-a-partir-de-septiembre-por-menos-de-20-euros-4.png 1024w, http:\/\/hoycordobaweb.com\/wp-content\/uploads\/2023\/09\/lidl-y-la-estanteria-que-pondra-orden-en-nuestra-casa-a-partir-de-septiembre-por-menos-de-20-euros-5.png 1366w,\" data-sf-src=\"http:\/\/hoycordobaweb.com\/wp-content\/uploads\/2023\/09\/lidl-y-la-estanteria-que-pondra-orden-en-nuestra-casa-a-partir-de-septiembre-por-menos-de-20-euros-1.png\" alt=\"Captura De Pantalla 2023 09 02 A Las 17 07 04\"> <noscript><img alt=\"Captura De Pantalla 2023 09 02 A Las 17 07 04\" class=\"centro_sinmarco\" src=\"http:\/\/hoycordobaweb.com\/wp-content\/uploads\/2023\/09\/lidl-y-la-estanteria-que-pondra-orden-en-nuestra-casa-a-partir-de-septiembre-por-menos-de-20-euros-1.png\"><\/noscript> <\/a> <\/div><\/div>\n<\/div>\n<p>En Lidl hemos encontrado una soluci\u00f3n perfecta en color gris oscuro en forma de cubo. Cuenta con <strong>seis compartimentos abiertos<\/strong> con un montaje muy sencillo en el que no se necesitan herramientas y tiene uniones encajables similares a un rompecabezas. Es perfecto para techos oblicuos, aunque podemos instalarlo en cualquier casa.<\/p>\n<p><!-- BREAK 3 --> <\/p>\n<div class=\"article-asset article-asset-normal article-asset-center\">\n<div class=\"desvio-container\">\n<div class=\"desvio\">\n<div class=\"desvio-figure js-desvio-figure\"> <a href=\"https:\/\/www.trendencias.com\/shopping\/orquidea-eterna-lidl-no-necesita-complicados-cuidados-embellece-cualquier-habitacion-esfuerzo\"> <img alt=\"La orqu\u00eddea eterna de Lidl no necesita complicados cuidados y embellece cualquier habitaci\u00f3n sin esfuerzo \" src=\"http:\/\/hoycordobaweb.com\/wp-content\/uploads\/2023\/09\/lidl-y-la-estanteria-que-pondra-orden-en-nuestra-casa-a-partir-de-septiembre-por-menos-de-20-euros.jpg\"> <\/a> <\/div><\/div><\/div>\n<\/div>\n<p>La estanter\u00eda est\u00e1 fabricada en pl\u00e1stico y el armaz\u00f3n es resistente y cuenta con un tejido f\u00e1cil de limpiar. Las dimensiones son <strong>106 x 110 x 30 cm <\/strong>y su precio en Lidl es <a class=\"js-ecommerce\" href=\"https:\/\/www.trendencias.com\/redirect?url=https%3A%2F%2Fwww.lidl.es%2Fes%2Festanteria-de-cubos%2Fp44652&amp;category=shopping&amp;ecomPostExpiration=perish&amp;postId=451287\" data-vars-affiliate-url=\"https:\/\/www.trendencias.com\/redirect?url=https%3A%2F%2Fwww.lidl.es%2Fes%2Festanteria-de-cubos%2Fp44652&amp;category=shopping&amp;ecomPostExpiration=perish&amp;postId=451287\">19,99 euros<\/a>.<\/p>\n<p><!-- BREAK 4 --><\/p>\n<h2><strong>Las editoras de Trendencias recomiendan<\/strong><\/h2>\n<p><!-- PIVOT START --><\/p>\n<div class=\"pivot-ecommerce-container \">\n<div class=\"pivot-ecommerce\" readability=\"9.7058823529412\">\n<div class=\"pivot-ecommerce-figure\"> <a rel=\"nofollow noopener noreferrer\" target=\"_blank\" href=\"https:\/\/www.trendencias.com\/redirect?url=https%3A%2F%2Fwww.amazon.es%2Fdp%2FB01MTJTMPT%3Ftag%3Dtrendencias-21%26linkCode%3Dogi%26th%3D1%26psc%3D1&amp;category=shopping&amp;pivot=1&amp;ecomPostExpiration=perish&amp;postId=451287\"> <img alt=\"VASAGLE Biblioteca, Librer\u00eda, Estanter\u00eda de Libros con 3 Compartimentos, Estanter\u00eda de Archivo, Estantes Ajustbles, para Sal\u00f3n, Habitaci\u00f3n Infantil, Oficina, 40 x 24 x 93 cm, Blanco LBC103W\" src=\"http:\/\/hoycordobaweb.com\/wp-content\/uploads\/2023\/09\/lidl-y-la-estanteria-que-pondra-orden-en-nuestra-casa-a-partir-de-septiembre-por-menos-de-20-euros-1.jpg\"> <\/a> <\/div>\n<div class=\"pivot-ecommerce-summary\" readability=\"15\">\n<p class=\"pivot-ecommerce-desc\">VASAGLE Biblioteca, Librer\u00eda, Estanter\u00eda de Libros con 3 Compartimentos, Estanter\u00eda de Archivo, Estantes Ajustbles, para Sal\u00f3n, Habitaci\u00f3n Infantil, Oficina, 40 x 24 x 93 cm, Blanco LBC103W<\/p>\n<\/p><\/div><\/div><\/div>\n<p><!-- PIVOT END --><br \/>\n<!-- PIVOT START --><\/p>\n<div class=\"pivot-ecommerce-container \">\n<div class=\"pivot-ecommerce\" readability=\"4.9205607476636\">\n<div class=\"pivot-ecommerce-figure\"> <a rel=\"nofollow noopener noreferrer\" target=\"_blank\" href=\"https:\/\/www.trendencias.com\/redirect?url=https%3A%2F%2Fwww.amazon.es%2Fdp%2FB089N1P9FW%3Ftag%3Dtrendencias-21%26linkCode%3Dogi%26th%3D1%26psc%3D1&amp;category=shopping&amp;pivot=1&amp;ecomPostExpiration=perish&amp;postId=451287\"> <img alt=\"LOLAhome Estanter\u00eda Cubo de Madera MDF Blanca contempor\u00e1nea, de 60x29x120 cm -\" src=\"http:\/\/hoycordobaweb.com\/wp-content\/uploads\/2023\/09\/lidl-y-la-estanteria-que-pondra-orden-en-nuestra-casa-a-partir-de-septiembre-por-menos-de-20-euros-2.jpg\"> <\/a> <\/div>\n<div class=\"pivot-ecommerce-summary\" readability=\"6.0560747663551\">\n<p class=\"pivot-ecommerce-desc\">LOLAhome Estanter\u00eda Cubo de Madera MDF Blanca contempor\u00e1nea, de 60x29x120 cm &#8211;<\/p>\n<\/p><\/div><\/div><\/div>\n<p><!-- PIVOT END --><br \/>\n<!-- PIVOT START --><\/p>\n<div class=\"pivot-ecommerce-container \">\n<div class=\"pivot-ecommerce\" readability=\"4.9910714285714\">\n<div class=\"pivot-ecommerce-figure\"> <a rel=\"nofollow noopener noreferrer\" target=\"_blank\" href=\"https:\/\/www.trendencias.com\/redirect?url=https%3A%2F%2Fwww.amazon.es%2Fdp%2FB089MZSTTK%3Ftag%3Dtrendencias-21%26linkCode%3Dogi%26th%3D1%26psc%3D1&amp;category=shopping&amp;pivot=1&amp;ecomPostExpiration=perish&amp;postId=451287\"> <img alt=\"LOLAhome Estanter\u00eda Cubo de Madera MDF Gris y Natural contempor\u00e1nea, de 60x29x62 cm\" src=\"http:\/\/hoycordobaweb.com\/wp-content\/uploads\/2023\/09\/lidl-y-la-estanteria-que-pondra-orden-en-nuestra-casa-a-partir-de-septiembre-por-menos-de-20-euros-3.jpg\"> <\/a> <\/div>\n<div class=\"pivot-ecommerce-summary\" readability=\"6.1428571428571\">\n<p class=\"pivot-ecommerce-desc\">LOLAhome Estanter\u00eda Cubo de Madera MDF Gris y Natural contempor\u00e1nea, de 60x29x62 cm<\/p>\n<\/p><\/div><\/div><\/div>\n<p><!-- PIVOT END --><\/p>\n<div class=\"article-asset-image article-asset-small article-asset-center\">\n<div class=\"asset-content\">\n<div class=\"base-wrapper-image\"> <a href=\"https:\/\/t.me\/trendenciasshop\"> <img class=\"sf-lazy centro_sinmarco\" data-sf-srcset=\"http:\/\/hoycordobaweb.com\/wp-content\/uploads\/2023\/09\/lidl-y-la-estanteria-que-pondra-orden-en-nuestra-casa-a-partir-de-septiembre-por-menos-de-20-euros-2.png 450w, http:\/\/hoycordobaweb.com\/wp-content\/uploads\/2023\/09\/lidl-y-la-estanteria-que-pondra-orden-en-nuestra-casa-a-partir-de-septiembre-por-menos-de-20-euros-6.png 681w,http:\/\/hoycordobaweb.com\/wp-content\/uploads\/2023\/09\/lidl-y-la-estanteria-que-pondra-orden-en-nuestra-casa-a-partir-de-septiembre-por-menos-de-20-euros-7.png 1024w, http:\/\/hoycordobaweb.com\/wp-content\/uploads\/2023\/09\/lidl-y-la-estanteria-que-pondra-orden-en-nuestra-casa-a-partir-de-septiembre-por-menos-de-20-euros-8.png 1366w,\" data-sf-src=\"http:\/\/hoycordobaweb.com\/wp-content\/uploads\/2023\/09\/lidl-y-la-estanteria-que-pondra-orden-en-nuestra-casa-a-partir-de-septiembre-por-menos-de-20-euros-2.png\" alt=\"telegram\"> <noscript><img alt=\"telegram\" class=\"centro_sinmarco\" src=\"http:\/\/hoycordobaweb.com\/wp-content\/uploads\/2023\/09\/lidl-y-la-estanteria-que-pondra-orden-en-nuestra-casa-a-partir-de-septiembre-por-menos-de-20-euros-2.png\"><\/noscript> <\/a> <\/div><\/div>\n<\/div>\n<p><em>Puedes estar al d\u00eda y en cada momento informado de las principales ofertas y novedades de Trendencias Shopping en nuestro canal de <\/em><a href=\"https:\/\/t.me\/trendenciasshop\" rel=\"noopener noreferrer\" data-id=\"noopener noreferrer\"><em>Telegram<\/em><\/a><em> o en nuestros perfiles de <\/em><a href=\"https:\/\/www.instagram.com\/trendencias\/\" rel=\"noopener noreferrer\" data-id=\"noopener noreferrer\"><em>Instagram<\/em><\/a><em>, <\/em><a href=\"https:\/\/www.facebook.com\/Trendencias\/\" rel=\"noopener noreferrer\" data-id=\"noopener noreferrer\"><em>Facebook<\/em><\/a><em> y la revista <\/em><a href=\"https:\/\/flipboard.com\/@Trendencias\" rel=\"noopener noreferrer\" data-id=\"noopener noreferrer\"><em>Flipboard<\/em><\/a><em>. <\/em>Recuerda que puedes suscribirte en <a href=\"http:\/\/amazon.es\/pruebaprime\" rel=\"noopener noreferrer\" data-id=\"noopener noreferrer\">Amazon Prime<\/a> con 30 d\u00edas de prueba gratuita.<\/p>\n<p><!-- BREAK 5 --><\/p>\n<p><em>Nota: algunos de los enlaces de este art\u00edculo son afiliados y pueden reportar un beneficio a Trendencias.<\/em><\/p>\n<p><!-- BREAK 6 --> <\/p>\n<p>En Trendencias | <a href=\"https:\/\/www.trendencias.com\/propuestas-y-consejos\/estos-vestidos-tendencia-esta-temporada-primavera-verano-2023-vamos-todo\" rel=\"noopener noreferrer\" data-id=\"noopener noreferrer\">Estos son los vestidos tendencia de esta temporada primavera-verano 2023: vamos con todo<\/a><\/p>\n<p><!-- BREAK 7 --><\/p>\n<p>En Trendencias | <a href=\"https:\/\/www.trendencias.com\/propuestas-y-consejos\/estos-regalos-revistas-mes-julio-2023-vas-a-quererlos-todos\" rel=\"noopener noreferrer\" data-id=\"noopener noreferrer\">Estos son los regalos de las revistas del mes de julio 2023: vas a quererlos todos<\/a><\/p>\n<p><!-- BREAK 8 --><\/p>\n<p>En Trendencias | <a href=\"https:\/\/www.trendencias.com\/propuestas-y-consejos\/21-vestidos-invitada-boda-colores-precio-zara-mango-asos-corte-ingles-h-m\" rel=\"noopener noreferrer\" data-id=\"noopener noreferrer\">41 vestidos de invitada de boda por colores y precio de Zara, Mango, Asos, El Corte Ingl\u00e9s, H&amp;M y m\u00e1s<\/a><\/p>\n<p><!-- BREAK 9 --><\/p>\n<p>Fotos |Lidl, <a href=\"https:\/\/www.instagram.com\/p\/Creuoc5LyML\/?img_index=3\">@stepsofstyle<\/a><\/p>\n","protected":false},"excerpt":{"rendered":"<p>Una estanter\u00eda es un mueble que nos puede solucionar muchos problemas de almacenamiento. Adem\u00e1s, existen muchos tipos que se integran perfectamente en nuestra decoraci\u00f3n dejando un resultado magn\u00edfico y que combina a la perfecci\u00f3n con todos los b\u00e1sicos de Zara Home en cuanto a decoraci\u00f3n. Igualmente, transforma nuestro espacio y podremos organizarla como m\u00e1s nos [&hellip;]<\/p>\n","protected":false},"author":1,"featured_media":65935,"comment_status":"closed","ping_status":"closed","sticky":false,"template":"","format":"standard","meta":[],"categories":[1],"tags":[],"_links":{"self":[{"href":"http:\/\/hoycordobaweb.com\/index.php\/wp-json\/wp\/v2\/posts\/65934"}],"collection":[{"href":"http:\/\/hoycordobaweb.com\/index.php\/wp-json\/wp\/v2\/posts"}],"about":[{"href":"http:\/\/hoycordobaweb.com\/index.php\/wp-json\/wp\/v2\/types\/post"}],"author":[{"embeddable":true,"href":"http:\/\/hoycordobaweb.com\/index.php\/wp-json\/wp\/v2\/users\/1"}],"replies":[{"embeddable":true,"href":"http:\/\/hoycordobaweb.com\/index.php\/wp-json\/wp\/v2\/comments?post=65934"}],"version-history":[{"count":0,"href":"http:\/\/hoycordobaweb.com\/index.php\/wp-json\/wp\/v2\/posts\/65934\/revisions"}],"wp:featuredmedia":[{"embeddable":true,"href":"http:\/\/hoycordobaweb.com\/index.php\/wp-json\/wp\/v2\/media\/65935"}],"wp:attachment":[{"href":"http:\/\/hoycordobaweb.com\/index.php\/wp-json\/wp\/v2\/media?parent=65934"}],"wp:term":[{"taxonomy":"category","embeddable":true,"href":"http:\/\/hoycordobaweb.com\/index.php\/wp-json\/wp\/v2\/categories?post=65934"},{"taxonomy":"post_tag","embeddable":true,"href":"http:\/\/hoycordobaweb.com\/index.php\/wp-json\/wp\/v2\/tags?post=65934"}],"curies":[{"name":"wp","href":"https:\/\/api.w.org\/{rel}","templated":true}]}}