{"id":65926,"date":"2023-09-02T12:56:38","date_gmt":"2023-09-02T12:56:38","guid":{"rendered":"https:\/\/www.ole.com.ar\/futbol-internacional\/espana\/barcelona-joao-felix-cancelo_0_uuZLCEL29E.html"},"modified":"2023-09-02T12:56:38","modified_gmt":"2023-09-02T12:56:38","slug":"joao-felix-y-cancelo-fueron-presentados-en-barcelona-cuando-podrian-debutar","status":"publish","type":"post","link":"http:\/\/hoycordobaweb.com\/index.php\/2023\/09\/02\/joao-felix-y-cancelo-fueron-presentados-en-barcelona-cuando-podrian-debutar\/","title":{"rendered":"Joao F\u00e9lix y Cancelo fueron presentados en Barcelona: cu\u00e1ndo podr\u00edan debutar"},"content":{"rendered":"<p><img src=\"http:\/\/hoycordobaweb.com\/wp-content\/uploads\/2023\/09\/joao-felix-y-cancelo-fueron-presentados-en-barcelona-cuando-podrian-debutar.jpg\"><\/p>\n<p><time class=\"createDate\" datetime=\"2023-09-02T09:56:38-03:00\">02\/09\/2023 09:56hs.<\/time><time class=\"modificatedDate\" datetime=\"2023-09-02T09:56:37-03:00\"><\/time><\/p>\n<div id=\"storyBody\">\n<div class=\"custom-text \" readability=\"35\">\n<p><strong>Joao F\u00e9lix<\/strong> y <strong>Joao Cancelo <\/strong>fueron presentados como nuevos refuerzos del <strong>Barcelona<\/strong> al igual que<strong> \u00cd\u00f1igo Mart\u00ednez<\/strong> e <strong>I\u00f1aki Pe\u00f1a<\/strong>. En este contexto, tanto el delantero -ex Atl\u00e9tico Madrid- como el defensor -proveniente del Manchester City- hablaron del desaf\u00edo que implica vestir esta camiseta.<\/p>\n<\/div>\n<div class=\"custom-text \" readability=\"39\">\n<p>\u00ab<strong>Todos saben lo contento que estoy de estar aqu\u00ed. Siempre he trabajado para estar en este club, era un sue\u00f1o que ten\u00eda desde que ve\u00eda al Bar\u00e7a de ni\u00f1o. Es un sentimiento \u00fanico. Vengo a ayudar y a ser uno m\u00e1s<\/strong>\u00ab, asegur\u00f3 Joao F\u00e9lix. Siguiendo la misma l\u00ednea, Cancelo reconoci\u00f3: \u00ab<strong>Todos mis \u00eddolos jugaron aqu\u00ed. Me identifico con la cultura del juego de posici\u00f3n, de estar siempre en el campo rival. Este es el mejor club para mi f\u00fatbol<\/strong>\u00ab.<\/p>\n<\/div>\n<div class=\"custom-text \" readability=\"39\">\n<p>Una vez que finalizaron sus respectivas declaraciones, tom\u00f3 la palabra Joan Laporta, presidente de la instituci\u00f3n. \u00abHoy es un d\u00eda muy importante para la historia del club. Joao (F\u00e9lix) es un jugador de gran talento, que con nuestro sistema podr\u00e1 expresar plenamente. Sabemos que est\u00e1 muy motivado y nosotros tambi\u00e9n. Con \u00e9l mejora mucho la plantilla\u00bb, remarc\u00f3. <\/p>\n<\/div>\n<div class=\"custom-text \" readability=\"40\">\n<p>En este sentido, la m\u00e1xima autoridad del club, tambi\u00e9n se refiri\u00f3 a la contrataci\u00f3n de Cancelo. \u00abEs un talento extraordinario, un especialista en el lateral derecho que tanto el entrenador como el director t\u00e9cnico quer\u00edan incorporar. Es muy vers\u00e1til, un jugador con mucha experiencia para su edad y que ser\u00e1 una pieza fundamental. Con jugadores como \u00e9l podemos aspirar a ganarlo todo\u00bb, resalt\u00f3.<\/p>\n<\/div>\n<div class=\"sc-e7b891c4-0 jPbnQF\"><img alt=\"Joao Cancelo en la presentaci\u00f3n. (AFP)\" src=\"http:\/\/hoycordobaweb.com\/wp-content\/uploads\/2023\/09\/joao-felix-y-cancelo-fueron-presentados-en-barcelona-cuando-podrian-debutar-2.jpg\" width=\"720\" height=\"100\" decoding=\"async\" data-nimg=\"future\" loading=\"lazy\"><span class=\"epigraphe\">Joao Cancelo en la presentaci\u00f3n. (AFP)<\/span><\/div>\n<div class=\"sc-e7b891c4-0 jPbnQF\"><img alt=\"Joao Felix en la presentaci\u00f3n. (AFP)\" src=\"http:\/\/hoycordobaweb.com\/wp-content\/uploads\/2023\/09\/joao-felix-y-cancelo-fueron-presentados-en-barcelona-cuando-podrian-debutar-3.jpg\" width=\"720\" height=\"100\" decoding=\"async\" data-nimg=\"future\" loading=\"lazy\"><span class=\"epigraphe\">Joao Felix en la presentaci\u00f3n. (AFP)<\/span><\/div>\n<p><h2>Cu\u00e1ndo podr\u00edan debutar Joao F\u00e9lix y Cancelo<\/h2>\n<\/p>\n<div class=\"custom-text \" readability=\"36\">\n<p>Con este panorama en puerta, <strong>ambos fueron convocados de cara al pr\u00f3ximo partido<\/strong>. En esta oportunidad, los dirigidos por Xavi -que est\u00e1n en el cuarto puesto de la tabla de posiciones- enfrentar\u00e1n al <strong>Osasuna <\/strong>el domingo 3 de septiembre por la cuarta fecha de la Liga.<\/p>\n<\/div>\n<\/div>\n","protected":false},"excerpt":{"rendered":"<p>02\/09\/2023 09:56hs. Joao F\u00e9lix y Joao Cancelo fueron presentados como nuevos refuerzos del Barcelona al igual que \u00cd\u00f1igo Mart\u00ednez e I\u00f1aki Pe\u00f1a. En este contexto, tanto el delantero -ex Atl\u00e9tico Madrid- como el defensor -proveniente del Manchester City- hablaron del desaf\u00edo que implica vestir esta camiseta. \u00abTodos saben lo contento que estoy de estar aqu\u00ed. [&hellip;]<\/p>\n","protected":false},"author":1,"featured_media":65927,"comment_status":"open","ping_status":"closed","sticky":false,"template":"","format":"standard","meta":[],"categories":[16],"tags":[],"_links":{"self":[{"href":"http:\/\/hoycordobaweb.com\/index.php\/wp-json\/wp\/v2\/posts\/65926"}],"collection":[{"href":"http:\/\/hoycordobaweb.com\/index.php\/wp-json\/wp\/v2\/posts"}],"about":[{"href":"http:\/\/hoycordobaweb.com\/index.php\/wp-json\/wp\/v2\/types\/post"}],"author":[{"embeddable":true,"href":"http:\/\/hoycordobaweb.com\/index.php\/wp-json\/wp\/v2\/users\/1"}],"replies":[{"embeddable":true,"href":"http:\/\/hoycordobaweb.com\/index.php\/wp-json\/wp\/v2\/comments?post=65926"}],"version-history":[{"count":0,"href":"http:\/\/hoycordobaweb.com\/index.php\/wp-json\/wp\/v2\/posts\/65926\/revisions"}],"wp:featuredmedia":[{"embeddable":true,"href":"http:\/\/hoycordobaweb.com\/index.php\/wp-json\/wp\/v2\/media\/65927"}],"wp:attachment":[{"href":"http:\/\/hoycordobaweb.com\/index.php\/wp-json\/wp\/v2\/media?parent=65926"}],"wp:term":[{"taxonomy":"category","embeddable":true,"href":"http:\/\/hoycordobaweb.com\/index.php\/wp-json\/wp\/v2\/categories?post=65926"},{"taxonomy":"post_tag","embeddable":true,"href":"http:\/\/hoycordobaweb.com\/index.php\/wp-json\/wp\/v2\/tags?post=65926"}],"curies":[{"name":"wp","href":"https:\/\/api.w.org\/{rel}","templated":true}]}}