{"id":65914,"date":"2023-09-02T14:28:49","date_gmt":"2023-09-02T14:28:49","guid":{"rendered":"https:\/\/www.ole.com.ar\/boca-juniors\/boca-bajas-fecha-fifa-copa-argentina_0_aa5iVfE8rv.html"},"modified":"2023-09-02T14:28:49","modified_gmt":"2023-09-02T14:28:49","slug":"por-la-fecha-fifa-boca-sumo-la-cuarta-baja-para-la-copa-argentina","status":"publish","type":"post","link":"http:\/\/hoycordobaweb.com\/index.php\/2023\/09\/02\/por-la-fecha-fifa-boca-sumo-la-cuarta-baja-para-la-copa-argentina\/","title":{"rendered":"Por la fecha FIFA: Boca sum\u00f3 la cuarta baja para la Copa Argentina"},"content":{"rendered":"<p><img src=\"http:\/\/hoycordobaweb.com\/wp-content\/uploads\/2023\/09\/por-la-fecha-fifa-boca-sumo-la-cuarta-baja-para-la-copa-argentina.jpg\"><\/p>\n<p><time class=\"createDate\" datetime=\"2023-09-02T11:28:49-03:00\">02\/09\/2023 11:28hs.<\/time><time class=\"modificatedDate\" datetime=\"2023-09-02T11:38:004-03:00\"> Actualizado al 02\/09\/2023 11:38hs.<\/time><\/p>\n<div id=\"storyBody\">\n<div class=\"custom-text \" readability=\"33.563909774436\">\n<p><strong><a href=\"https:\/\/www.ole.com.ar\/tema\/boca-juniors.html\" title=\"Boca Juniors\" alt=\"Boca Juniors\" class=\"slug\">Boca<\/a> sumar\u00e1 una nueva baja para los octavos de final de la <a href=\"https:\/\/www.ole.com.ar\/tema\/copa-argentina.html\" title=\"Copa Argentina\" alt=\"Copa Argentina\" class=\"slug\">Copa Argentina<\/a><\/strong>, el domingo 10 ante Almagro en La Rioja, y as\u00ed ser\u00e1n cuatro en total por distintas convocatorias a la fecha FIFA para el arranque de las Eliminatorias Sudamericanas para el Mundial de 2026. <\/p>\n<\/div>\n<div class=\"custom-text \" readability=\"35.072916666667\">\n<p><strong>El cuarto ausente ser\u00e1 <a href=\"https:\/\/www.ole.com.ar\/tema\/luis-advincula.html\" title=\"Luis Adv\u00edncula\" alt=\"Luis Adv\u00edncula\" class=\"slug\">Luis Adv\u00edncula<\/a>, convocado por la selecci\u00f3n de Per\u00fa <\/strong>como parte de la lista de 27 jugadores para arrancar el camino al Mundial de Canad\u00e1, Estados Unidos y M\u00e9xico, el jueves 9 como visitante de Paraguay y el martes 12 de local en el estadio Nacional ante Brasil.<\/p>\n<\/div>\n<div class=\"custom-text \" readability=\"34.776824034335\">\n<p>Adv\u00edncula<strong> es importante para <a href=\"https:\/\/www.ole.com.ar\/tema\/jorge-almiron.html\" title=\"Jorge Almir\u00f3n\" alt=\"Jorge Almir\u00f3n\" class=\"slug\">Jorge Almir\u00f3n<\/a> <\/strong>por su capacidad para jugar en cualquier posici\u00f3n de la banda derecha, en el lateral, en el mediocampo y hasta de extremo. Eso s\u00ed, en la n\u00f3mina entrega por Per\u00fa figura como defensor&#8230;<\/p>\n<\/div>\n<div class=\"custom-text \" readability=\"34.153374233129\">\n<p>Su ausencia <strong>se suma a las de<a href=\"https:\/\/www.ole.com.ar\/tema\/cristian-medina.html\" title=\"Cristian Medina\" alt=\"Cristian Medina\" class=\"slug\"> Cristian Medina<\/a> y <a href=\"https:\/\/www.ole.com.ar\/tema\/nicolas-valentini.html\" title=\"Nicol\u00e1s Valentini\" alt=\"Nicol\u00e1s Valentini\" class=\"slug\">Nicol\u00e1s Valentini<\/a>, convocados para la Selecci\u00f3n Sub 23<\/strong> de Javier Mascherano junto al arquero de la Reserva, Leandro Brey par. Los dos primeros tambi\u00e9n vienen siendo titulares para el DT, incluso en los dos partidos de cuartos de final frente a Racing por la Copa Libertadores.<\/p>\n<\/div>\n<div class=\"sc-e7b891c4-0 jPbnQF\"><img alt=\"Adv\u00edncula, titular en la serie de cuartos frente a Racing.\" src=\"http:\/\/hoycordobaweb.com\/wp-content\/uploads\/2023\/09\/por-la-fecha-fifa-boca-sumo-la-cuarta-baja-para-la-copa-argentina-2.jpg\" width=\"720\" height=\"100\" decoding=\"async\" data-nimg=\"future\" loading=\"lazy\"><span class=\"epigraphe\">Adv\u00edncula, titular en la serie de cuartos frente a Racing.<\/span><\/div>\n<div class=\"custom-text \" readability=\"38\">\n<p>Y si bien Boca es un plantel con variantes,<strong> Adv\u00edncula, Valentini y Medina hoy son piezas clave en la estructura <\/strong>del entrenador xeneize y los perder\u00e1 luego de este domingo ante Tigre en la Bombonera. El peruano, que termin\u00f3 con una sobrecarga en la revancha en Avellaneda, no ser\u00eda de la partida.<\/p>\n<\/div>\n<p><h2><strong>Los reemplazantes<\/strong><\/h2>\n<\/p>\n<div class=\"custom-text \" readability=\"36\">\n<p>Para reemplazar al peruano en el lateral,<strong> Almir\u00f3n cuenta con Marcelo Weigandt y Lucas Blondel. <\/strong>Donde tiene menos variantes es en el mediocampo, cuando lo utiliza como carrilero para hacer toda la banda. Porque no hay otro futbolista en el plantel con la misma capacidad para defender y atacar.<\/p>\n<\/div>\n<div class=\"custom-text \" readability=\"38.329238329238\">\n<p>Y la otra baja sensible es la de <strong>Medina, titular inamovible desde la llegada del actual DT<\/strong>, principalmente como enlace entre volantes y delanteros. Porque el pibe ahora convocado por Masche es el \u00fanico mediocampista que se suelta, tiene buen tranco y gambeta, juega para adelante y pisa bien el \u00e1rea. <strong><a href=\"https:\/\/www.ole.com.ar\/tema\/ezequiel-bullaude.html\" title=\"Ezequiel Bullaude\" alt=\"Ezequiel Bullaude\" class=\"slug\">Ezequiel Bullaude<\/a> podr\u00eda ser una alternativa o tambi\u00e9n Vicente Taborda, pensando en la Copa Argentina.<\/strong><\/p>\n<\/div>\n<div class=\"custom-text \" readability=\"36.174672489083\">\n<p>En el caso de Valentini, pese a ser uno de los centrales con mejor rendimiento en los \u00faltimos partido<strong>s, est\u00e1n Nicol\u00e1s Figal, <a href=\"https:\/\/www.ole.com.ar\/tema\/marcos-rojo.html\" title=\"Marcos Rojo\" alt=\"Marcos Rojo\" class=\"slug\">Marcos Rojo<\/a> y Bruno Valdez <\/strong>como alternativas, adem\u00e1s de Facundo Roncaglia en un escal\u00f3n m\u00e1s abajo.<\/p>\n<\/div>\n<div class=\"custom-text \" readability=\"34\">\n<p>El partido ante Almagro definir\u00e1 <strong>un lugar en los cuartos de final frente a Talleres<\/strong>, que viene de dejar en el camino por penales a Col\u00f3n y antes sacar de la competencia a River.<\/p>\n<\/div>\n<div class=\"sc-7ce6049-0 dwIKul\">\n<div class=\"sc-7ce6049-1 bdcBBS videoText\" id=\"contentTitleundefinedt8IWNMfg\"><svg fill=\"#ffffff\"><symbol id=\"play\" viewBox=\"0 0 512 512\"><path d=\"M512 256C512 397.4 397.4 512 256 512C114.6 512 0 397.4 0 256C0 114.6 114.6 0 256 0C397.4 0 512 114.6 512 256zM176 168V344C176 352.7 180.7 360.7 188.3 364.9C195.8 369.2 205.1 369 212.5 364.5L356.5 276.5C363.6 272.1 368 264.4 368 256C368 247.6 363.6 239.9 356.5 235.5L212.5 147.5C205.1 142.1 195.8 142.8 188.3 147.1C180.7 151.3 176 159.3 176 168V168z\" \/><\/symbol><use xlink:href=\"#play\" \/><\/svg><\/p>\n<div class=\"right\">\n<p>Boca Juniors<!-- --> &#8211;<!-- --> <span>2-9-2023<\/span><\/p>\n<h2 class=\"title-vid\">El original video de la convocatoria de Per\u00fa para las Eliminatorias<\/h2>\n<\/div>\n<\/div>\n<p><span class=\"back\" id=\"spanBackundefinedt8IWNMfg\"><\/span><\/div>\n<div class=\"sc-a7166897-0 exHLBh\" readability=\"7\">\n<section readability=\"4\"><picture><img alt=\"Pra frenchi, Boca: el sue\u00f1o xeneize, rodeado de brasile\u00f1os\" src=\"http:\/\/hoycordobaweb.com\/wp-content\/uploads\/2023\/09\/por-la-fecha-fifa-boca-sumo-la-cuarta-baja-para-la-copa-argentina-3.jpg\" width=\"290\" height=\"290\" decoding=\"async\" data-nimg=\"future\" loading=\"lazy\"><\/picture>\n<p><span>Mir\u00e1 tambi\u00e9n<\/span><\/p>\n<hr>\n<h3>Pra frenchi, Boca: el sue\u00f1o xeneize, rodeado de brasile\u00f1os<\/h3>\n<\/p>\n<\/section>\n<\/div>\n<div class=\"sc-a7166897-0 exHLBh\" readability=\"6.5\">\n<section readability=\"3\"><picture><img alt=\"Navarro Montoya, de &quot;River le compite al City&quot; a &quot;Boca le puede ganar al City&quot;\" src=\"http:\/\/hoycordobaweb.com\/wp-content\/uploads\/2023\/09\/por-la-fecha-fifa-boca-sumo-la-cuarta-baja-para-la-copa-argentina-4.jpg\" width=\"290\" height=\"290\" decoding=\"async\" data-nimg=\"future\" loading=\"lazy\"><\/picture>\n<p><span>Mir\u00e1 tambi\u00e9n<\/span><\/p>\n<hr>\n<h3>Navarro Montoya, de \u00abRiver le compite al City\u00bb a \u00abBoca le puede ganar al City\u00bb<\/h3>\n<\/p>\n<\/section>\n<\/div>\n<\/div>\n","protected":false},"excerpt":{"rendered":"<p>02\/09\/2023 11:28hs. Actualizado al 02\/09\/2023 11:38hs. Boca sumar\u00e1 una nueva baja para los octavos de final de la Copa Argentina, el domingo 10 ante Almagro en La Rioja, y as\u00ed ser\u00e1n cuatro en total por distintas convocatorias a la fecha FIFA para el arranque de las Eliminatorias Sudamericanas para el Mundial de 2026. El cuarto [&hellip;]<\/p>\n","protected":false},"author":1,"featured_media":65915,"comment_status":"open","ping_status":"closed","sticky":false,"template":"","format":"standard","meta":[],"categories":[16],"tags":[],"_links":{"self":[{"href":"http:\/\/hoycordobaweb.com\/index.php\/wp-json\/wp\/v2\/posts\/65914"}],"collection":[{"href":"http:\/\/hoycordobaweb.com\/index.php\/wp-json\/wp\/v2\/posts"}],"about":[{"href":"http:\/\/hoycordobaweb.com\/index.php\/wp-json\/wp\/v2\/types\/post"}],"author":[{"embeddable":true,"href":"http:\/\/hoycordobaweb.com\/index.php\/wp-json\/wp\/v2\/users\/1"}],"replies":[{"embeddable":true,"href":"http:\/\/hoycordobaweb.com\/index.php\/wp-json\/wp\/v2\/comments?post=65914"}],"version-history":[{"count":0,"href":"http:\/\/hoycordobaweb.com\/index.php\/wp-json\/wp\/v2\/posts\/65914\/revisions"}],"wp:featuredmedia":[{"embeddable":true,"href":"http:\/\/hoycordobaweb.com\/index.php\/wp-json\/wp\/v2\/media\/65915"}],"wp:attachment":[{"href":"http:\/\/hoycordobaweb.com\/index.php\/wp-json\/wp\/v2\/media?parent=65914"}],"wp:term":[{"taxonomy":"category","embeddable":true,"href":"http:\/\/hoycordobaweb.com\/index.php\/wp-json\/wp\/v2\/categories?post=65914"},{"taxonomy":"post_tag","embeddable":true,"href":"http:\/\/hoycordobaweb.com\/index.php\/wp-json\/wp\/v2\/tags?post=65914"}],"curies":[{"name":"wp","href":"https:\/\/api.w.org\/{rel}","templated":true}]}}