{"id":65912,"date":"2023-09-01T23:36:15","date_gmt":"2023-09-01T23:36:15","guid":{"rendered":"https:\/\/ladecimaweb.com\/?p=19319"},"modified":"2023-09-01T23:36:15","modified_gmt":"2023-09-01T23:36:15","slug":"violencia-de-genero-224-asesinatos-en-el-pais-en-ocho-meses","status":"publish","type":"post","link":"http:\/\/hoycordobaweb.com\/index.php\/2023\/09\/01\/violencia-de-genero-224-asesinatos-en-el-pais-en-ocho-meses\/","title":{"rendered":"Violencia de g\u00e9nero: 224 asesinatos en el pa\u00eds en ocho meses"},"content":{"rendered":"<div class=\"boldgrid-section\">\n<div class=\"container\">\n<div class=\"row\">\n<div class=\"col-md-12 col-xs-12 col-sm-12\">\n<p><strong>En ocho meses 224 personas fueron asesinadas en contexto de violencia de g\u00e9nero en el pa\u00eds<\/strong>, y debido a ello, un total de 248 ni\u00f1as, ni\u00f1os y adolescentes se quedaron sin madre.<\/p>\n<p>Los datos surgen del nuevo<span>&nbsp;<\/span><strong>informe mensual realizado por el Observatorio de Femicidios &#8220;Adriana Marisel Zambrano&#8221; que dirige la asociaci\u00f3n civil La Casa del Encuentro<\/strong>, en el que se registr\u00f3, que desde el 1\u00b0 de enero al 31 de agosto de 2023, se produjeron 204 femicidios, tres trans\/travesticidios y 17 femicidios vinculados de varones adultos y ni\u00f1os.<\/p>\n<p class=\"\">Otro de los datos m\u00e1s relevantes es que<span>&nbsp;<\/span><strong>el 58% de las hijas e hijos que se quedaron sin madre, son menores de edad; y el 52 % de los agresores eran parejas o ex parejas de las v\u00edctimas.<\/strong><\/p>\n<p class=\"\"><strong>&#8220;Como cada informe lo demuestra, el lugar m\u00e1s inseguro para una mujer en situaci\u00f3n de violencia contin\u00faa siendo su vivienda o la vivienda compartida con el agresor (56 % fueron asesinadas en su hogar).<\/strong><span>&nbsp;<\/span>Y si bien los femicidios abarcan el territorio nacional, en t\u00e9rminos absolutos Buenos Aires sigue siendo la provincia con m\u00e1s casos, seguida por Santa Fe, C\u00f3rdoba y Salta&#8221;, se indic\u00f3 en el informe difundido este viernes.<\/p>\n<p class=\"\">Y agregaron: &#8220;las estad\u00edsticas no descienden y nos muestran el espanto concentrado que nos impone no mirar para otro lado, la indiferencia de los distintos sectores no se puede aceptar mientras la sociedad observa perpleja la inacci\u00f3n para disminuir estos \u00edndices&#8221;.<\/p>\n<p class=\"\">En el nuevo informe se detalla que<span>&nbsp;<\/span><strong>37 v\u00edctimas hab\u00edan realizado la denuncia; que 15 femicidas ten\u00edan dictada medida cautelar de prevenci\u00f3n; que 12 femicidas pertenec\u00edan o eran ex fuerza de seguridad;<\/strong><span>&nbsp;<\/span>que dos personas eran v\u00edctimas de prostituci\u00f3n o trata; que cinco v\u00edctimas estaban embarazadas; y que 16 v\u00edctimas ten\u00edan<br \/>\nindicio de abuso sexual.<\/p>\n<p class=\"\">Adem\u00e1s, se indic\u00f3 que<span>&nbsp;<\/span><strong>26 femicidios ocurrieron en contexto de narcocriminalidad, y que 31 femicidas se suicidaron.<\/strong><\/p>\n<p>&#8220;Transitamos momentos en los que debemos elegir un futuro gobierno y vemos preocupadas la ausencia de propuestas positivas concretas para mujeres y diversidades&#8221;, expresaron desde La Casa del Encuentro en el comunicado.<\/p>\n<p class=\"\">Y concluyeron:&#8221;Necesitamos enunciamientos que den respuestas a la problem\u00e1tica de la violencia de g\u00e9nero apuntando a la protecci\u00f3n y la prevenci\u00f3n para evitar los femicidios.<span>&nbsp;<\/span><strong>Exigimos que en las plataformas de los partidos pol\u00edticos y en los debates de campa\u00f1a se incluya la agenda de violencia de g\u00e9nero, con lineamientos concretos y no anuncios generales&#8221;.<\/strong><\/p>\n<p class=\"\">&nbsp;<\/p>\n<p class=\"\">\n<div class=\"ubm_banner\"><a href=\"http:\/\/www.cba.gov.ar\/prevencion-incendios\" target=\"_blank\" rel=\"dofollow noopener noreferrer\"><img src=\"http:\/\/hoycordobaweb.com\/wp-content\/uploads\/2023\/09\/violencia-de-genero-224-asesinatos-en-el-pais-en-ocho-meses.gif\" alt=\"\"><\/a><\/div>\n<\/div>\n<\/div>\n<\/div>\n<\/div>\n<p>La entrada <a rel=\"nofollow\" href=\"https:\/\/ladecimaweb.com\/violencia-de-genero-224-asesinatos-en-el-pais-en-ocho-meses\/\">Violencia de g\u00e9nero: 224 asesinatos en el pa\u00eds en ocho meses<\/a> se public\u00f3 primero en <a rel=\"nofollow\" href=\"https:\/\/ladecimaweb.com\">LaDecima<\/a>.<\/p>\n","protected":false},"excerpt":{"rendered":"<p>En ocho meses 224 personas fueron asesinadas en contexto de violencia de g\u00e9nero en el pa\u00eds, y debido a ello, un total de 248 ni\u00f1as, ni\u00f1os y adolescentes se quedaron sin madre. Los datos surgen del nuevo&nbsp;informe mensual realizado por el Observatorio de Femicidios &#8220;Adriana Marisel Zambrano&#8221; que dirige la asociaci\u00f3n civil La Casa del [&hellip;]<\/p>\n","protected":false},"author":1,"featured_media":65913,"comment_status":"closed","ping_status":"closed","sticky":false,"template":"","format":"standard","meta":[],"categories":[19],"tags":[],"_links":{"self":[{"href":"http:\/\/hoycordobaweb.com\/index.php\/wp-json\/wp\/v2\/posts\/65912"}],"collection":[{"href":"http:\/\/hoycordobaweb.com\/index.php\/wp-json\/wp\/v2\/posts"}],"about":[{"href":"http:\/\/hoycordobaweb.com\/index.php\/wp-json\/wp\/v2\/types\/post"}],"author":[{"embeddable":true,"href":"http:\/\/hoycordobaweb.com\/index.php\/wp-json\/wp\/v2\/users\/1"}],"replies":[{"embeddable":true,"href":"http:\/\/hoycordobaweb.com\/index.php\/wp-json\/wp\/v2\/comments?post=65912"}],"version-history":[{"count":0,"href":"http:\/\/hoycordobaweb.com\/index.php\/wp-json\/wp\/v2\/posts\/65912\/revisions"}],"wp:featuredmedia":[{"embeddable":true,"href":"http:\/\/hoycordobaweb.com\/index.php\/wp-json\/wp\/v2\/media\/65913"}],"wp:attachment":[{"href":"http:\/\/hoycordobaweb.com\/index.php\/wp-json\/wp\/v2\/media?parent=65912"}],"wp:term":[{"taxonomy":"category","embeddable":true,"href":"http:\/\/hoycordobaweb.com\/index.php\/wp-json\/wp\/v2\/categories?post=65912"},{"taxonomy":"post_tag","embeddable":true,"href":"http:\/\/hoycordobaweb.com\/index.php\/wp-json\/wp\/v2\/tags?post=65912"}],"curies":[{"name":"wp","href":"https:\/\/api.w.org\/{rel}","templated":true}]}}