{"id":65903,"date":"2023-09-01T23:50:52","date_gmt":"2023-09-01T23:50:52","guid":{"rendered":"http:\/\/hoycordobaweb.com\/index.php\/2023\/09\/01\/contemplando-la-copa-america-se-definio-el-calendario-del-futbol-argentino-jujuy-al-momento\/"},"modified":"2023-09-01T23:50:52","modified_gmt":"2023-09-01T23:50:52","slug":"contemplando-la-copa-america-se-definio-el-calendario-del-futbol-argentino-jujuy-al-momento","status":"publish","type":"post","link":"http:\/\/hoycordobaweb.com\/index.php\/2023\/09\/01\/contemplando-la-copa-america-se-definio-el-calendario-del-futbol-argentino-jujuy-al-momento\/","title":{"rendered":"Contemplando la Copa Am\u00e9rica, se defini\u00f3 el calendario del <b>f\u00fatbol argentino<\/b> &#8211; Jujuy Al Momento"},"content":{"rendered":"<p>Empieza a hacerse costumbre en el <b>f\u00fatbol argentino<\/b> que los semestres del a\u00f1o est\u00e9n marcados por los dos grandes torneos en formato Liga y Copa. <\/p>\n","protected":false},"excerpt":{"rendered":"<p>Empieza a hacerse costumbre en el f\u00fatbol argentino que los semestres del a\u00f1o est\u00e9n marcados por los dos grandes torneos en formato Liga y Copa.<\/p>\n","protected":false},"author":1,"featured_media":0,"comment_status":"closed","ping_status":"closed","sticky":false,"template":"","format":"standard","meta":[],"categories":[22],"tags":[],"_links":{"self":[{"href":"http:\/\/hoycordobaweb.com\/index.php\/wp-json\/wp\/v2\/posts\/65903"}],"collection":[{"href":"http:\/\/hoycordobaweb.com\/index.php\/wp-json\/wp\/v2\/posts"}],"about":[{"href":"http:\/\/hoycordobaweb.com\/index.php\/wp-json\/wp\/v2\/types\/post"}],"author":[{"embeddable":true,"href":"http:\/\/hoycordobaweb.com\/index.php\/wp-json\/wp\/v2\/users\/1"}],"replies":[{"embeddable":true,"href":"http:\/\/hoycordobaweb.com\/index.php\/wp-json\/wp\/v2\/comments?post=65903"}],"version-history":[{"count":0,"href":"http:\/\/hoycordobaweb.com\/index.php\/wp-json\/wp\/v2\/posts\/65903\/revisions"}],"wp:attachment":[{"href":"http:\/\/hoycordobaweb.com\/index.php\/wp-json\/wp\/v2\/media?parent=65903"}],"wp:term":[{"taxonomy":"category","embeddable":true,"href":"http:\/\/hoycordobaweb.com\/index.php\/wp-json\/wp\/v2\/categories?post=65903"},{"taxonomy":"post_tag","embeddable":true,"href":"http:\/\/hoycordobaweb.com\/index.php\/wp-json\/wp\/v2\/tags?post=65903"}],"curies":[{"name":"wp","href":"https:\/\/api.w.org\/{rel}","templated":true}]}}