{"id":65871,"date":"2023-09-01T14:10:34","date_gmt":"2023-09-01T14:10:34","guid":{"rendered":"https:\/\/www.ole.com.ar\/futbol-internacional\/inglaterra\/ansu-fati-nuevo-refuerzo-brighton-prestamo_0_iErv9kMMgo.html"},"modified":"2023-09-01T14:10:34","modified_gmt":"2023-09-01T14:10:34","slug":"de-heredar-la-10-de-messi-a-un-prestamo-a-la-premier-ansu-fati-es-refuerzo-del-brighton","status":"publish","type":"post","link":"http:\/\/hoycordobaweb.com\/index.php\/2023\/09\/01\/de-heredar-la-10-de-messi-a-un-prestamo-a-la-premier-ansu-fati-es-refuerzo-del-brighton\/","title":{"rendered":"De heredar la 10 de Messi a un pr\u00e9stamo a la Premier: Ansu Fati es refuerzo del Brighton"},"content":{"rendered":"<p><img src=\"http:\/\/hoycordobaweb.com\/wp-content\/uploads\/2023\/09\/de-heredar-la-10-de-messi-a-un-prestamo-a-la-premier-ansu-fati-es-refuerzo-del-brighton.jpg\"><\/p>\n<p><time class=\"createDate\" datetime=\"2023-09-01T11:10:34-03:00\">01\/09\/2023 11:10hs.<\/time><time class=\"modificatedDate\" datetime=\"2023-09-01T11:10:34-03:00\"><\/time><\/p>\n<div id=\"storyBody\">\n<div class=\"custom-text \" readability=\"30.460750853242\">\n<p><strong>El <a href=\"https:\/\/www.ole.com.ar\/tema\/brighton.html\" title=\"brighton\" alt=\"brighton\" class=\"slug\">Brighton<\/a> sorprendi\u00f3 a sus hinchas en el \u00faltimo d\u00eda del mercado de pases con la contrataci\u00f3n de <a href=\"https:\/\/www.ole.com.ar\/tema\/ansu-fati.html\" title=\"Ansu Fati\" alt=\"Ansu Fati\" class=\"slug\">Ansu Fati<\/a>.<\/strong> El joven futbolista que deslumbr\u00f3 en sus primeros partidos en el <a href=\"https:\/\/www.ole.com.ar\/tema\/barcelona.html\" title=\"Barcelona\" alt=\"Barcelona\" class=\"slug\">Barcelona<\/a> y que hered\u00f3 la 10 de <a href=\"https:\/\/www.ole.com.ar\/tema\/lionel-messi.html\" title=\"Lionel Messi\" alt=\"Lionel Messi\" class=\"slug\">Lionel Messi<\/a>, llegar\u00e1 a las Gaviotas a pr\u00e9stamo hasta el final de la temporada.<\/p>\n<\/div>\n<div class=\"custom-text \" readability=\"37\">\n<p><strong>\u00abEstamos encantados de anunciar la llegada de Ansu Fati cedido desde el Barca\u00bb<\/strong>, informaron desde el club de la costa brit\u00e1nica. \u00abEl chico de 20 a\u00f1os tuvo 36 apariciones de liga la temporada pasada, en la que el equipo logr\u00f3 el t\u00edtulo despu\u00e9s de cuatro a\u00f1os\u00bb, detallaron.<\/p>\n<\/div>\n<div class=\"custom-text \" readability=\"38\">\n<p>En sus redes sociales, <strong>el Albion le dio un gran recibimiento a su fichaje estrella con la frase \u00abuni\u00e9ndose a nuestra traves\u00eda\u00bb y junto a un particular video<\/strong> en el que se lo muestra viendo algunos de los momentos m\u00e1s importantes de la historia del equipo, desde su ascenso de las categor\u00edas m\u00e1s bajas del f\u00fatbol ingl\u00e9s, hasta llegar a la Premier.<\/p>\n<\/div>\n<div class=\"custom-text \" readability=\"38\">\n<p>Al final del montaje, Ansu le habla a la c\u00e1mara y se presenta con los fan\u00e1ticos de su nueva instituci\u00f3n.<strong> \u00abHola, seguidores del Brighton&#8230; \u00a1Vamos!\u00bb<\/strong>, fue la frase que dej\u00f3 en el cierre del video. El futbolista llega como la gran apuesta del club de cara a su primera participaci\u00f3n en la Europa League.<\/p>\n<\/div>\n<div class=\"sc-7ce6049-0 dwIKul\">\n<div class=\"sc-7ce6049-1 bdcBBS videoText\" id=\"contentTitleundefinedL93Z0xQj\"><svg fill=\"#ffffff\"><symbol id=\"play\" viewBox=\"0 0 512 512\"><path d=\"M512 256C512 397.4 397.4 512 256 512C114.6 512 0 397.4 0 256C0 114.6 114.6 0 256 0C397.4 0 512 114.6 512 256zM176 168V344C176 352.7 180.7 360.7 188.3 364.9C195.8 369.2 205.1 369 212.5 364.5L356.5 276.5C363.6 272.1 368 264.4 368 256C368 247.6 363.6 239.9 356.5 235.5L212.5 147.5C205.1 142.1 195.8 142.8 188.3 147.1C180.7 151.3 176 159.3 176 168V168z\" \/><\/symbol><use xlink:href=\"#play\" \/><\/svg><\/p>\n<div class=\"right\">\n<p>Ansu Fati<!-- --> &#8211;<!-- --> <span>1-9-2023<\/span><\/p>\n<h2 class=\"title-vid\">Brighton present\u00f3 a Ansu Fati<\/h2>\n<\/div>\n<\/div>\n<p><span class=\"back\" id=\"spanBackundefinedL93Z0xQj\"><\/span><\/div>\n<p><h2>La palabra del t\u00e9cnico<\/h2>\n<\/p>\n<div class=\"custom-text \" readability=\"38\">\n<p>Roberto De Zerbi, DT del conjunto Azul y Blanco, le dio la bienvenida al nacido en Guinea-Bis\u00e1u y destac\u00f3 la importancia de su arribo. \u00abEste es un gran acuerdo para nosotros. <strong>\u00c9l nos podr\u00e1 ayudar a alcanzar nuestros objetivos y nosotros lo ayudaremos a recuperar el nivel en el que merece estar\u00bb<\/strong>, remarc\u00f3.<\/p>\n<\/div>\n<div class=\"custom-text \" readability=\"36\">\n<p>\u00abEstamos encantados de tenerlo ac\u00e1. <strong>Es uno de los jugadores j\u00f3venes mejor valorados en el mundo y llega con una impresionante experiencia<\/strong> tanto en competiciones nacionales como europeas, a pesar de su temprana edad\u00bb, fue la valoraci\u00f3n del italiano.<\/p>\n<\/div>\n<div class=\"custom-text \" readability=\"35\">\n<p>\u00abEsta temporada <strong>es la m\u00e1s importante en la historia del club y estamos muy contentos de que un jugador con su jerarqu\u00eda sea parte de ella\u00bb<\/strong>, explic\u00f3 el entrenador de 44 a\u00f1os y agreg\u00f3: \u00abEstamos muy entusiasmados por verlo en la cacha con la camiseta del Brighton\u00bb.<\/p>\n<\/div>\n<div class=\"sc-e7b891c4-0 jPbnQF\"><img alt=\"Ansu Fati ya luce los colores del Brighton (prensa del club).\" src=\"http:\/\/hoycordobaweb.com\/wp-content\/uploads\/2023\/09\/de-heredar-la-10-de-messi-a-un-prestamo-a-la-premier-ansu-fati-es-refuerzo-del-brighton-2.jpg\" width=\"720\" height=\"100\" decoding=\"async\" data-nimg=\"future\" loading=\"lazy\"><span class=\"epigraphe\">Ansu Fati ya luce los colores del Brighton (prensa del club).<\/span><\/div>\n<p><h2>De ser el nuevo 10 a irse por la puerta de atr\u00e1s<\/h2>\n<\/p>\n<div class=\"custom-text \" readability=\"37\">\n<p>Despu\u00e9s de un gran a\u00f1o de debut, <strong>las recurrentes lesiones le cortaron la progresi\u00f3n al talentoso delantero y poco a poco fue perdiendo su lugar entre los titulares. <\/strong>Si bien se catapultaba en un principio como uno de los grandes proyectos de La Masia y hasta lleg\u00f3 a jugar el Mundial con Espa\u00f1a, su rendimiento dejaba dudas desde hace meses.<\/p>\n<\/div>\n<div class=\"custom-text \" readability=\"38\">\n<p>En 2021, a partir de la salida de Messi rumbo al Paris Saint Germain, <strong>el combinado catal\u00e1n apost\u00f3 por Ansu como la gran figura del proyecto y el abanderado en la reconstrucci\u00f3n del plantel<\/strong>, a tal punto que se le dio el prestigioso dorsal n\u00famero 10 que hab\u00eda llevado a lo m\u00e1s alto el astro argentino.<\/p>\n<\/div>\n<div class=\"custom-text \" readability=\"35\">\n<p>Tan s\u00f3lo dos a\u00f1os m\u00e1s tarde,<strong> la joyita Cul\u00e9 dej\u00f3 atr\u00e1s ese pesado n\u00famero y parti\u00f3 rumbo a la Premier League<\/strong> para intentar cambiar de aires y recuperar el nivel que tuvo en sus primeros partidos pero que lentamente fue perdiendo por sus constantes problemas f\u00edsicos.<\/p>\n<\/div>\n<div class=\"sc-e7b891c4-0 jPbnQF\"><img alt=\"Ansu con la 10 del Barca, tras la salida de Messi en 2021\" src=\"http:\/\/hoycordobaweb.com\/wp-content\/uploads\/2023\/09\/de-heredar-la-10-de-messi-a-un-prestamo-a-la-premier-ansu-fati-es-refuerzo-del-brighton-3.jpg\" width=\"720\" height=\"100\" decoding=\"async\" data-nimg=\"future\" loading=\"lazy\"><span class=\"epigraphe\">Ansu con la 10 del Barca, tras la salida de Messi en 2021<\/span><\/div>\n<div class=\"sc-a7166897-0 exHLBh\" readability=\"6\">\n<section readability=\"2\"><picture><img alt=\"La suerte de los argentinos en la fase de grupos de la Champions\" src=\"http:\/\/hoycordobaweb.com\/wp-content\/uploads\/2023\/09\/de-heredar-la-10-de-messi-a-un-prestamo-a-la-premier-ansu-fati-es-refuerzo-del-brighton-4.jpg\" width=\"290\" height=\"290\" decoding=\"async\" data-nimg=\"future\" loading=\"lazy\"><\/picture>\n<p><span>Mir\u00e1 tambi\u00e9n<\/span><\/p>\n<hr>\n<h3>La suerte de los argentinos en la fase de grupos de la Champions<\/h3>\n<\/p>\n<\/section>\n<\/div>\n<div class=\"sc-a7166897-0 exHLBh\" readability=\"6\">\n<section readability=\"2\"><picture><img alt=\"Montiel qued\u00f3 eliminado en su debut en el Nottingham Forest\" src=\"http:\/\/hoycordobaweb.com\/wp-content\/uploads\/2023\/09\/de-heredar-la-10-de-messi-a-un-prestamo-a-la-premier-ansu-fati-es-refuerzo-del-brighton-5.jpg\" width=\"290\" height=\"290\" decoding=\"async\" data-nimg=\"future\" loading=\"lazy\"><\/picture>\n<p><span>Mir\u00e1 tambi\u00e9n<\/span><\/p>\n<hr>\n<h3>Montiel qued\u00f3 eliminado en su debut en el Nottingham Forest<\/h3>\n<\/p>\n<\/section>\n<\/div>\n<div class=\"sc-a7166897-0 exHLBh\" readability=\"6\">\n<section readability=\"2\"><picture><img alt=\"Nico Dom\u00ednguez es nuevo refuerzo del Nottingham Forest\" src=\"http:\/\/hoycordobaweb.com\/wp-content\/uploads\/2023\/09\/de-heredar-la-10-de-messi-a-un-prestamo-a-la-premier-ansu-fati-es-refuerzo-del-brighton-6.jpg\" width=\"290\" height=\"290\" decoding=\"async\" data-nimg=\"future\" loading=\"lazy\"><\/picture>\n<p><span>Mir\u00e1 tambi\u00e9n<\/span><\/p>\n<hr>\n<h3>Nico Dom\u00ednguez es nuevo refuerzo del Nottingham Forest<\/h3>\n<\/p>\n<\/section>\n<\/div>\n<\/div>\n","protected":false},"excerpt":{"rendered":"<p>01\/09\/2023 11:10hs. El Brighton sorprendi\u00f3 a sus hinchas en el \u00faltimo d\u00eda del mercado de pases con la contrataci\u00f3n de Ansu Fati. El joven futbolista que deslumbr\u00f3 en sus primeros partidos en el Barcelona y que hered\u00f3 la 10 de Lionel Messi, llegar\u00e1 a las Gaviotas a pr\u00e9stamo hasta el final de la temporada. \u00abEstamos [&hellip;]<\/p>\n","protected":false},"author":1,"featured_media":65872,"comment_status":"open","ping_status":"closed","sticky":false,"template":"","format":"standard","meta":[],"categories":[16],"tags":[],"_links":{"self":[{"href":"http:\/\/hoycordobaweb.com\/index.php\/wp-json\/wp\/v2\/posts\/65871"}],"collection":[{"href":"http:\/\/hoycordobaweb.com\/index.php\/wp-json\/wp\/v2\/posts"}],"about":[{"href":"http:\/\/hoycordobaweb.com\/index.php\/wp-json\/wp\/v2\/types\/post"}],"author":[{"embeddable":true,"href":"http:\/\/hoycordobaweb.com\/index.php\/wp-json\/wp\/v2\/users\/1"}],"replies":[{"embeddable":true,"href":"http:\/\/hoycordobaweb.com\/index.php\/wp-json\/wp\/v2\/comments?post=65871"}],"version-history":[{"count":0,"href":"http:\/\/hoycordobaweb.com\/index.php\/wp-json\/wp\/v2\/posts\/65871\/revisions"}],"wp:featuredmedia":[{"embeddable":true,"href":"http:\/\/hoycordobaweb.com\/index.php\/wp-json\/wp\/v2\/media\/65872"}],"wp:attachment":[{"href":"http:\/\/hoycordobaweb.com\/index.php\/wp-json\/wp\/v2\/media?parent=65871"}],"wp:term":[{"taxonomy":"category","embeddable":true,"href":"http:\/\/hoycordobaweb.com\/index.php\/wp-json\/wp\/v2\/categories?post=65871"},{"taxonomy":"post_tag","embeddable":true,"href":"http:\/\/hoycordobaweb.com\/index.php\/wp-json\/wp\/v2\/tags?post=65871"}],"curies":[{"name":"wp","href":"https:\/\/api.w.org\/{rel}","templated":true}]}}