{"id":65867,"date":"2023-09-01T14:32:46","date_gmt":"2023-09-01T14:32:46","guid":{"rendered":"https:\/\/www.ole.com.ar\/futbol-internacional\/eliminatorias\/seleccion-argentina-vs-ecuador-dia-hora-juega-eliminatorias-sudamericanas_0_NzVEaAMGSP.html"},"modified":"2023-09-01T14:32:46","modified_gmt":"2023-09-01T14:32:46","slug":"cuando-y-a-que-hora-juega-argentina-vs-ecuador-por-las-eliminatorias-sudamericanas","status":"publish","type":"post","link":"http:\/\/hoycordobaweb.com\/index.php\/2023\/09\/01\/cuando-y-a-que-hora-juega-argentina-vs-ecuador-por-las-eliminatorias-sudamericanas\/","title":{"rendered":"Cu\u00e1ndo y a qu\u00e9 hora juega Argentina vs. Ecuador por las Eliminatorias Sudamericanas"},"content":{"rendered":"<p><img src=\"http:\/\/hoycordobaweb.com\/wp-content\/uploads\/2023\/09\/cuando-y-a-que-hora-juega-argentina-vs-ecuador-por-las-eliminatorias-sudamericanas.jpg\"><\/p>\n<p><time class=\"createDate\" datetime=\"2023-09-01T11:32:46-03:00\">01\/09\/2023 11:32hs.<\/time><time class=\"modificatedDate\" datetime=\"2023-09-01T11:32:46-03:00\"><\/time><\/p>\n<div id=\"storyBody\">\n<div class=\"custom-text \" readability=\"40\">\n<p>La Selecci\u00f3n hizo historia en la Copa del Mundo de Qatar 2022, consagr\u00e1ndose campe\u00f3n en una final \u00e9pica ante Francia. Ahora, deber\u00e1 afrontar una nuevas <strong>Eliminatorias Sudamericanas<\/strong> en lo que ser\u00e1 el camino rumbo al <strong>Mundial 2026 <\/strong>de Canad\u00e1, Estados Unidos y M\u00e9xico. <strong>Argentina, con Lionel Messi y compa\u00f1\u00eda, har\u00e1 su debut vs. Ecuador en el Monumental y ac\u00e1 te contamos cu\u00e1ndo y a qu\u00e9 hora se jugar\u00e1 el partido correspondiente a la primera jornada.<\/strong><\/p>\n<\/div>\n<p><h2><strong>\u00bfCu\u00e1ndo juega la Selecci\u00f3n Argentina vs. Ecuador, por las Eliminatorias Sudamericanas?<\/strong><\/h2>\n<\/p>\n<div class=\"custom-text \" readability=\"38\">\n<p>La Selecci\u00f3n de Lionel Scaloni arrancar\u00e1 su participaci\u00f3n en las Eliminatorias Sudamericanas camino a la Copa del Mundo 2026, a disputarse en M\u00e9xico, Canad\u00e1 y Estados unidos. La primera jornada de <strong>Argentina <\/strong>ser\u00e1 <strong>vs. Ecuador<\/strong> el<strong> jueves<\/strong> <strong>7 de septiembre<\/strong> desde las <strong>21.00 (hora de Argentina)<\/strong>, en el Estado Monumental.<\/p>\n<\/div>\n<p><h2><strong>Entradas para la Selecci\u00f3n Argentina vs. Ecuador, por las Eliminatorias Sudamericanas<\/strong><\/h2>\n<\/p>\n<div class=\"custom-text \" readability=\"38\">\n<p>Las entradas para ver a la Selecci\u00f3n Argentina ante Ecuador por las Eliminatorias, en el partido del jueves 7 de septiembre, a las 21.00, <strong>ya se agotaron<\/strong>. Este jueves 31 de agosto hab\u00eda arrancado la venta de entradas a trav\u00e9s del sitio Deportick y <strong>por la noche se supo que ya no hab\u00eda lugares disponibles para el p\u00fablico en general. <\/strong>Para los Socios Bronce de la AFA habr\u00e1 venta de un cupo limitado (cerca del 10%) a partir de este viernes.<\/p>\n<\/div>\n<p><h2><strong>\u00bfCu\u00e1l es el precio de las entradas de la Selecci\u00f3n Argentina vs. Ecuador? <\/strong><\/h2>\n<\/p>\n<div class=\"custom-text \">\n<ul>\n<li>GENERAL <strong>$19.000<\/strong><\/li>\n<li>MENOR A POPULAR (hasta 10 a\u00f1os) <strong>$11.000<\/strong><\/li>\n<li>SIVORI Y CENT. MEDIA<strong> $39.000<\/strong><\/li>\n<li>S.MARTIN Y BELGRANO ALTA <strong>$39.000<\/strong><\/li>\n<li>S.MARTIN Y BELGRANO BAJA <strong>$87.000<\/strong><\/li>\n<li>S.MARTIN Y BELGRANO MEDIA <strong>$89.000<\/strong><\/li>\n<\/ul>\n<\/div>\n<div class=\"sc-e7b891c4-0 jPbnQF\"><img alt=\"Messi y compa\u00f1\u00eda vuelven a jugar en Argentina.\n(Foto Juano Tesone)\" src=\"http:\/\/hoycordobaweb.com\/wp-content\/uploads\/2023\/09\/cuando-y-a-que-hora-juega-argentina-vs-ecuador-por-las-eliminatorias-sudamericanas-2.jpg\" width=\"720\" height=\"100\" decoding=\"async\" data-nimg=\"future\" loading=\"lazy\"><span class=\"epigraphe\">Messi y compa\u00f1\u00eda vuelven a jugar en Argentina.<br \/>\n(Foto Juano Tesone)<\/span><\/div>\n<p><h2><strong>\u00bfC\u00f3mo y cu\u00e1ndo se retiran las entradas para ver a la Selecci\u00f3n Argentina vs. Ecuador?<\/strong><\/h2>\n<\/p>\n<div class=\"custom-text \" readability=\"33\">\n<p>El canje se realizar\u00e1 desde el s\u00e1bado 2 de septiembre hasta el mi\u00e9rcoles 6 de septiembre en boleter\u00edas del estadio de River Plate de 9 a 15 hs. Retiro de tickets por sector:<\/p>\n<\/div>\n<div class=\"custom-text \">\n<ul>\n<li>S\u00e1bado 2\/9: Centenario y Belgrano<\/li>\n<li>Domingo 3\/9: S\u00edvori y San Mart\u00edn<\/li>\n<li>Lunes 4\/9: Centenario y Belgrano<\/li>\n<li>Martes 5\/9: S\u00edvori y San Mart\u00edn<\/li>\n<li>Mi\u00e9rcoles 6\/9: Centenario, Belgrano, S\u00edvori y San Mart\u00edn<\/li>\n<\/ul>\n<\/div>\n<p><h2><strong>La lista de convocados por Lionel Scaloni para la Selecci\u00f3n Argentina<\/strong><\/h2>\n<\/p>\n<div class=\"custom-text \" readability=\"37.244372990354\">\n<p>Comenz\u00f3 oficialmente el camino hacia el Mundial 2026: <strong>Lionel Scaloni dio a conocer este jueves 31 de agosto la lista de 32 convocados del exterior<\/strong> -m\u00e1s Franco Armani- para los dos primeros partidos de las Eliminatorias Sudamericanas, frente a Ecuador en el Monumental (7\/9) y Bolivia, en La Paz, el 12 de septiembre. Se trat\u00f3 de una n\u00f3mina extensa que contempla bajas entre los campeones del mundo pero que a la vez incluye a futbolistas Sub 23 que trabajar\u00e1n junto a Javier Mascherano pensando en el Preol\u00edmpico 2024. Adem\u00e1s, <a href=\"https:\/\/www.ole.com.ar\/seleccion\/7-ausencias-lista-scaloni-seleccion-argentina_0_0NuENiH7am.html\" target=\"_blank\" rel=\"noopener noreferrer\">\u00bfqui\u00e9nes son los ausentes?<\/a> \u00bfPor qu\u00e9 se quedaron afuera de la n\u00f3mina del entrenador?<\/p>\n<\/div>\n<div class=\"custom-text \">\n<ul>\n<li><strong>Arqueros:<\/strong> Emiliano Mart\u00ednez, Franco Armani, Walter Ben\u00edtez y Juan Musso.<\/li>\n<li><strong>Defensores: <\/strong>Nahuel Molina, Germ\u00e1n Pezzella, Gonzalo Montiel, Juan Foyth, Marcos Senesi, Lisandro Mart\u00ednez, Cristian Romero, Nicol\u00e1s Tagliafico, Nicol\u00e1s Otamendi, Lucas Esquivel.<\/li>\n<li><strong>Volantes: <\/strong>Leandro Paredes, Rodrigo De Paul, Guido Rodr\u00edguez, Facundo Buonanotte, Enzo Fern\u00e1ndez, Alexis Mac Allister, Exequiel Palacios, Alan Velazco, Bruno Zapelli y Thiago Almada.<\/li>\n<li><strong>Delanteros:<\/strong> Lucas Beltr\u00e1n, Nicol\u00e1s Gonz\u00e1lez, \u00c1ngel Correa, Juli\u00e1n \u00c1lvarez, Alejandro Garnacho, Lionel Messi, \u00c1ngel Di Mar\u00eda y Lautaro Mart\u00ednez.<\/li>\n<\/ul>\n<\/div>\n<div class=\"sc-e7b891c4-0 jPbnQF\"><img alt=\"La lista completa de Argentina.\" src=\"http:\/\/hoycordobaweb.com\/wp-content\/uploads\/2023\/09\/cuando-y-a-que-hora-juega-argentina-vs-ecuador-por-las-eliminatorias-sudamericanas-3.jpg\" width=\"720\" height=\"100\" decoding=\"async\" data-nimg=\"future\" loading=\"lazy\"><span class=\"epigraphe\">La lista completa de Argentina.<\/span><\/div>\n<\/div>\n","protected":false},"excerpt":{"rendered":"<p>01\/09\/2023 11:32hs. La Selecci\u00f3n hizo historia en la Copa del Mundo de Qatar 2022, consagr\u00e1ndose campe\u00f3n en una final \u00e9pica ante Francia. Ahora, deber\u00e1 afrontar una nuevas Eliminatorias Sudamericanas en lo que ser\u00e1 el camino rumbo al Mundial 2026 de Canad\u00e1, Estados Unidos y M\u00e9xico. Argentina, con Lionel Messi y compa\u00f1\u00eda, har\u00e1 su debut vs. [&hellip;]<\/p>\n","protected":false},"author":1,"featured_media":65868,"comment_status":"open","ping_status":"closed","sticky":false,"template":"","format":"standard","meta":[],"categories":[16],"tags":[],"_links":{"self":[{"href":"http:\/\/hoycordobaweb.com\/index.php\/wp-json\/wp\/v2\/posts\/65867"}],"collection":[{"href":"http:\/\/hoycordobaweb.com\/index.php\/wp-json\/wp\/v2\/posts"}],"about":[{"href":"http:\/\/hoycordobaweb.com\/index.php\/wp-json\/wp\/v2\/types\/post"}],"author":[{"embeddable":true,"href":"http:\/\/hoycordobaweb.com\/index.php\/wp-json\/wp\/v2\/users\/1"}],"replies":[{"embeddable":true,"href":"http:\/\/hoycordobaweb.com\/index.php\/wp-json\/wp\/v2\/comments?post=65867"}],"version-history":[{"count":0,"href":"http:\/\/hoycordobaweb.com\/index.php\/wp-json\/wp\/v2\/posts\/65867\/revisions"}],"wp:featuredmedia":[{"embeddable":true,"href":"http:\/\/hoycordobaweb.com\/index.php\/wp-json\/wp\/v2\/media\/65868"}],"wp:attachment":[{"href":"http:\/\/hoycordobaweb.com\/index.php\/wp-json\/wp\/v2\/media?parent=65867"}],"wp:term":[{"taxonomy":"category","embeddable":true,"href":"http:\/\/hoycordobaweb.com\/index.php\/wp-json\/wp\/v2\/categories?post=65867"},{"taxonomy":"post_tag","embeddable":true,"href":"http:\/\/hoycordobaweb.com\/index.php\/wp-json\/wp\/v2\/tags?post=65867"}],"curies":[{"name":"wp","href":"https:\/\/api.w.org\/{rel}","templated":true}]}}