{"id":65829,"date":"2023-08-31T14:51:00","date_gmt":"2023-08-31T14:51:00","guid":{"rendered":"http:\/\/hoycordobaweb.com\/index.php\/2023\/08\/31\/decidimos-mantener-las-tarifas-del-transporte-a-los-precios-de-este-mes-por-90-dias\/"},"modified":"2023-08-31T14:51:00","modified_gmt":"2023-08-31T14:51:00","slug":"decidimos-mantener-las-tarifas-del-transporte-a-los-precios-de-este-mes-por-90-dias","status":"publish","type":"post","link":"http:\/\/hoycordobaweb.com\/index.php\/2023\/08\/31\/decidimos-mantener-las-tarifas-del-transporte-a-los-precios-de-este-mes-por-90-dias\/","title":{"rendered":"\u00abDecidimos mantener las tarifas del transporte a los precios de este mes por 90 d\u00edas\u00bb"},"content":{"rendered":"<p><img src=\"http:\/\/hoycordobaweb.com\/wp-content\/uploads\/2023\/08\/decidimos-mantener-las-tarifas-del-transporte-a-los-precios-de-este-mes-por-90-dias.jpg\"><\/p>\n<figure class=\"mb-3\"><img loading=\"lazy\" data-src=\"http:\/\/hoycordobaweb.com\/wp-content\/uploads\/2023\/08\/decidimos-mantener-las-tarifas-del-transporte-a-los-precios-de-este-mes-por-90-dias-2.jpg\" src=\"https:\/\/www.telam.com.ar\/assets\/img\/not_image.png\" class=\" lazy \" width=\"100%\" height=\"100%\" alt=\"Congelaron las tarifas de trenes y colectivos Foto Osvaldo Fanton\"><figcaption> Congelaron las tarifas de trenes y colectivos. Foto: Osvaldo Fanton. <\/figcaption><\/figure>\n<p>El ministro de Transporte de la Naci\u00f3n, Diego Giuliano, sostuvo que el Gobierno nacional decidi\u00f3 \u00abmantener las tarifas del transporte urbano a los precios de este mes durante 90 d\u00edas, y no efectuar las actualizaciones que se deb\u00edan realizar el primer d\u00eda de septiembre\u00bb.<\/p>\n<p>En declaraciones a T\u00e9lam, Giuliano manifest\u00f3: <strong>\u00abnosotros ven\u00edamos actualizando las tarifas de acuerdo a los \u00edndices del IPC, el \u00edndice de precios al consumidor. La realidad es que hoy algunos de esos costos vinculados con la estructura que tiene la tarifa del transporte, han quedado congelados, como por ejemplo el combustible\u00bb<\/strong>.<\/p>\n<p>\u00abY el combustible -continu\u00f3- es uno de los factores que incide en la conformaci\u00f3n de la tarifa, as\u00ed como otros componentes que tambi\u00e9n han sido congelados, por lo tanto, decidimos que lo que correspond\u00eda era acompa\u00f1ar las medidas que el ministro de Econom\u00eda, Sergio Massa, ha implementado para enfrentar la devaluaci\u00f3n exigida por el Fondo Monetario Internacional (FMI)\u00bb.<\/p>\n<p>Destac\u00f3 en ese sentido la importancia de \u00abacompa\u00f1ar este plan que lleva adelante el ministro Massa de fortalecimiento de los ingresos de las familias argentinas y de la producci\u00f3n. Nos parece que es un momento donde tenemos que acompa\u00f1ar desde ese lugar, y son las maneras de avanzar respecto de una situaci\u00f3n de devaluaci\u00f3n como la que conocemos\u00bb.<\/p>\n<p>\u00abLo que estamos haciendo, en suma, es acompa\u00f1ar a la gente, con un plan de contenci\u00f3n que ayude a paliar este dif\u00edcil momento. Este conjunto de medidas tiene que ver con contener, estamos seguros de que el futuro es mejor que el presente que tenemos\u00bb, afirm\u00f3 Giuliano.<\/p>\n<p>\u00abLo que estamos haciendo, en suma, es acompa\u00f1ar a la gente, con un plan de contenci\u00f3n que ayude a paliar este dif\u00edcil momento. Este conjunto de medidas tiene que ver con contener, estamos seguros de que el futuro es mejor que el presente que tenemos\u00bb<\/p>\n<p>\u00abAdem\u00e1s, lo que hacemos es volver a analizar el sistema de actualizaci\u00f3n de los costos de las tarifas, para que no est\u00e9n ligadas al IPC, sino que est\u00e9n relacionadas con los costos espec\u00edficos del transporte\u00bb, precis\u00f3.<\/p>\n<p>\u00abEstamos en un di\u00e1logo permanente con las C\u00e1maras del Transporte de Pasajeros para ir evaluando la situaci\u00f3n e ir tomando medidas para poder hacer frente a esta devaluaci\u00f3n forzada que nos impuso el FMI\u00bb, apunt\u00f3 Giuliano en di\u00e1logo con T\u00e9lam.<\/p>\n<p>El funcionario pidi\u00f3 \u00abtener paciencia\u00bb y remarc\u00f3 que \u00abhay que aguantar hasta la cosecha fina y hasta las primeras exportaciones de energ\u00eda. Hay que transitar este tramo. Este presente va a ser superado por una situaci\u00f3n que ser\u00e1 mucho mejor en los meses siguientes\u00bb, asegur\u00f3.<\/p>\n<h2 class>Decisi\u00f3n de Massa<\/h2>\n<p>Giuliano acot\u00f3 que \u00absin los subsidios al transporte, el boleto del colectivo costar\u00eda 700 pesos. Todo el resto lo paga el Estado y por lo tanto se puede congelar y mantener la tarifa. La tarifa se achat\u00f3 para generar desarrollo, comercio y producir y generar mejores n\u00fameros\u00bb.<\/p>\n<p>\u00abConcretamente -agreg\u00f3- las tarifas del transporte van a quedar congeladas a los precios de este mes de agosto, por los pr\u00f3ximos tres meses y, en ese lapso, iremos dialogando con las C\u00e1maras para determinar el mecanismo que habremos de implementar para los ajustes futuros\u00bb, destac\u00f3.<\/p>\n<p>\u00abNo podemos -a\u00f1adi\u00f3- seguir ajustando las tarifas por el sistema del OPC, cuando hay factores en la estructura de costos que han quedado congelados. Estamos llevando adelante, por decisi\u00f3n del ministro Sergio Massa, el plan m\u00e1s ambicioso de contenci\u00f3n\u00bb.<\/p>\n<p>Finalmente, insisti\u00f3 en que \u00abvamos a analizar rubro por rubro los componentes de los costos del transporte y llegaremos a un equilibrio para que, por un lado, no impacte en los bolsillos del pasajero en forma desmesurada y, por el otro, acompa\u00f1ar este momento dif\u00edcil hasta que logremos construir ese futuro que todos queremos\u00bb.<\/p>\n<h2 class>Ventana de an\u00e1lisis<\/h2>\n<p>La cartera a cargo del ministro Diego Giuliano, a trav\u00e9s de una resoluci\u00f3n publicada en el Bolet\u00edn Oficial, abri\u00f3 una ventana de an\u00e1lisis para evaluar la normativa tarifaria vigente y considerar la estructura de costos que impactan en las tarifas de transporte p\u00fablico de pasajeros.<\/p>\n<p>A trav\u00e9s de la resoluci\u00f3n 501\/2023, estableci\u00f3 que la Secretar\u00eda de Gesti\u00f3n del Transporte, a cargo de Jimena L\u00f3pez, realizar\u00e1 una revisi\u00f3n de la normativa relacionada con la redeterminaci\u00f3n de los costos y las tarifas de los servicios p\u00fablicos de transporte automotor y ferroviario de pasajeros de jurisdicci\u00f3n nacional.<\/p>\n<p>La resoluci\u00f3n, publicada en el Bolet\u00edn Oficial, determina tambi\u00e9n la continuidad de los cuadros tarifarios y tarifas establecidos para los servicios de transporte p\u00fablico automotor y ferroviario de jurisdicci\u00f3n nacional vigentes al 1 de agosto de 2023. Asimismo, resuelve la suspensi\u00f3n del mecanismo de actualizaci\u00f3n tarifaria establecido en el art\u00edculo 11 de la Resoluci\u00f3n N\u00b0 1.017 de fecha 29 de diciembre de 2022.<\/p>\n<p>Adem\u00e1s, la resoluci\u00f3n crea mesas de trabajo con las c\u00e1maras empresarias del transporte automotor de pasajeros y con los operadores de los servicios ferroviarios, como \u00e1mbitos de intercambio para analizar las estructuras de costo de operaci\u00f3n.<\/p>\n<p>El objetivo de estas mesas es considerar el impacto que tiene cada parte de la estructura de costos en la tarifa del transporte, independientemente del IPC por el cual se actualiza el cuadro tarifario actualmente. <\/p>\n","protected":false},"excerpt":{"rendered":"<p>Congelaron las tarifas de trenes y colectivos. Foto: Osvaldo Fanton. El ministro de Transporte de la Naci\u00f3n, Diego Giuliano, sostuvo que el Gobierno nacional decidi\u00f3 \u00abmantener las tarifas del transporte urbano a los precios de este mes durante 90 d\u00edas, y no efectuar las actualizaciones que se deb\u00edan realizar el primer d\u00eda de septiembre\u00bb. En [&hellip;]<\/p>\n","protected":false},"author":1,"featured_media":65830,"comment_status":"open","ping_status":"closed","sticky":false,"template":"","format":"standard","meta":[],"categories":[19],"tags":[],"_links":{"self":[{"href":"http:\/\/hoycordobaweb.com\/index.php\/wp-json\/wp\/v2\/posts\/65829"}],"collection":[{"href":"http:\/\/hoycordobaweb.com\/index.php\/wp-json\/wp\/v2\/posts"}],"about":[{"href":"http:\/\/hoycordobaweb.com\/index.php\/wp-json\/wp\/v2\/types\/post"}],"author":[{"embeddable":true,"href":"http:\/\/hoycordobaweb.com\/index.php\/wp-json\/wp\/v2\/users\/1"}],"replies":[{"embeddable":true,"href":"http:\/\/hoycordobaweb.com\/index.php\/wp-json\/wp\/v2\/comments?post=65829"}],"version-history":[{"count":0,"href":"http:\/\/hoycordobaweb.com\/index.php\/wp-json\/wp\/v2\/posts\/65829\/revisions"}],"wp:featuredmedia":[{"embeddable":true,"href":"http:\/\/hoycordobaweb.com\/index.php\/wp-json\/wp\/v2\/media\/65830"}],"wp:attachment":[{"href":"http:\/\/hoycordobaweb.com\/index.php\/wp-json\/wp\/v2\/media?parent=65829"}],"wp:term":[{"taxonomy":"category","embeddable":true,"href":"http:\/\/hoycordobaweb.com\/index.php\/wp-json\/wp\/v2\/categories?post=65829"},{"taxonomy":"post_tag","embeddable":true,"href":"http:\/\/hoycordobaweb.com\/index.php\/wp-json\/wp\/v2\/tags?post=65829"}],"curies":[{"name":"wp","href":"https:\/\/api.w.org\/{rel}","templated":true}]}}