{"id":65817,"date":"2023-08-31T12:30:38","date_gmt":"2023-08-31T12:30:38","guid":{"rendered":"https:\/\/www.mujerhoy.com\/moda\/no-te-pierdas\/bolsos-bonitos-otono-francesas-piel-calidad-20230831143020-nt.html"},"modified":"2023-08-31T12:30:38","modified_gmt":"2023-08-31T12:30:38","slug":"los-bolsos-mas-bonitos-para-el-otono-estan-en-esta-firma-francesa-y-son-perfectos-para-los-looks-de-diario","status":"publish","type":"post","link":"http:\/\/hoycordobaweb.com\/index.php\/2023\/08\/31\/los-bolsos-mas-bonitos-para-el-otono-estan-en-esta-firma-francesa-y-son-perfectos-para-los-looks-de-diario\/","title":{"rendered":"Los bolsos m\u00e1s bonitos para el oto\u00f1o est\u00e1n en esta firma francesa y son perfectos para los looks de diario"},"content":{"rendered":"<p><!-- AUTHOR --><\/p>\n<div class=\"voc-author-timesocial \"><!-- AUTHOR --><\/p>\n<div class=\"voc-author-timesocial__signature\"><!-- IMAGE AUTHOR --><picture class=\"voc-image-signature\"><img class=\"voc-image-signature__img\" src=\"http:\/\/hoycordobaweb.com\/wp-content\/uploads\/2023\/08\/los-bolsos-mas-bonitos-para-el-otono-estan-en-esta-firma-francesa-y-son-perfectos-para-los-looks-de-diario.jpg\" alt=\"Raquel Rodr\u00edguez\"><\/picture><!-- INFO AUTHOR --><\/div>\n<\/div>\n<p><!-- COMPONENTS --><\/p>\n<p class=\"voc-paragraph\">En verano, la t\u00f3nica habitual es elegir <a data-voc-vtm-id=\"in-text-traffic\" href=\"https:\/\/www.mujerhoy.com\/moda\/no-te-pierdas\/firma-bolsos-made-spain-invitadas-boda-septiembre-20230810103616-nt.html\" title=\"www.mujerhoy.com\">bolsos peque\u00f1os <\/a>y de tejidos como la rafia para estar lo m\u00e1s fresquitas posibles. Sin embargo, en cuanto bajan las temperaturas un poco, volvemos a recurrir a los <a data-voc-vtm-id=\"in-text-traffic\" href=\"https:\/\/www.mujerhoy.com\/moda\/no-te-pierdas\/bolsos-bandolera-practicos-elegantes-diario-zara-mango-20230830091349-nt.html\">bolsos tipo bandolera<\/a>, m\u00e1s grandes y de tejidos como la piel. Y si quieres triunfar este<br \/>\n<strong> oto\u00f1o 2023<\/strong>, tienes que fichar los nuevos de <strong>S\u00e9zane<\/strong>.\n<\/p>\n<p class=\"voc-paragraph\">La firma francesa celebra su d\u00e9cimo aniversario y presume de su buen hacer con la <strong>morrquiner\u00eda <\/strong>sacando a la venta diez nuevos modelos de bolsos que son una aut\u00e9ntica fantas\u00eda. Son unos modelos dise\u00f1ados para acompa\u00f1ar nuestros <a data-voc-vtm-id=\"in-text-traffic\" href=\"https:\/\/www.mujerhoy.com\/moda\/no-te-pierdas\/nieves-alvarez-famosas-instagram-mejores-looks-verano-rejuvenecedores-edad-40-20230610121548-nt.html\" title=\"www.mujerhoy.com\">looks de diario<\/a>, que admiten muchas posibilidades y que est\u00e1n disponibles en diferentes colores y materiales.\n<\/p>\n<p class=\"voc-paragraph\">Son piezas para toda la vida, confeccionadas en materiales de calidad duraderos y con <strong>dise\u00f1os atemporales<\/strong>. \u00abPiezas que se embellecer\u00e1n con el correr del tiempo, creadas a la imagen de nuestra relaci\u00f3n y de los artesanos que las fabrican\u00bb, dicen desde la firma. \u00bfCu\u00e1l es tu favorita?\n<\/p>\n<p><h3 class=\"voc-detail__title\"> El bolso saco<br \/>\n<\/h3>\n<\/p>\n<div class=\"voc-detail__cmp\">\n<div class=\"voc-article-container\">\n<article class=\"voc-article voc-article--cmp-photo-text\" readability=\"26\">\n<div class=\"voc-img-container\" readability=\"7\"><picture>\n<div class=\"voc-horizontal voc-img-icon-link\"><img class=\"lazy adsviu_analyse\" loading=\"lazy\" data-original=\"\/\/static.mujerhoy.com\/www\/multimedia\/202308\/21\/media\/cortadas\/bolso-marron-saco-kbrH--624x624@MujerHoy.jpeg\" alt=\"El bolso Marcel de S\u00e9zane.\"><\/div>\n<\/picture>\n<p class=\"figure-caption \"> El bolso Marcel de S\u00e9zane. <span class=\"voc-photo-author\"><\/span><\/p>\n<\/div>\n<\/article>\n<\/div>\n<\/div>\n<p class=\"voc-paragraph\">Ya sea por su piel lisa o su forma hobo, Marcel se adapta a todo y te acompa\u00f1a a todas partes. Su asa se regula para llevarlo en el hombro a la perfecci\u00f3n. Precio: <strong>330 euros<\/strong>.\n<\/p>\n<p><h3 class=\"voc-detail__title\"> El shopper m\u00e1s ponible<br \/>\n<\/h3>\n<\/p>\n<div class=\"voc-detail__cmp\">\n<div class=\"voc-article-container\">\n<article class=\"voc-article voc-article--cmp-photo-text\" readability=\"26\">\n<div class=\"voc-img-container\" readability=\"7\"><picture>\n<div class=\"voc-horizontal voc-img-icon-link\"><img class=\"lazy adsviu_analyse\" loading=\"lazy\" data-original=\"\/\/static.mujerhoy.com\/www\/multimedia\/202308\/21\/media\/cortadas\/shopper-negro-kbrH--624x624@MujerHoy.jpeg\" alt=\"El bolso Mara de S\u00e9zane.\"><\/div>\n<\/picture>\n<p class=\"figure-caption \"> El bolso Mara de S\u00e9zane. <span class=\"voc-photo-author\"><\/span><\/p>\n<\/div>\n<\/article>\n<\/div>\n<\/div>\n<p class=\"voc-paragraph\">Si tus d\u00edas se parecen a un largo viaje, existe Mara&#8230; Un bolso en piel lisa, con base plana, asas que se regulan y bonitos frunces. \u00abNos ha llevado mucho tiempo desarrollar este modelo para que cada detalle sea perfecto\u00bb, a\u00f1aden desde la marca. Es ideal para llevar todo y m\u00e1s, sin perder el estilo. Precio: <strong>370 euros<\/strong>.\n<\/p>\n<p><h3 class=\"voc-detail__title\"> Un dise\u00f1o original<br \/>\n<\/h3>\n<\/p>\n<div class=\"voc-detail__cmp\">\n<div class=\"voc-article-container\">\n<article class=\"voc-article voc-article--cmp-photo-text\" readability=\"26\">\n<div class=\"voc-img-container\" readability=\"7\"><picture>\n<div class=\"voc-horizontal voc-img-icon-link\"><img class=\"lazy adsviu_analyse\" loading=\"lazy\" data-original=\"\/\/static1.mujerhoy.com\/www\/multimedia\/202308\/21\/media\/cortadas\/bolso-original-kbrH--624x624@MujerHoy.jpeg\" alt=\"El bolso Milo de S\u00e9zane.\"><\/div>\n<\/picture>\n<p class=\"figure-caption \"> El bolso Milo de S\u00e9zane. <span class=\"voc-photo-author\"><\/span><\/p>\n<\/div>\n<\/article>\n<\/div>\n<\/div>\n<p class=\"voc-paragraph\">Milo es el nuevo icono fabricado en uno de los mejores talleres, pensado para todos los d\u00edas y todas las ocasiones con nuevo cierre de dise\u00f1o. Su asa tiene tres longitudes posibles para adaptarlo a tus necesidades y nuestro favorito es este de estilo patchwork. Precio: <strong>365 euros<\/strong>.\n<\/p>\n<p><h3 class=\"voc-detail__title\"> La bandolera m\u00e1s ponible<br \/>\n<\/h3>\n<\/p>\n<div class=\"voc-detail__cmp\">\n<div class=\"voc-article-container\">\n<article class=\"voc-article voc-article--cmp-photo-text\" readability=\"26\">\n<div class=\"voc-img-container\" readability=\"7\"><picture>\n<div class=\"voc-horizontal voc-img-icon-link\"><img class=\"lazy adsviu_analyse\" loading=\"lazy\" data-original=\"\/\/static.mujerhoy.com\/www\/multimedia\/202308\/21\/media\/cortadas\/bolso-bandolera-granate-kbrH--624x624@MujerHoy.jpeg\" alt=\"El bolso Claude de S\u00e9zane.\"><\/div>\n<\/picture>\n<p class=\"figure-caption \"> El bolso Claude de S\u00e9zane. <span class=\"voc-photo-author\"><\/span><\/p>\n<\/div>\n<\/article>\n<\/div>\n<\/div>\n<p class=\"voc-paragraph\">Con forma medialuna, cierre de dise\u00f1o y paleta de colores infinita, el bolso Claude se lleva cruzado y te acompa\u00f1ar\u00e1 todos los d\u00edas. Adem\u00e1s, su tama\u00f1o es perfecto para llevar tus libros, cuadernos o una cartera grande. Precio: <strong>345 euros<\/strong>.\n<\/p>\n<p><h3 class=\"voc-detail__title\"> El bolso grande todoterreno<br \/>\n<\/h3>\n<\/p>\n<div class=\"voc-detail__cmp\">\n<div class=\"voc-article-container\">\n<article class=\"voc-article voc-article--cmp-photo-text\" readability=\"26\">\n<div class=\"voc-img-container\" readability=\"7\"><picture>\n<div class=\"voc-horizontal voc-img-icon-link\"><img class=\"lazy adsviu_analyse\" loading=\"lazy\" data-original=\"\/\/static1.mujerhoy.com\/www\/multimedia\/202308\/21\/media\/cortadas\/bolos-grande-mujer-kbrH--624x624@MujerHoy.jpeg\" alt=\"El bolso Gabin de S\u00e9zane.\"><\/div>\n<\/picture>\n<p class=\"figure-caption \"> El bolso Gabin de S\u00e9zane. <span class=\"voc-photo-author\"><\/span><\/p>\n<\/div>\n<\/article>\n<\/div>\n<\/div>\n<p class=\"voc-paragraph\">Es es el bolso Gabin, un modelo de bolso XL para todos los gustos, en piel blanda que dura una vida. Est\u00e1 disponible en diferentes colores y materiales, pero nos encanta este gris s\u00faper ponible. Precio: <strong>360 euros<\/strong>.\n<\/p>\n<p><!-- TOPICS --><\/p>\n","protected":false},"excerpt":{"rendered":"<p>En verano, la t\u00f3nica habitual es elegir bolsos peque\u00f1os y de tejidos como la rafia para estar lo m\u00e1s fresquitas posibles. Sin embargo, en cuanto bajan las temperaturas un poco, volvemos a recurrir a los bolsos tipo bandolera, m\u00e1s grandes y de tejidos como la piel. Y si quieres triunfar este oto\u00f1o 2023, tienes que [&hellip;]<\/p>\n","protected":false},"author":1,"featured_media":65818,"comment_status":"closed","ping_status":"closed","sticky":false,"template":"","format":"standard","meta":[],"categories":[1],"tags":[],"_links":{"self":[{"href":"http:\/\/hoycordobaweb.com\/index.php\/wp-json\/wp\/v2\/posts\/65817"}],"collection":[{"href":"http:\/\/hoycordobaweb.com\/index.php\/wp-json\/wp\/v2\/posts"}],"about":[{"href":"http:\/\/hoycordobaweb.com\/index.php\/wp-json\/wp\/v2\/types\/post"}],"author":[{"embeddable":true,"href":"http:\/\/hoycordobaweb.com\/index.php\/wp-json\/wp\/v2\/users\/1"}],"replies":[{"embeddable":true,"href":"http:\/\/hoycordobaweb.com\/index.php\/wp-json\/wp\/v2\/comments?post=65817"}],"version-history":[{"count":0,"href":"http:\/\/hoycordobaweb.com\/index.php\/wp-json\/wp\/v2\/posts\/65817\/revisions"}],"wp:featuredmedia":[{"embeddable":true,"href":"http:\/\/hoycordobaweb.com\/index.php\/wp-json\/wp\/v2\/media\/65818"}],"wp:attachment":[{"href":"http:\/\/hoycordobaweb.com\/index.php\/wp-json\/wp\/v2\/media?parent=65817"}],"wp:term":[{"taxonomy":"category","embeddable":true,"href":"http:\/\/hoycordobaweb.com\/index.php\/wp-json\/wp\/v2\/categories?post=65817"},{"taxonomy":"post_tag","embeddable":true,"href":"http:\/\/hoycordobaweb.com\/index.php\/wp-json\/wp\/v2\/tags?post=65817"}],"curies":[{"name":"wp","href":"https:\/\/api.w.org\/{rel}","templated":true}]}}