{"id":65766,"date":"2023-08-30T12:32:49","date_gmt":"2023-08-30T12:32:49","guid":{"rendered":"https:\/\/www.mujerhoy.com\/moda\/no-te-pierdas\/parka-agotada-sezane-adoran-francesas-otono-temporada-20230830143227-nt.html"},"modified":"2023-08-30T12:32:49","modified_gmt":"2023-08-30T12:32:49","slug":"por-que-no-ha-empezado-el-otono-y-esta-parka-es-la-mas-vendida-en-francia","status":"publish","type":"post","link":"http:\/\/hoycordobaweb.com\/index.php\/2023\/08\/30\/por-que-no-ha-empezado-el-otono-y-esta-parka-es-la-mas-vendida-en-francia\/","title":{"rendered":"Por qu\u00e9 no ha empezado el oto\u00f1o y esta parka es la m\u00e1s vendida en Francia"},"content":{"rendered":"<p><!-- AUTHOR --><\/p>\n<div class=\"voc-author-timesocial \"><!-- AUTHOR --><\/p>\n<div class=\"voc-author-timesocial__signature\"><!-- IMAGE AUTHOR --><picture class=\"voc-image-signature\"><img class=\"voc-image-signature__img\" src=\"http:\/\/hoycordobaweb.com\/wp-content\/uploads\/2023\/08\/por-que-no-ha-empezado-el-otono-y-esta-parka-es-la-mas-vendida-en-francia.jpg\" alt=\"Carla Dom\u00ednguez\"><\/picture><!-- INFO AUTHOR --><\/div>\n<\/div>\n<p><!-- COMPONENTS --><\/p>\n<p class=\"voc-paragraph\">Si tuvi\u00e9ramos que <strong>definir un uniforme del oto\u00f1o<\/strong> estar\u00eda compuesto por b\u00e1sicos como vaqueros, camiseta blanca y por supuesto, una gabardina o parka. Esta chaqueta es una de las m\u00e1s vistas en el <i>street style<\/i> y no es pura casualidad. Abriga lo justo y necesario para hacer frente a la temporada y adem\u00e1s, se puede llevar encima de otras chaquetas m\u00e1s finas como un blazer en invierno.\n<\/p>\n<p class=\"voc-paragraph\">Sin duda, <a data-voc-vtm-id=\"in-text-traffic\" href=\"https:\/\/www.mujerhoy.com\/moda\/tendencias\/abrigo-parka-practico-comodo-calentito-corte-ingles-zara-stradivarius-20221211131603-ga.html\">la parka<\/a> es uno de los modelos m\u00e1s pr\u00e1cticos de la historia de la moda. Es una de las prendas favoritas de las inglesas, pero poco a poco tambi\u00e9n se va introduciendo en nuestra cultura. Algunas impermeables, o con forros de pelo, este abrigo es un cl\u00e1sico.\n<\/p>\n<p class=\"voc-paragraph\">Y aunque todav\u00eda muchas se resisten a hacerse con prendas oto\u00f1ales, lo cierto es que hay otras algo m\u00e1s previsoras que prefieren<br \/>\n<strong> renovar el armario antes de tiempo a pesar del calor<\/strong>. Tanto es as\u00ed que en algunas firmas ya han colgado el cartel de sold out en algunas prendas.\n<\/p>\n<p class=\"voc-paragraph\">Es el caso de <strong>la firma S\u00e9zane<\/strong>, una de las m\u00e1s deseadas \u00faltimamente por las parisinas, pero tambi\u00e9n fuera de Francia como por ejemplo en Espa\u00f1a. Aunque todav\u00eda no cuenta con tienda f\u00edsica en nuestro pa\u00eds -solo a trav\u00e9s de ciertos Pop Up-, la realidad es que gusta a muchas personas.\n<\/p>\n<p class=\"voc-paragraph\">Es una firma sofisticada, con toques de color y que representa a la perfecci\u00f3n ese <i>savoir fair<\/i> franc\u00e9s tan buscado en moda. Aunque todav\u00eda es pronto para comprar demasiadas prendas de oto\u00f1o, parece que en la web de S\u00e9zane ya hay una prenda que conquista.\n<\/p>\n<p><h3 class=\"voc-detail__title\"> La parka m\u00e1s deseada por las francesas se agota en horas<br \/>\n<\/h3>\n<\/p>\n<p class=\"voc-paragraph\">Nos referimos a una parka. S\u00ed, has le\u00eddo bien. Casi ya entrando en septiembre, lo que m\u00e1s se vende en su web (o al menos muchas clientan demandan) es una <strong>bonita parka de la firma francesa<\/strong> que cuenta con una larga lista de espera a la que puedes sumarte todav\u00eda.\n<\/p>\n<p class=\"voc-paragraph\">Se trata de la parka con capucha en color arena que la firma ha dise\u00f1ado para la colecci\u00f3n de oto\u00f1o-invierno y que ha enamorado a muchas amantes de la marca. Es <strong>la parka Hugo<\/strong> y cuenta con un dise\u00f1o muy sofiticado y vers\u00e1til para lucir durante todo el a\u00f1o.\n<\/p>\n<div class=\"voc-detail-photo-zoom\"><picture data-toggle=\"modal\" data-target=\"#photoZoomModal-76\" target=\"modal\">\n<div class=\"voc-img-icon-link\"><img loading=\"lazy\" data-original=\"\/\/static2.mujerhoy.com\/www\/multimedia\/202308\/29\/media\/cortadas\/parka-beige-sezane-kl9B--460x637@MujerHoy.jpg\" class=\"lazy adsviu_analyse\" alt=\"Parka en color beige de S\u00e9zane. Foto: S\u00e9zane.\"><noscript><img src=\"http:\/\/hoycordobaweb.com\/wp-content\/uploads\/2023\/08\/por-que-no-ha-empezado-el-otono-y-esta-parka-es-la-mas-vendida-en-francia-1.jpg\" alt=\"Parka en color beige de S\u00e9zane. Foto: S\u00e9zane.\"><\/noscript><i class=\"voc-icons zoom voc-multimedia-box voc-ico-l\"><\/i><\/div><figcaption class=\"figure-caption\">Parka en color beige de S\u00e9zane. Foto: S\u00e9zane.<\/figcaption><\/picture><\/div>\n<div id=\"photoZoomModal-76\" class=\"voc-lightbox modal fade voc-lightbox--photo-zoom\" role=\"dialog\" data-voc-photozoom-lightbox>\n<div class=\"voc-lightbox__dialog\" role=\"document\">\n<div class=\"voc-lightbox__content\"><!-- Modal header --><!-- Modal content --><\/p>\n<div class=\"voc-lightbox__photo-container\"><picture class><img loading=\"lazy\" data-original=\"\/\/static2.mujerhoy.com\/www\/multimedia\/202308\/29\/media\/cortadas\/parka-beige-sezane-kl9B--460x637@MujerHoy.jpg\" alt=\"Parka en color beige de S\u00e9zane. Foto: S\u00e9zane.\" class=\"lazy\"><noscript><img src=\"http:\/\/hoycordobaweb.com\/wp-content\/uploads\/2023\/08\/por-que-no-ha-empezado-el-otono-y-esta-parka-es-la-mas-vendida-en-francia-1.jpg\" alt=\"Parka en color beige de S\u00e9zane. Foto: S\u00e9zane.\"><\/noscript><\/picture><\/div>\n<\/div>\n<\/div>\n<\/div>\n<p class=\"voc-paragraph\">Es una <strong>chaqueta con un precio elevado (270 euros)<\/strong> pero que podr\u00e1s usar durante a\u00f1os si la cuidas bien. Cuenta con grandes bolsillos con solapa y un cord\u00f3n ajustable en la cintura. Su material principal es el algod\u00f3n y tambi\u00e9n tiene con poli\u00e9ster reciclado.\n<\/p>\n<p class=\"voc-paragraph\">En cuanto a tallas tienen una amplia variedad, pero de momento no est\u00e1n disponibles. Es una parka que seguramente se convierta (si no lo es ya) en uno de los <i>bestsellers<\/i> de la firma S\u00e9zane porque es un b\u00e1sico todoterreno que combina con todo.\n<\/p>\n<p><!-- TOPICS --><\/p>\n","protected":false},"excerpt":{"rendered":"<p>Si tuvi\u00e9ramos que definir un uniforme del oto\u00f1o estar\u00eda compuesto por b\u00e1sicos como vaqueros, camiseta blanca y por supuesto, una gabardina o parka. Esta chaqueta es una de las m\u00e1s vistas en el street style y no es pura casualidad. Abriga lo justo y necesario para hacer frente a la temporada y adem\u00e1s, se puede [&hellip;]<\/p>\n","protected":false},"author":1,"featured_media":65767,"comment_status":"closed","ping_status":"closed","sticky":false,"template":"","format":"standard","meta":[],"categories":[1],"tags":[],"_links":{"self":[{"href":"http:\/\/hoycordobaweb.com\/index.php\/wp-json\/wp\/v2\/posts\/65766"}],"collection":[{"href":"http:\/\/hoycordobaweb.com\/index.php\/wp-json\/wp\/v2\/posts"}],"about":[{"href":"http:\/\/hoycordobaweb.com\/index.php\/wp-json\/wp\/v2\/types\/post"}],"author":[{"embeddable":true,"href":"http:\/\/hoycordobaweb.com\/index.php\/wp-json\/wp\/v2\/users\/1"}],"replies":[{"embeddable":true,"href":"http:\/\/hoycordobaweb.com\/index.php\/wp-json\/wp\/v2\/comments?post=65766"}],"version-history":[{"count":0,"href":"http:\/\/hoycordobaweb.com\/index.php\/wp-json\/wp\/v2\/posts\/65766\/revisions"}],"wp:featuredmedia":[{"embeddable":true,"href":"http:\/\/hoycordobaweb.com\/index.php\/wp-json\/wp\/v2\/media\/65767"}],"wp:attachment":[{"href":"http:\/\/hoycordobaweb.com\/index.php\/wp-json\/wp\/v2\/media?parent=65766"}],"wp:term":[{"taxonomy":"category","embeddable":true,"href":"http:\/\/hoycordobaweb.com\/index.php\/wp-json\/wp\/v2\/categories?post=65766"},{"taxonomy":"post_tag","embeddable":true,"href":"http:\/\/hoycordobaweb.com\/index.php\/wp-json\/wp\/v2\/tags?post=65766"}],"curies":[{"name":"wp","href":"https:\/\/api.w.org\/{rel}","templated":true}]}}