{"id":65758,"date":"2023-08-30T13:53:46","date_gmt":"2023-08-30T13:53:46","guid":{"rendered":"https:\/\/www.ole.com.ar\/futbol-internacional\/kolo-muani-delantero-frances-psg-paris-francia-eintratch-frankfurt-fuerza-salida_0_DcxktdJfjr.html"},"modified":"2023-08-30T13:53:46","modified_gmt":"2023-08-30T13:53:46","slug":"kolo-muani-fuerza-su-salida-del-eintracht-frankfurt-para-irse-al-psg","status":"publish","type":"post","link":"http:\/\/hoycordobaweb.com\/index.php\/2023\/08\/30\/kolo-muani-fuerza-su-salida-del-eintracht-frankfurt-para-irse-al-psg\/","title":{"rendered":"Kolo Muani fuerza su salida del Eintracht Frankfurt para irse al PSG"},"content":{"rendered":"<p><img src=\"http:\/\/hoycordobaweb.com\/wp-content\/uploads\/2023\/08\/kolo-muani-fuerza-su-salida-del-eintracht-frankfurt-para-irse-al-psg.jpg\"><\/p>\n<p><time class=\"createDate\" datetime=\"2023-08-30T10:53:46-03:00\">30\/08\/2023 10:53hs.<\/time><time class=\"modificatedDate\" datetime=\"2023-08-30T10:53:45-03:00\"><\/time><\/p>\n<div id=\"storyBody\">\n<div class=\"custom-text \" readability=\"37\">\n<p>El mercado de pases en el f\u00fatbol europeo est\u00e1 por terminar. En este contexto, los equipos buscan reforzarse para mantenerse en competencia y, en simult\u00e1neo, algunos futbolistas hacen movimientos para salir de sus clubes en busca de nuevas oportunidades.<\/p>\n<\/div>\n<div class=\"custom-text \" readability=\"36.845930232558\">\n<p>Uno de ellos es <strong>Randal Kolo Muani<\/strong>, el delantero franc\u00e9s que err\u00f3 el mano a mano con el <strong>Dibu Mart\u00ednez<\/strong> en la final de la Copa del Mundo. En la actualidad, el goleador de 24 a\u00f1os juega para el <a href=\"https:\/\/www.ole.com.ar\/tema\/eintracht-frankfurt.html\" title=\"Eintracht Frankfurt\" alt=\"Eintracht Frankfurt\" class=\"slug\">Eintracht Frankfurt<\/a> en la Bundesliga, donde comparte cancha con el argentino <strong>Lucas Alario<\/strong> y el colombiano<strong> Rafael Santos Borr\u00e9<\/strong>, ex jugadores de River. <\/p>\n<\/div>\n<div class=\"custom-text \" readability=\"41\">\n<p>Sin embargo, seg\u00fan indic\u00f3 el propio jugador, su futuro deseado est\u00e1 en Francia, m\u00e1s precisamente en la capital, ciudad donde se encuentra el <strong>PSG<\/strong>. El conjunto parisino -que est\u00e1 al tanto de la situaci\u00f3n y quiere resolver la vacante que podr\u00eda dejar en el ataque Kylian Mbapp\u00e9- le ofreci\u00f3 al conjunto alem\u00e1n casi 70 millones de euros para comprar el pase de su Muani. No obstante, <strong>la cifra le pareci\u00f3 insuficiente a Las \u00c1guilas<\/strong>, quienes elevaron el monto a 100 millones incluyendo variables.<\/p>\n<\/div>\n<div class=\"sc-e7b891c4-0 jPbnQF\"><img alt=\"Muani anot\u00f3 15 goles en la pasada Bundesliga (EFE)\" src=\"http:\/\/hoycordobaweb.com\/wp-content\/uploads\/2023\/08\/kolo-muani-fuerza-su-salida-del-eintracht-frankfurt-para-irse-al-psg-2.jpg\" width=\"720\" height=\"100\" decoding=\"async\" data-nimg=\"future\" loading=\"lazy\"><span class=\"epigraphe\">Muani anot\u00f3 15 goles en la pasada Bundesliga (EFE)<\/span><\/div>\n<p><h2>Muani comienza a tomar la iniciativa<\/h2>\n<\/p>\n<div class=\"custom-text \" readability=\"43\">\n<p>Por las diferencias, la negociaci\u00f3n entre clubes qued\u00f3 estancada. Pero, en contrapartida, el que no se qued\u00f3 quieto fue Muani, que se manifest\u00f3 a favor de realizar la transacci\u00f3n. \u00abLe debo mucho al Eintracht Frankfurt, siempre le di todo al club hasta el final. Sin embargo, <strong>no es secreto que el PSG hizo una oferta r\u00e9cord por mi, mudarme a Par\u00eds es una oportunidad \u00fanica para m\u00ed. Me gustar\u00eda mudarme a Par\u00eds y ya he avisado a los responsables<\/strong>. Espero que el Eintracht acepte la oferta y este movimiento sea posible para m\u00ed\u00bb, asegur\u00f3.<\/p>\n<\/div>\n<div class=\"custom-text \" readability=\"39\">\n<p>Como sus palabras no fueron escuchadas, Kolo tom\u00f3 cartas en el asunto. Seg\u00fan indican los reportes del medio deportivo RMC, en un acto de rebeld\u00eda, Muani no entren\u00f3 este mi\u00e9rcoles para forzar su salida. Siguiendo la misma l\u00ednea, periodistas locales sugirieron que el delantero franc\u00e9s se encuentra en Par\u00eds para ejercer presi\u00f3n y concretar el acuerdo.<\/p>\n<\/div>\n<div class=\"custom-text \" readability=\"34\">\n<p>En su paso por el Eintracht Frankfurt, el delantero tuvo un gran rendimiento: anot\u00f3 26 goles en 50 partidos desde su llegada del Nantes.<\/p>\n<\/div>\n<div class=\"sc-e7b891c4-0 jPbnQF\"><img alt=\"Muani celebra su primer gol del presente campeonato en la liga de Alemania (AFP)\" src=\"http:\/\/hoycordobaweb.com\/wp-content\/uploads\/2023\/08\/kolo-muani-fuerza-su-salida-del-eintracht-frankfurt-para-irse-al-psg-3.jpg\" width=\"720\" height=\"100\" decoding=\"async\" data-nimg=\"future\" loading=\"lazy\"><span class=\"epigraphe\">Muani celebra su primer gol del presente campeonato en la liga de Alemania (AFP)<\/span><\/div>\n<div class=\"sc-a7166897-0 exHLBh\" readability=\"6\">\n<section readability=\"2\"><picture><img alt=\"Tebas liquid\u00f3 a Rubiales: &quot;Un energ\u00fameno toc\u00e1ndose los genitales&quot;\" src=\"http:\/\/hoycordobaweb.com\/wp-content\/uploads\/2023\/08\/kolo-muani-fuerza-su-salida-del-eintracht-frankfurt-para-irse-al-psg-4.jpg\" width=\"290\" height=\"290\" decoding=\"async\" data-nimg=\"future\" loading=\"lazy\"><\/picture>\n<p><span>Mir\u00e1 tambi\u00e9n<\/span><\/p>\n<hr>\n<h3>Tebas liquid\u00f3 a Rubiales: \u00abUn energ\u00fameno toc\u00e1ndose los genitales\u00bb<\/h3>\n<\/p>\n<\/section>\n<\/div>\n<div class=\"sc-a7166897-0 exHLBh\" readability=\"6\">\n<section readability=\"2\"><picture><img alt=\"La gastada de Corinthians a Estudiantes que se volvi\u00f3 viral\" src=\"http:\/\/hoycordobaweb.com\/wp-content\/uploads\/2023\/08\/kolo-muani-fuerza-su-salida-del-eintracht-frankfurt-para-irse-al-psg-5.jpg\" width=\"290\" height=\"290\" decoding=\"async\" data-nimg=\"future\" loading=\"lazy\"><\/picture>\n<p><span>Mir\u00e1 tambi\u00e9n<\/span><\/p>\n<hr>\n<h3>La gastada de Corinthians a Estudiantes que se volvi\u00f3 viral<\/h3>\n<\/p>\n<\/section>\n<\/div>\n<div class=\"sc-a7166897-0 exHLBh\" readability=\"7.5\">\n<section readability=\"5\"><picture><img alt=\"Boca, EN VIVO: la evoluci\u00f3n de Barco, mercado de pases y m\u00e1s noticias del mi\u00e9rcoles 30 de agosto\" src=\"http:\/\/hoycordobaweb.com\/wp-content\/uploads\/2023\/08\/kolo-muani-fuerza-su-salida-del-eintracht-frankfurt-para-irse-al-psg-6.jpg\" width=\"290\" height=\"290\" decoding=\"async\" data-nimg=\"future\" loading=\"lazy\"><\/picture>\n<p><span>Mir\u00e1 tambi\u00e9n<\/span><\/p>\n<hr>\n<h3>Boca, EN VIVO: la evoluci\u00f3n de Barco, mercado de pases y m\u00e1s noticias del mi\u00e9rcoles 30 de agosto<\/h3>\n<\/p>\n<\/section>\n<\/div>\n<div class=\"sc-a7166897-0 exHLBh\" readability=\"6.5\">\n<section readability=\"3\"><picture><img alt=\"El sentido mensaje de Mancuello tras su vuelta a Independiente: &quot;Esper\u00e9 mucho para vivir de nuevo este sue\u00f1o&quot;\" src=\"http:\/\/hoycordobaweb.com\/wp-content\/uploads\/2023\/08\/kolo-muani-fuerza-su-salida-del-eintracht-frankfurt-para-irse-al-psg-7.jpg\" width=\"290\" height=\"290\" decoding=\"async\" data-nimg=\"future\" loading=\"lazy\"><\/picture>\n<p><span>Mir\u00e1 tambi\u00e9n<\/span><\/p>\n<hr>\n<h3>El sentido mensaje de Mancuello tras su vuelta a Independiente: \u00abEsper\u00e9 mucho para vivir de nuevo este sue\u00f1o\u00bb<\/h3>\n<\/p>\n<\/section>\n<\/div>\n<\/div>\n","protected":false},"excerpt":{"rendered":"<p>30\/08\/2023 10:53hs. El mercado de pases en el f\u00fatbol europeo est\u00e1 por terminar. En este contexto, los equipos buscan reforzarse para mantenerse en competencia y, en simult\u00e1neo, algunos futbolistas hacen movimientos para salir de sus clubes en busca de nuevas oportunidades. Uno de ellos es Randal Kolo Muani, el delantero franc\u00e9s que err\u00f3 el mano [&hellip;]<\/p>\n","protected":false},"author":1,"featured_media":65759,"comment_status":"open","ping_status":"closed","sticky":false,"template":"","format":"standard","meta":[],"categories":[16],"tags":[],"_links":{"self":[{"href":"http:\/\/hoycordobaweb.com\/index.php\/wp-json\/wp\/v2\/posts\/65758"}],"collection":[{"href":"http:\/\/hoycordobaweb.com\/index.php\/wp-json\/wp\/v2\/posts"}],"about":[{"href":"http:\/\/hoycordobaweb.com\/index.php\/wp-json\/wp\/v2\/types\/post"}],"author":[{"embeddable":true,"href":"http:\/\/hoycordobaweb.com\/index.php\/wp-json\/wp\/v2\/users\/1"}],"replies":[{"embeddable":true,"href":"http:\/\/hoycordobaweb.com\/index.php\/wp-json\/wp\/v2\/comments?post=65758"}],"version-history":[{"count":0,"href":"http:\/\/hoycordobaweb.com\/index.php\/wp-json\/wp\/v2\/posts\/65758\/revisions"}],"wp:featuredmedia":[{"embeddable":true,"href":"http:\/\/hoycordobaweb.com\/index.php\/wp-json\/wp\/v2\/media\/65759"}],"wp:attachment":[{"href":"http:\/\/hoycordobaweb.com\/index.php\/wp-json\/wp\/v2\/media?parent=65758"}],"wp:term":[{"taxonomy":"category","embeddable":true,"href":"http:\/\/hoycordobaweb.com\/index.php\/wp-json\/wp\/v2\/categories?post=65758"},{"taxonomy":"post_tag","embeddable":true,"href":"http:\/\/hoycordobaweb.com\/index.php\/wp-json\/wp\/v2\/tags?post=65758"}],"curies":[{"name":"wp","href":"https:\/\/api.w.org\/{rel}","templated":true}]}}