{"id":65746,"date":"2023-08-30T14:30:43","date_gmt":"2023-08-30T14:30:43","guid":{"rendered":"https:\/\/www.ole.com.ar\/ecuador\/liga-pro\/kevin-rodriguez-fichaje-union-saint-gilloise-belgica-independiente-valle-confirmado_0_NBVfuVuxrL.html"},"modified":"2023-08-30T14:30:43","modified_gmt":"2023-08-30T14:30:43","slug":"confirmado-kevin-rodriguez-firmo-con-el-union-saint-gilloise-de-belgica","status":"publish","type":"post","link":"http:\/\/hoycordobaweb.com\/index.php\/2023\/08\/30\/confirmado-kevin-rodriguez-firmo-con-el-union-saint-gilloise-de-belgica\/","title":{"rendered":"Confirmado: Kevin Rodr\u00edguez firm\u00f3 con el Union Saint- Gilloise de B\u00e9lgica"},"content":{"rendered":"<p><img src=\"http:\/\/hoycordobaweb.com\/wp-content\/uploads\/2023\/08\/confirmado-kevin-rodriguez-firmo-con-el-union-saint-gilloise-de-belgica.jpg\"><\/p>\n<p><time class=\"createDate\" datetime=\"2023-08-30T11:30:43-03:00\">30\/08\/2023 11:30hs.<\/time><time class=\"modificatedDate\" datetime=\"2023-08-30T11:32:32-03:00\"> Actualizado al 30\/08\/2023 11:32hs.<\/time><\/p>\n<div id=\"storyBody\">\n<div class=\"custom-text \" readability=\"31.54068716094\">\n<p><strong>En poco m\u00e1s de un a\u00f1o la vida de Kevin Rodr\u00edguez dio un giro de 180 grados<\/strong>. El delantero ecuatoriano destac\u00f3 en la <a href=\"https:\/\/www.ole.com.ar\/tema\/copa-ecuador.html\" title=\"Copa Ecuador\" alt=\"Copa Ecuador\" class=\"slug\">Copa Ecuador 2022<\/a> jugando para Imbabura, equipo con el que lograron eliminar a <a href=\"https:\/\/www.ole.com.ar\/tema\/liga-de-quito.html\" title=\"liga de quito\" alt=\"liga de quito\" class=\"slug\">Liga de Quito<\/a> con una gran actuaci\u00f3n del veloz atacante. Poco tiempo despu\u00e9s <a href=\"https:\/\/www.ole.com.ar\/tema\/gustavo-alfaro.html\" title=\"Gustavo Alfaro\" alt=\"Gustavo Alfaro\" class=\"slug\">Gustavo Alfaro<\/a> lo cit\u00f3 para ser parte de <a href=\"https:\/\/www.ole.com.ar\/tema\/la-tri.html\" title=\"La Tri\" alt=\"La Tri\" class=\"slug\">La Tri<\/a> en el <a href=\"https:\/\/www.ole.com.ar\/tema\/mundial-de-qatar-2022.html\" title=\"Mundial de Qatar 2022\" alt=\"Mundial de Qatar 2022\" class=\"slug\">Mundial de Qatar 2022<\/a>, siendo la gran sorpresa de la convocatoria. Todo esto lo llev\u00f3 a ser fichado por <a href=\"https:\/\/www.ole.com.ar\/tema\/independiente-del-valle.html\" title=\"Independiente del Valle\" alt=\"Independiente del Valle\" class=\"slug\">Independiente del Valle<\/a> a inicios del a\u00f1os, equipo donde lleva cinco goles y una asistencia en 25 partidos jugados.<\/p>\n<\/div>\n<div class=\"custom-text \" readability=\"38\">\n<p>La Rola tiene caracter\u00edsticas f\u00edsicas que lo hacen marcar diferencias jugando al espacio, las cuales llamaron la atenci\u00f3n de un club de B\u00e9lgica que ya cerr\u00f3 su fichaje. <strong>Se trata del Union Saint-Gilloise, equipo que pertenece al mismo grupo del Brighton. El jugador de 23 a\u00f1os viaj\u00f3 hasta territorio europeo tras el partido de IDV ante Universidad Cat\u00f3lica, en el cual ingres\u00f3 al minuto 83.<\/strong><\/p>\n<\/div>\n<div class=\"custom-text \" readability=\"36\">\n<p>El Saint-Gilloise se acerc\u00f3 a IDV para comprar un porcentaje del pase de Rodr\u00edguez y desde ese momento empezaron las negociaciones. <strong>El jugador ya super\u00f3 los chequeos m\u00e9dicos con el equipo belga y firm\u00f3 un contrato por cuatro temporadas. <\/strong>El conjunto belga desembols\u00f3 4.5 millones de d\u00f3lares por el 80% del pase del atacante, el otro 20% lo mantiene IDV para una futura venta.<\/p>\n<\/div>\n<div class=\"custom-text \" readability=\"39\">\n<p><strong>El delantero de 23 a\u00f1os se suma a Nilson Angulo, Alan Minda, Joel Ord\u00f3\u00f1ez, Anthony Valencia, Luis Segovia y Angelo Preciado como los ecuatorianos en la Liga de B\u00e9lgica<\/strong>. De esta manera, hay un jugador m\u00e1s que representar\u00e1 a Ecuador en Europa.<\/p>\n<\/div>\n<div class=\"custom-embedhtml\" readability=\"8.6015831134565\">\n<blockquote class=\"twitter-tweet\" readability=\"11.182058047493\">\n<p lang=\"es\" dir=\"ltr\">LA ROLA, CORAZ\u00d3N\u2764\ufe0f<\/p>\n<p>\u2705 Kevin Rodr\u00edguez super\u00f3 los chequeos m\u00e9dicos con el Union Saint-Gilloise de B\u00e9lgica \ud83c\udde7\ud83c\uddea<\/p>\n<p>\u270d\ufe0f Firm\u00f3 por 4\u20e3 temporadas<\/p>\n<p>\ud83d\udcb0 Compra cercana a los $ 4.5 millones por el 80% del pase<\/p>\n<p>\ud83d\udccc Independiente del Valle conserva el 20% de una futura venta<\/p>\n<p>\u2139\ufe0f <a href=\"https:\/\/twitter.com\/DiarioOleEc?ref_src=twsrc%5Etfw\">@DiarioOleEc<\/a> <a href=\"https:\/\/t.co\/KnVTifrWb7\">pic.twitter.com\/KnVTifrWb7<\/a><\/p>\n<p>\u2014 Diario Ol\u00e9 Ecuador (@DiarioOleEc) <a href=\"https:\/\/twitter.com\/DiarioOleEc\/status\/1696885831376552351?ref_src=twsrc%5Etfw\">August 30, 2023<\/a><\/p><\/blockquote><\/div>\n<div class=\"custom-text \" readability=\"36\">\n<p><strong>Rodr\u00edguez ha alternado titularidad en IDV y hasta fue parte de un experimento de Mart\u00edn Anselmi al usarlo como carrilero por la izquierda<\/strong>. El salir del f\u00fatbol ecuatoriano puede ser muy positivo para el delantero de 23 a\u00f1os, ya que recibe muchas cr\u00edticas al haber sido convocado para el Mundial y quitarse toda la atenci\u00f3n de encima lo ayudar\u00e1 a jugar m\u00e1s tranquilo.<\/p>\n<\/div>\n<div class=\"sc-e7b891c4-0 jPbnQF\"><img alt=\"Kevin Rodr\u00edguez cerca del f\u00fatbol europeo. (AFP)\" src=\"http:\/\/hoycordobaweb.com\/wp-content\/uploads\/2023\/08\/confirmado-kevin-rodriguez-firmo-con-el-union-saint-gilloise-de-belgica-2.jpg\" width=\"720\" height=\"100\" decoding=\"async\" data-nimg=\"future\" loading=\"lazy\"><span class=\"epigraphe\">Kevin Rodr\u00edguez cerca del f\u00fatbol europeo. (AFP)<\/span><\/div>\n<div class=\"custom-text \" readability=\"38\">\n<p><strong>El Union Saint-Gilloise milita en la Jupiler League, torneo en el que en tercer lugar en la temporada 2022-2023, en la cual perdieron el t\u00edtulo frente al Royal Antwerp de Willian Pacho y Anthony Valencia<\/strong>. En esta nueva temporada ocupan el quinto lugar en la Liga de B\u00e9lgica con nueve puntos en las primeras cuatro fechas. Este jueves se enfrentar\u00e1n al FC Lugano por la vuelta de los playoffs de la UEFA Europa League, serie en la que tienen ventaja gracias al 2-0 conseguido en la ida como locales.<\/p>\n<\/div>\n<div class=\"sc-e7b891c4-0 jPbnQF\"><img alt=\"Los jugadores del Union Saint-Gilloise. (AFP)\" src=\"http:\/\/hoycordobaweb.com\/wp-content\/uploads\/2023\/08\/confirmado-kevin-rodriguez-firmo-con-el-union-saint-gilloise-de-belgica-3.jpg\" width=\"720\" height=\"100\" decoding=\"async\" data-nimg=\"future\" loading=\"lazy\"><span class=\"epigraphe\">Los jugadores del Union Saint-Gilloise. (AFP)<\/span><\/div>\n<div class=\"sc-a7166897-0 exHLBh\" readability=\"6\">\n<section readability=\"2\"><picture><img alt=\"THE GOAT: los tremendos n\u00fameros de Enner Valencia en la Copa Libertadores 2023 \" src=\"http:\/\/hoycordobaweb.com\/wp-content\/uploads\/2023\/08\/confirmado-kevin-rodriguez-firmo-con-el-union-saint-gilloise-de-belgica-4.jpg\" width=\"290\" height=\"290\" decoding=\"async\" data-nimg=\"future\" loading=\"lazy\"><\/picture>\n<p><span>Mir\u00e1 tambi\u00e9n<\/span><\/p>\n<hr>\n<h3>THE GOAT: los tremendos n\u00fameros de Enner Valencia en la Copa Libertadores 2023<br \/>\n<\/h3>\n<\/p>\n<\/section>\n<\/div>\n<div class=\"sc-a7166897-0 exHLBh\" readability=\"6\">\n<section readability=\"2\"><picture><img alt=\"Diego Ledesma con Ol\u00e9: &quot;Jugar una copa internacional ser\u00eda fenomenal&quot;\" src=\"http:\/\/hoycordobaweb.com\/wp-content\/uploads\/2023\/08\/confirmado-kevin-rodriguez-firmo-con-el-union-saint-gilloise-de-belgica-5.jpg\" width=\"290\" height=\"290\" decoding=\"async\" data-nimg=\"future\" loading=\"lazy\"><\/picture>\n<p><span>Mir\u00e1 tambi\u00e9n<\/span><\/p>\n<hr>\n<h3>Diego Ledesma con Ol\u00e9: \u00abJugar una copa internacional ser\u00eda fenomenal\u00bb<\/h3>\n<\/p>\n<\/section>\n<\/div>\n<div class=\"sc-a7166897-0 exHLBh\" readability=\"6\">\n<section readability=\"2\"><picture><img alt=\"\u00bfQui\u00e9nes son los 10 ecuatorianos mejor valorados en EA FC 24?\" src=\"http:\/\/hoycordobaweb.com\/wp-content\/uploads\/2023\/08\/confirmado-kevin-rodriguez-firmo-con-el-union-saint-gilloise-de-belgica-6.jpg\" width=\"290\" height=\"290\" decoding=\"async\" data-nimg=\"future\" loading=\"lazy\"><\/picture>\n<p><span>Mir\u00e1 tambi\u00e9n<\/span><\/p>\n<hr>\n<h3>\u00bfQui\u00e9nes son los 10 ecuatorianos mejor valorados en EA FC 24?<\/h3>\n<\/p>\n<\/section>\n<\/div>\n<div class=\"sc-a7166897-0 exHLBh\" readability=\"6.5\">\n<section readability=\"3\"><picture><img alt=\"Walter Ayov\u00ed: &quot;Despu\u00e9s de Enner, el capit\u00e1n va a ser Pervis Estupi\u00f1\u00e1n&quot;\" src=\"http:\/\/hoycordobaweb.com\/wp-content\/uploads\/2023\/08\/confirmado-kevin-rodriguez-firmo-con-el-union-saint-gilloise-de-belgica-7.jpg\" width=\"290\" height=\"290\" decoding=\"async\" data-nimg=\"future\" loading=\"lazy\"><\/picture>\n<p><span>Mir\u00e1 tambi\u00e9n<\/span><\/p>\n<hr>\n<h3>Walter Ayov\u00ed: \u00abDespu\u00e9s de Enner, el capit\u00e1n va a ser Pervis Estupi\u00f1\u00e1n\u00bb<\/h3>\n<\/p>\n<\/section>\n<\/div>\n<div class=\"sc-a7166897-0 exHLBh\" readability=\"7\">\n<section readability=\"4\"><picture><img alt=\"Hincapi\u00e9: la oferta del Liverpool, cu\u00e1ndo cierra el mercado de pases y su recuperaci\u00f3n\" src=\"http:\/\/hoycordobaweb.com\/wp-content\/uploads\/2023\/08\/confirmado-kevin-rodriguez-firmo-con-el-union-saint-gilloise-de-belgica-8.jpg\" width=\"290\" height=\"290\" decoding=\"async\" data-nimg=\"future\" loading=\"lazy\"><\/picture>\n<p><span>Mir\u00e1 tambi\u00e9n<\/span><\/p>\n<hr>\n<h3>Hincapi\u00e9: la oferta del Liverpool, cu\u00e1ndo cierra el mercado de pases y su recuperaci\u00f3n<\/h3>\n<\/p>\n<\/section>\n<\/div>\n<\/div>\n","protected":false},"excerpt":{"rendered":"<p>30\/08\/2023 11:30hs. Actualizado al 30\/08\/2023 11:32hs. En poco m\u00e1s de un a\u00f1o la vida de Kevin Rodr\u00edguez dio un giro de 180 grados. El delantero ecuatoriano destac\u00f3 en la Copa Ecuador 2022 jugando para Imbabura, equipo con el que lograron eliminar a Liga de Quito con una gran actuaci\u00f3n del veloz atacante. Poco tiempo despu\u00e9s [&hellip;]<\/p>\n","protected":false},"author":1,"featured_media":65747,"comment_status":"open","ping_status":"closed","sticky":false,"template":"","format":"standard","meta":[],"categories":[16],"tags":[],"_links":{"self":[{"href":"http:\/\/hoycordobaweb.com\/index.php\/wp-json\/wp\/v2\/posts\/65746"}],"collection":[{"href":"http:\/\/hoycordobaweb.com\/index.php\/wp-json\/wp\/v2\/posts"}],"about":[{"href":"http:\/\/hoycordobaweb.com\/index.php\/wp-json\/wp\/v2\/types\/post"}],"author":[{"embeddable":true,"href":"http:\/\/hoycordobaweb.com\/index.php\/wp-json\/wp\/v2\/users\/1"}],"replies":[{"embeddable":true,"href":"http:\/\/hoycordobaweb.com\/index.php\/wp-json\/wp\/v2\/comments?post=65746"}],"version-history":[{"count":0,"href":"http:\/\/hoycordobaweb.com\/index.php\/wp-json\/wp\/v2\/posts\/65746\/revisions"}],"wp:featuredmedia":[{"embeddable":true,"href":"http:\/\/hoycordobaweb.com\/index.php\/wp-json\/wp\/v2\/media\/65747"}],"wp:attachment":[{"href":"http:\/\/hoycordobaweb.com\/index.php\/wp-json\/wp\/v2\/media?parent=65746"}],"wp:term":[{"taxonomy":"category","embeddable":true,"href":"http:\/\/hoycordobaweb.com\/index.php\/wp-json\/wp\/v2\/categories?post=65746"},{"taxonomy":"post_tag","embeddable":true,"href":"http:\/\/hoycordobaweb.com\/index.php\/wp-json\/wp\/v2\/tags?post=65746"}],"curies":[{"name":"wp","href":"https:\/\/api.w.org\/{rel}","templated":true}]}}