{"id":65703,"date":"2023-08-29T14:00:36","date_gmt":"2023-08-29T14:00:36","guid":{"rendered":"https:\/\/www.mujerhoy.com\/moda\/no-te-pierdas\/reina-letizia-look-comodo-zapatillas-blancas-despedida-sofia-20230829141147-nt.html"},"modified":"2023-08-29T14:00:36","modified_gmt":"2023-08-29T14:00:36","slug":"la-reina-letizia-se-despide-de-la-infanta-sofia-en-zapatillas-los-detalles-del-look-comodo-con-el-que-ha-sorprendido","status":"publish","type":"post","link":"http:\/\/hoycordobaweb.com\/index.php\/2023\/08\/29\/la-reina-letizia-se-despide-de-la-infanta-sofia-en-zapatillas-los-detalles-del-look-comodo-con-el-que-ha-sorprendido\/","title":{"rendered":"La reina Letizia se despide de la infanta Sof\u00eda en zapatillas: los detalles del look c\u00f3modo con el que ha sorprendido"},"content":{"rendered":"<p><!-- AUTHOR --><\/p>\n<div class=\"voc-author-timesocial \"><!-- AUTHOR --><\/p>\n<div class=\"voc-author-timesocial__signature\"><!-- IMAGE AUTHOR --><picture class=\"voc-image-signature\"><img class=\"voc-image-signature__img\" src=\"http:\/\/hoycordobaweb.com\/wp-content\/uploads\/2023\/08\/la-reina-letizia-se-despide-de-la-infanta-sofia-en-zapatillas-los-detalles-del-look-comodo-con-el-que-ha-sorprendido.jpg\" alt=\"Raquel Rodr\u00edguez\"><\/picture><!-- INFO AUTHOR --><\/div>\n<\/div>\n<p><!-- COMPONENTS --><\/p>\n<p class=\"voc-paragraph\">El af\u00e1n por hacer que <strong>la infanta Sof\u00eda <\/strong>siga los pasos de la princesa Leonor y tegan las misma oportunidades y privilegios, ha hecho que la hija peque\u00f1a de los reyes de Espa\u00f1a <a data-voc-vtm-id=\"in-text-traffic\" href=\"https:\/\/www.mujerhoy.com\/celebrities\/realeza\/infanta-sofia-internado-gales-bachillerato-polemica-futuro-trabajo-casa-real-leonor-20230829081316-nt.html\" title=\"www.mujerhoy.com\">ponga rumbo tambi\u00e9n a Gales<\/a>. Estudiar\u00e1 en el mismo colegio que su hermana y, como ocurri\u00f3 con la princesa hace dos a\u00f1os, tambi\u00e9n ha tenido una <strong>despedida en Zarzuela <\/strong>junto a sus padres.\n<\/p>\n<p class=\"voc-paragraph\">El rey Felipe VI y <a data-voc-vtm-id=\"in-text-traffic\" href=\"https:\/\/www.mujerhoy.com\/temas\/personajes\/reina-dona-letizia.html\" title=\"www.mujerhoy.com\">la reina Letizia <\/a>han dado el \u00faltimo adi\u00f3s a la infanta Sof\u00eda y la monarca ha sorprendido sacando <strong>su versi\u00f3n m\u00e1s c\u00f3moda<\/strong>. \u00a1Se ha puesto <strong>zapatillas<\/strong>! Un look casual y confortable del que tenemos todos los detalles y que ten\u00eda como protagonista a unas sneakers.\n<\/p>\n<p class=\"voc-paragraph\">La Casa Real ha difundido unas entra\u00f1ables im\u00e1genes de este \u00faltimo momento en familia. A las <strong>puertas de Zarzuela<\/strong>, los reyes se desped\u00edan de una infanta Sof\u00eda muy sonriente -y con un look informal que tampoco ha pasado desapercibido- que se marcha a estudiar lejos de casa.\n<\/p>\n<p class=\"voc-paragraph\">Y aunque el protagonista de estas fotograf\u00edas ha sido<br \/>\n<strong> Jan, el perro<\/strong> que tienen como mascota, lo cierto es que no hemos podido evitar fijarnos en el look escogido por la monarca. Y es que, hac\u00eda tiempo que no la ve\u00edamos sacar su versi\u00f3n m\u00e1s informal.\n<\/p>\n<div class=\"voc-detail__cmp\">\n<div class=\"voc-article-container\">\n<article class=\"voc-article voc-article--cmp-photo-text\" readability=\"26.5\">\n<div class=\"voc-img-container\" readability=\"8\"><picture>\n<div class=\"voc-horizontal voc-img-icon-link\"><img class=\"lazy adsviu_analyse\" loading=\"lazy\" data-original=\"\/\/static3.mujerhoy.com\/www\/multimedia\/202308\/29\/media\/cortadas\/perro-casa-real-letizia-kltG--624x624@MujerHoy.JPG\" alt=\"Los reyes y la infanta Sof\u00eda con Jan, el perro.\"><\/div>\n<\/picture>\n<p class=\"figure-caption \"> Los reyes y la infanta Sof\u00eda con Jan, el perro. \/ <span class=\"voc-photo-author\"> limited pictures <\/span><\/p>\n<\/div>\n<\/article>\n<\/div>\n<\/div>\n<p class=\"voc-paragraph\">El bonito labrador negro no ha conseguido que no hayamos tomado nota de las prendas escogidas para la ocasi\u00f3n por do\u00f1a Letizia. Y aunque la f\u00f3rmula de pantalones blancos con camiseta a juego y con una<br \/>\n<strong> blazer azul marino<\/strong> nos ha encantando, lo cierto es que las zapatillas han llamado nuestra atenci\u00f3n.\n<\/p>\n<p><h3 class=\"voc-detail__title\"> De d\u00f3nde son las prendas de la reina Letizia<br \/>\n<\/h3>\n<\/p>\n<p class=\"voc-paragraph\">Se trata de un estreno con el que ha demostrado que este tipo de calzado c\u00f3modo tambi\u00e9n<br \/>\n<strong> es apto para los estilos m\u00e1s cl\u00e1sicos<\/strong>. Solo te tienes que decantar por un blanco impoluto para conseguir estar de diez. Y nosotras ya estamos en b\u00fasqueda del dise\u00f1o escogido por la reina.\n<\/p>\n<div class=\"voc-detail__cmp\">\n<div class=\"voc-article-container\">\n<article class=\"voc-article voc-article--cmp-photo-text\" readability=\"26\">\n<div class=\"voc-img-container\" readability=\"7\"><picture>\n<div class=\"voc-horizontal voc-img-icon-link\"><img class=\"lazy adsviu_analyse\" loading=\"lazy\" data-original=\"\/\/static1.mujerhoy.com\/www\/multimedia\/202308\/29\/media\/cortadas\/despedida-sofia-letizia-kRwD--624x624@MujerHoy.JPG\" alt=\"Los reyes dicen adi\u00f3s a Sof\u00eda en Zarzuela.\"><\/div>\n<\/picture>\n<p class=\"figure-caption \"> Los reyes dicen adi\u00f3s a Sof\u00eda en Zarzuela. \/ <span class=\"voc-photo-author\"> limited pictures <\/span><\/p>\n<\/div>\n<\/article>\n<\/div>\n<\/div>\n<p class=\"voc-paragraph\">Mientras lo encontramos, te contamos que la americana con la que ha dado el toque formal al look la reina Letizia es un modelo de <strong>Hugo Boss<\/strong>. Y se trata de un dise\u00f1o confeccionado en tejido denim, con el que ha demostrado, una vez m\u00e1s, que la monarca sigue todas las tendencias del momento.\n<\/p>\n<p class=\"voc-paragraph\">Hace unos d\u00edas, te contamos que<br \/>\n<a data-voc-vtm-id=\"in-text-traffic\" href=\"https:\/\/www.mujerhoy.com\/moda\/no-te-pierdas\/chaqueta-entretiempo-blazer-denim-vaquera-massimo-dutti-tendencia-20230824082830-nt.html\" title=\"www.mujerhoy.com\"> las blazers vaqueras<\/a> est\u00e1n triunfando como chaqueta de entretiempo perfecta y la reina Letizia lo ha confirmado. El resto de predas son <strong>b\u00e1sicos <\/strong>que puedes encontrar f\u00e1cilmente en cualquier firma o que incluso puedes tener ya en el armario. \u00a1Nos encanta!\n<\/p>\n<p><!-- TOPICS --><\/p>\n","protected":false},"excerpt":{"rendered":"<p>El af\u00e1n por hacer que la infanta Sof\u00eda siga los pasos de la princesa Leonor y tegan las misma oportunidades y privilegios, ha hecho que la hija peque\u00f1a de los reyes de Espa\u00f1a ponga rumbo tambi\u00e9n a Gales. Estudiar\u00e1 en el mismo colegio que su hermana y, como ocurri\u00f3 con la princesa hace dos a\u00f1os, [&hellip;]<\/p>\n","protected":false},"author":1,"featured_media":65704,"comment_status":"closed","ping_status":"closed","sticky":false,"template":"","format":"standard","meta":[],"categories":[1],"tags":[],"_links":{"self":[{"href":"http:\/\/hoycordobaweb.com\/index.php\/wp-json\/wp\/v2\/posts\/65703"}],"collection":[{"href":"http:\/\/hoycordobaweb.com\/index.php\/wp-json\/wp\/v2\/posts"}],"about":[{"href":"http:\/\/hoycordobaweb.com\/index.php\/wp-json\/wp\/v2\/types\/post"}],"author":[{"embeddable":true,"href":"http:\/\/hoycordobaweb.com\/index.php\/wp-json\/wp\/v2\/users\/1"}],"replies":[{"embeddable":true,"href":"http:\/\/hoycordobaweb.com\/index.php\/wp-json\/wp\/v2\/comments?post=65703"}],"version-history":[{"count":0,"href":"http:\/\/hoycordobaweb.com\/index.php\/wp-json\/wp\/v2\/posts\/65703\/revisions"}],"wp:featuredmedia":[{"embeddable":true,"href":"http:\/\/hoycordobaweb.com\/index.php\/wp-json\/wp\/v2\/media\/65704"}],"wp:attachment":[{"href":"http:\/\/hoycordobaweb.com\/index.php\/wp-json\/wp\/v2\/media?parent=65703"}],"wp:term":[{"taxonomy":"category","embeddable":true,"href":"http:\/\/hoycordobaweb.com\/index.php\/wp-json\/wp\/v2\/categories?post=65703"},{"taxonomy":"post_tag","embeddable":true,"href":"http:\/\/hoycordobaweb.com\/index.php\/wp-json\/wp\/v2\/tags?post=65703"}],"curies":[{"name":"wp","href":"https:\/\/api.w.org\/{rel}","templated":true}]}}